{"id":987,"date":"2024-08-01T12:48:09","date_gmt":"2024-08-01T12:48:09","guid":{"rendered":"https:\/\/senhorafrutta.com.br\/index.php\/2024\/08\/01\/suinos-medias-sobem-por-tres-meses-consecutivos-diz-cepea\/"},"modified":"2024-08-01T12:48:09","modified_gmt":"2024-08-01T12:48:09","slug":"suinos-medias-sobem-por-tres-meses-consecutivos-diz-cepea","status":"publish","type":"post","link":"https:\/\/senhorafrutta.com.br\/index.php\/2024\/08\/01\/suinos-medias-sobem-por-tres-meses-consecutivos-diz-cepea\/","title":{"rendered":"Su\u00ednos: m\u00e9dias sobem por tr\u00eas meses consecutivos, diz Cepea"},"content":{"rendered":"<div>Foto: Sistema Faep<\/div>\n<p>Levantamentos do <strong><a href=\"https:\/\/www.canalrural.com.br\/tag\/cepea\/\">Cepea<\/a><\/strong> mostram que os pre\u00e7os m\u00e9dios mensais do su\u00edno vivo e da carne est\u00e3o em alta h\u00e1 tr\u00eas meses seguidos.\u00a0<\/p>\n<p>Em julho (at\u00e9 o dia 30), a m\u00e9dia do <strong><a href=\"https:\/\/www.canalrural.com.br\/pecuaria\/\">animal<\/a><\/strong> vivo \u00e9 a maior desde abril de 2021, em termos reais (deflacionamento pelo IGP-DI de junho\/24), em algumas pra\u00e7as acompanhadas pelo Cepea.\u00a0<\/p>\n<p><em>Confira na palma da m\u00e3o informa\u00e7\u00f5es quentes sobre agricultura, pecu\u00e1ria, economia e previs\u00e3o do tempo: <\/em><a href=\"https:\/\/www.whatsapp.com\/channel\/0029Va9VnZxGk1FplZjiW43k\"><strong>siga o Canal Rural no WhatsApp<\/strong><\/a>!<\/p>\n<p>Segundo pesquisadores, o impulso vem da maior procura por novos lotes de su\u00ednos para abate para atender \u00e0s demandas interna e externa.\u00a0<\/p>\n<p>Quanto \u00e0s exporta\u00e7\u00f5es, a m\u00e9dia di\u00e1ria nos primeiros 20 dias \u00fateis de julho \u00e9 de 5,2 mil toneladas de carne su\u00edna in natura, 10,5% acima da registrada no m\u00eas passado e 15,7% superior \u00e0 do mesmo per\u00edodo de 2023 \u2013 dados Secex.\u00a0<\/p>\n<p>Caso esse desempenho se mantenha, julho renovar\u00e1 o recorde de volume escoado, podendo alcan\u00e7ar 119,3 mil toneladas embarcadas no m\u00eas, considerando-se toda a s\u00e9rie hist\u00f3rica da Secex, iniciada em 1997.<\/p>\n<p><em>*Sob supervis\u00e3o de Henrique Almeida<\/em><\/p>\n<p>O post <a href=\"https:\/\/www.canalrural.com.br\/aves-e-suinos\/suinos-medias-sobem-por-tres-meses-consecutivos-diz-cepea\/\">Su\u00ednos: m\u00e9dias sobem por tr\u00eas meses consecutivos, diz Cepea<\/a> apareceu primeiro em <a href=\"https:\/\/www.canalrural.com.br\/\">Canal Rural<\/a>.<\/p>","protected":false},"excerpt":{"rendered":"<p>Foto: Sistema Faep Levantamentos do Cepea mostram que os pre\u00e7os m\u00e9dios mensais do su\u00edno vivo e da carne est\u00e3o em alta h\u00e1 tr\u00eas meses seguidos.\u00a0 Em julho (at\u00e9 o dia 30), a m\u00e9dia do animal vivo \u00e9 a maior desde abril de 2021, em termos reais (deflacionamento pelo IGP-DI de junho\/24), em algumas pra\u00e7as acompanhadas pelo Cepea.\u00a0 Confira na palma da m\u00e3o informa\u00e7\u00f5es quentes sobre agricultura, pecu\u00e1ria, economia e previs\u00e3o do tempo: siga o Canal Rural no WhatsApp! Segundo pesquisadores, o impulso vem da maior procura por novos lotes de su\u00ednos para abate para atender \u00e0s demandas interna e externa.\u00a0 Quanto \u00e0s exporta\u00e7\u00f5es, a m\u00e9dia di\u00e1ria nos primeiros 20 dias \u00fateis de julho \u00e9 de 5,2 mil toneladas de carne su\u00edna in natura, 10,5% acima da registrada no m\u00eas passado e 15,7% superior \u00e0 do mesmo per\u00edodo de 2023 \u2013 dados Secex.\u00a0 Caso esse desempenho se mantenha, julho renovar\u00e1 o recorde de volume escoado, podendo alcan\u00e7ar 119,3 mil toneladas embarcadas no m\u00eas, considerando-se toda a s\u00e9rie hist\u00f3rica da Secex, iniciada em 1997. *Sob supervis\u00e3o de Henrique Almeida O post Su\u00ednos: m\u00e9dias sobem por tr\u00eas meses consecutivos, diz Cepea apareceu primeiro em Canal Rural.<\/p>\n","protected":false},"author":0,"featured_media":0,"comment_status":"open","ping_status":"open","sticky":false,"template":"","format":"standard","meta":{"_monsterinsights_skip_tracking":false,"_monsterinsights_sitenote_active":false,"_monsterinsights_sitenote_note":"","_monsterinsights_sitenote_category":0,"footnotes":""},"categories":[1],"tags":[],"class_list":["post-987","post","type-post","status-publish","format-standard","hentry","category-agronegocio"],"_links":{"self":[{"href":"https:\/\/senhorafrutta.com.br\/index.php\/wp-json\/wp\/v2\/posts\/987","targetHints":{"allow":["GET"]}}],"collection":[{"href":"https:\/\/senhorafrutta.com.br\/index.php\/wp-json\/wp\/v2\/posts"}],"about":[{"href":"https:\/\/senhorafrutta.com.br\/index.php\/wp-json\/wp\/v2\/types\/post"}],"replies":[{"embeddable":true,"href":"https:\/\/senhorafrutta.com.br\/index.php\/wp-json\/wp\/v2\/comments?post=987"}],"version-history":[{"count":0,"href":"https:\/\/senhorafrutta.com.br\/index.php\/wp-json\/wp\/v2\/posts\/987\/revisions"}],"wp:attachment":[{"href":"https:\/\/senhorafrutta.com.br\/index.php\/wp-json\/wp\/v2\/media?parent=987"}],"wp:term":[{"taxonomy":"category","embeddable":true,"href":"https:\/\/senhorafrutta.com.br\/index.php\/wp-json\/wp\/v2\/categories?post=987"},{"taxonomy":"post_tag","embeddable":true,"href":"https:\/\/senhorafrutta.com.br\/index.php\/wp-json\/wp\/v2\/tags?post=987"}],"curies":[{"name":"wp","href":"https:\/\/api.w.org\/{rel}","templated":true}]}}