{"id":950,"date":"2024-07-30T19:08:12","date_gmt":"2024-07-30T19:08:12","guid":{"rendered":"https:\/\/senhorafrutta.com.br\/index.php\/2024\/07\/30\/aumento-de-co2-na-atmosfera-nasa-revela-impacto-global-em-2020\/"},"modified":"2024-07-30T19:08:12","modified_gmt":"2024-07-30T19:08:12","slug":"aumento-de-co2-na-atmosfera-nasa-revela-impacto-global-em-2020","status":"publish","type":"post","link":"https:\/\/senhorafrutta.com.br\/index.php\/2024\/07\/30\/aumento-de-co2-na-atmosfera-nasa-revela-impacto-global-em-2020\/","title":{"rendered":"Aumento de CO2 na atmosfera: Nasa revela impacto global em 2020"},"content":{"rendered":"<div>Foto: Canal Rural\/reprodu\u00e7\u00e3o<\/div>\n<p>A Nasa divulgou recentemente um estudo que utiliza dados de diferentes sat\u00e9lites para mapear a concentra\u00e7\u00e3o de di\u00f3xido de carbono (CO2) na atmosfera de janeiro a mar\u00e7o de 2020. O modelo mostra a atmosfera repleta de CO2, um ano marcado por um recorde de focos de inc\u00eandio em v\u00e1rias partes do mundo. <\/p>\n<div class=\"wp-block-embed__wrapper\">\n<\/div>\n<p><em>Confira na palma da m\u00e3o informa\u00e7\u00f5es quentes sobre agricultura, pecu\u00e1ria, economia e previs\u00e3o do tempo:<\/em><a href=\"https:\/\/whatsapp.com\/channel\/0029Va9VnZxGk1FplZjiW43k\"><em> <\/em><strong><em>siga o Canal Rural no WhatsApp!<\/em><\/strong><\/a><\/p>\n<p>Desde a era pr\u00e9-industrial, a libera\u00e7\u00e3o de CO2 praticamente dobrou, com pa\u00edses como China, Estados Unidos e regi\u00f5es do sul da \u00c1sia exibindo grandes concentra\u00e7\u00f5es desse g\u00e1s.<\/p>\n<p>\u201cA simula\u00e7\u00e3o da Nasa revela como o CO2 se distribui na atmosfera, sendo transportado por correntes de ar e impactando diferentes regi\u00f5es do planeta. Esse g\u00e1s \u00e9 emitido tanto por fontes naturais quanto por atividades humanas, especialmente ind\u00fastrias e inc\u00eandios florestais\u201d, comenta o meteorologista do Canal Rural, Arthur M\u00fcller. <\/p>\n<p>Imagens de sat\u00e9lite mostram densas nuvens de CO2 sobre \u00e1reas dos Estados Unidos, Europa e \u00c1sia. Na Am\u00e9rica do Sul, o cen\u00e1rio \u00e9 menos intenso, mas ainda assim preocupante. \u201cOs pa\u00edses mais industrializados s\u00e3o os maiores poluidores, contribuindo significativamente para o aumento das temperaturas globais\u201d, destacou M\u00fcller.<\/p>\n<p>A an\u00e1lise aponta para um futuro com poss\u00edveis restri\u00e7\u00f5es mais severas para controlar as emiss\u00f5es, especialmente em pa\u00edses altamente industrializados. \u201c\u00c9 crucial entender de onde vem esse carbono e como ele afeta o planeta. Sem uma a\u00e7\u00e3o coordenada, as consequ\u00eancias podem ser devastadoras\u201d, disse o meteorologista.<\/p>\n<p>O post <a href=\"https:\/\/www.canalrural.com.br\/tempo\/aumento-de-co2-na-atmosfera-nasa-revela-impacto-global-em-2020\/\">Aumento de CO2 na atmosfera: Nasa revela impacto global em 2020<\/a> apareceu primeiro em <a href=\"https:\/\/www.canalrural.com.br\/\">Canal Rural<\/a>.<\/p>","protected":false},"excerpt":{"rendered":"<p>Foto: Canal Rural\/reprodu\u00e7\u00e3o A Nasa divulgou recentemente um estudo que utiliza dados de diferentes sat\u00e9lites para mapear a concentra\u00e7\u00e3o de di\u00f3xido de carbono (CO2) na atmosfera de janeiro a mar\u00e7o de 2020. O modelo mostra a atmosfera repleta de CO2, um ano marcado por um recorde de focos de inc\u00eandio em v\u00e1rias partes do mundo. Confira na palma da m\u00e3o informa\u00e7\u00f5es quentes sobre agricultura, pecu\u00e1ria, economia e previs\u00e3o do tempo: siga o Canal Rural no WhatsApp! Desde a era pr\u00e9-industrial, a libera\u00e7\u00e3o de CO2 praticamente dobrou, com pa\u00edses como China, Estados Unidos e regi\u00f5es do sul da \u00c1sia exibindo grandes concentra\u00e7\u00f5es desse g\u00e1s. \u201cA simula\u00e7\u00e3o da Nasa revela como o CO2 se distribui na atmosfera, sendo transportado por correntes de ar e impactando diferentes regi\u00f5es do planeta. Esse g\u00e1s \u00e9 emitido tanto por fontes naturais quanto por atividades humanas, especialmente ind\u00fastrias e inc\u00eandios florestais\u201d, comenta o meteorologista do Canal Rural, Arthur M\u00fcller. Imagens de sat\u00e9lite mostram densas nuvens de CO2 sobre \u00e1reas dos Estados Unidos, Europa e \u00c1sia. Na Am\u00e9rica do Sul, o cen\u00e1rio \u00e9 menos intenso, mas ainda assim preocupante. \u201cOs pa\u00edses mais industrializados s\u00e3o os maiores poluidores, contribuindo significativamente para o aumento das temperaturas globais\u201d, destacou M\u00fcller. A an\u00e1lise aponta para um futuro com poss\u00edveis restri\u00e7\u00f5es mais severas para controlar as emiss\u00f5es, especialmente em pa\u00edses altamente industrializados. \u201c\u00c9 crucial entender de onde vem esse carbono e como ele afeta o planeta. Sem uma a\u00e7\u00e3o coordenada, as consequ\u00eancias podem ser devastadoras\u201d, disse o meteorologista. O post Aumento de CO2 na atmosfera: Nasa revela impacto global em 2020 apareceu primeiro em Canal Rural.<\/p>\n","protected":false},"author":0,"featured_media":0,"comment_status":"open","ping_status":"open","sticky":false,"template":"","format":"standard","meta":{"_monsterinsights_skip_tracking":false,"_monsterinsights_sitenote_active":false,"_monsterinsights_sitenote_note":"","_monsterinsights_sitenote_category":0,"footnotes":""},"categories":[1],"tags":[],"class_list":["post-950","post","type-post","status-publish","format-standard","hentry","category-agronegocio"],"_links":{"self":[{"href":"https:\/\/senhorafrutta.com.br\/index.php\/wp-json\/wp\/v2\/posts\/950","targetHints":{"allow":["GET"]}}],"collection":[{"href":"https:\/\/senhorafrutta.com.br\/index.php\/wp-json\/wp\/v2\/posts"}],"about":[{"href":"https:\/\/senhorafrutta.com.br\/index.php\/wp-json\/wp\/v2\/types\/post"}],"replies":[{"embeddable":true,"href":"https:\/\/senhorafrutta.com.br\/index.php\/wp-json\/wp\/v2\/comments?post=950"}],"version-history":[{"count":0,"href":"https:\/\/senhorafrutta.com.br\/index.php\/wp-json\/wp\/v2\/posts\/950\/revisions"}],"wp:attachment":[{"href":"https:\/\/senhorafrutta.com.br\/index.php\/wp-json\/wp\/v2\/media?parent=950"}],"wp:term":[{"taxonomy":"category","embeddable":true,"href":"https:\/\/senhorafrutta.com.br\/index.php\/wp-json\/wp\/v2\/categories?post=950"},{"taxonomy":"post_tag","embeddable":true,"href":"https:\/\/senhorafrutta.com.br\/index.php\/wp-json\/wp\/v2\/tags?post=950"}],"curies":[{"name":"wp","href":"https:\/\/api.w.org\/{rel}","templated":true}]}}