{"id":944,"date":"2024-07-30T22:14:44","date_gmt":"2024-07-30T22:14:44","guid":{"rendered":"https:\/\/senhorafrutta.com.br\/index.php\/2024\/07\/30\/expectativa-e-entrarmos-em-2025-com-saldo-positivo-de-vagas-de-trabalho-no-rs-diz-ministro\/"},"modified":"2024-07-30T22:14:44","modified_gmt":"2024-07-30T22:14:44","slug":"expectativa-e-entrarmos-em-2025-com-saldo-positivo-de-vagas-de-trabalho-no-rs-diz-ministro","status":"publish","type":"post","link":"https:\/\/senhorafrutta.com.br\/index.php\/2024\/07\/30\/expectativa-e-entrarmos-em-2025-com-saldo-positivo-de-vagas-de-trabalho-no-rs-diz-ministro\/","title":{"rendered":"\u2018Expectativa \u00e9 entrarmos em 2025 com saldo positivo de vagas de trabalho no RS\u2019, diz ministro"},"content":{"rendered":"<div>Foto: Marcelo Camargo\/Ag\u00eancia Brasil<\/div>\n<p>O ministro do Trabalho, Luiz Marinho, disse na tarde desta ter\u00e7a-feira (30), que esperava um saldo negativo maior de vagas de emprego no<strong><a href=\"https:\/\/www.canalrural.com.br\/nacional\/rio-grande-do-sul\/\"> Rio Grande do Sul<\/a><\/strong>. A expectativa, segundo ele, \u00e9 de que este pr\u00f3ximo semestre seja de ajuste e que a partir do ano que vem o saldo positivo comece a ser registrado no estado.<\/p>\n<p><em>Confira na palma da m\u00e3o informa\u00e7\u00f5es quentes sobre agricultura, pecu\u00e1ria, economia e previs\u00e3o do tempo:<\/em><a href=\"https:\/\/whatsapp.com\/channel\/0029Va9VnZxGk1FplZjiW43k\"><em> <\/em><strong><em>siga o Canal Rural no WhatsApp!<\/em><\/strong><\/a><\/p>\n<p>\u201cMe surpreendeu o n\u00famero de junho, achei que (negativo) seria maior que maio. Vamos observar o m\u00eas de julho, acho que ainda vai ficar negativo, mas uma tend\u00eancia \u00e9 de ir se recuperando. \u00c9 poss\u00edvel que j\u00e1 tenha setores estabilizados. Nossa expectativa \u00e9 de que em especial a partir dos projetos, gerando obras, especialmente na constru\u00e7\u00e3o civil, comece a recuperar e a gente entre no ano que vem de forma positiva\u201d, avaliou Marinho.<\/p>\n<p>Conforme os dados do Cadastro Geral de Empregados e Desempregados (Caged) divulgados h\u00e1 pouco, o Rio Grande do Sul registrou fechamento de 8.569 vagas em junho. Em maio, o fechamento foi de 22.180 vagas.<\/p>\n<p>O post <a href=\"https:\/\/www.canalrural.com.br\/economia\/caged-expectativa-e-entrarmos-em-2025-com-saldo-positivo-de-vagas-no-rs-diz-marinho\/\">\u2018Expectativa \u00e9 entrarmos em 2025 com saldo positivo de vagas de trabalho no RS\u2019, diz ministro<\/a> apareceu primeiro em <a href=\"https:\/\/www.canalrural.com.br\/\">Canal Rural<\/a>.<\/p>","protected":false},"excerpt":{"rendered":"<p>Foto: Marcelo Camargo\/Ag\u00eancia Brasil O ministro do Trabalho, Luiz Marinho, disse na tarde desta ter\u00e7a-feira (30), que esperava um saldo negativo maior de vagas de emprego no Rio Grande do Sul. A expectativa, segundo ele, \u00e9 de que este pr\u00f3ximo semestre seja de ajuste e que a partir do ano que vem o saldo positivo comece a ser registrado no estado. Confira na palma da m\u00e3o informa\u00e7\u00f5es quentes sobre agricultura, pecu\u00e1ria, economia e previs\u00e3o do tempo: siga o Canal Rural no WhatsApp! \u201cMe surpreendeu o n\u00famero de junho, achei que (negativo) seria maior que maio. Vamos observar o m\u00eas de julho, acho que ainda vai ficar negativo, mas uma tend\u00eancia \u00e9 de ir se recuperando. \u00c9 poss\u00edvel que j\u00e1 tenha setores estabilizados. Nossa expectativa \u00e9 de que em especial a partir dos projetos, gerando obras, especialmente na constru\u00e7\u00e3o civil, comece a recuperar e a gente entre no ano que vem de forma positiva\u201d, avaliou Marinho. Conforme os dados do Cadastro Geral de Empregados e Desempregados (Caged) divulgados h\u00e1 pouco, o Rio Grande do Sul registrou fechamento de 8.569 vagas em junho. Em maio, o fechamento foi de 22.180 vagas. O post \u2018Expectativa \u00e9 entrarmos em 2025 com saldo positivo de vagas de trabalho no RS\u2019, diz ministro apareceu primeiro em Canal Rural.<\/p>\n","protected":false},"author":0,"featured_media":0,"comment_status":"open","ping_status":"open","sticky":false,"template":"","format":"standard","meta":{"_monsterinsights_skip_tracking":false,"_monsterinsights_sitenote_active":false,"_monsterinsights_sitenote_note":"","_monsterinsights_sitenote_category":0,"footnotes":""},"categories":[1],"tags":[],"class_list":["post-944","post","type-post","status-publish","format-standard","hentry","category-agronegocio"],"_links":{"self":[{"href":"https:\/\/senhorafrutta.com.br\/index.php\/wp-json\/wp\/v2\/posts\/944","targetHints":{"allow":["GET"]}}],"collection":[{"href":"https:\/\/senhorafrutta.com.br\/index.php\/wp-json\/wp\/v2\/posts"}],"about":[{"href":"https:\/\/senhorafrutta.com.br\/index.php\/wp-json\/wp\/v2\/types\/post"}],"replies":[{"embeddable":true,"href":"https:\/\/senhorafrutta.com.br\/index.php\/wp-json\/wp\/v2\/comments?post=944"}],"version-history":[{"count":0,"href":"https:\/\/senhorafrutta.com.br\/index.php\/wp-json\/wp\/v2\/posts\/944\/revisions"}],"wp:attachment":[{"href":"https:\/\/senhorafrutta.com.br\/index.php\/wp-json\/wp\/v2\/media?parent=944"}],"wp:term":[{"taxonomy":"category","embeddable":true,"href":"https:\/\/senhorafrutta.com.br\/index.php\/wp-json\/wp\/v2\/categories?post=944"},{"taxonomy":"post_tag","embeddable":true,"href":"https:\/\/senhorafrutta.com.br\/index.php\/wp-json\/wp\/v2\/tags?post=944"}],"curies":[{"name":"wp","href":"https:\/\/api.w.org\/{rel}","templated":true}]}}