{"id":907,"date":"2024-07-28T18:03:00","date_gmt":"2024-07-28T18:03:00","guid":{"rendered":"https:\/\/senhorafrutta.com.br\/index.php\/2024\/07\/28\/safra-de-trigo-no-parana-deve-alcancar-3-61-milhoes-de-toneladas-do-grao\/"},"modified":"2024-07-28T18:03:00","modified_gmt":"2024-07-28T18:03:00","slug":"safra-de-trigo-no-parana-deve-alcancar-3-61-milhoes-de-toneladas-do-grao","status":"publish","type":"post","link":"https:\/\/senhorafrutta.com.br\/index.php\/2024\/07\/28\/safra-de-trigo-no-parana-deve-alcancar-3-61-milhoes-de-toneladas-do-grao\/","title":{"rendered":"Safra de trigo no Paran\u00e1 deve alcan\u00e7ar 3, 61 milh\u00f5es de toneladas do gr\u00e3o"},"content":{"rendered":"<div>Foto: AEN<\/div>\n<p>A estimativa para a <a href=\"https:\/\/www.canalrural.com.br\/tag\/trigo\/\"><strong>safra de trigo no Paran\u00e1<\/strong><\/a> de uma produ\u00e7\u00e3o de 3,61 milh\u00f5es de toneladas do gr\u00e3o neste ano. O volume representa um redu\u00e7\u00e3o de 1% frente \u00e0s 3,64 milh\u00f5es de toneladas colhidas no ano passado. Os dados s\u00e3o da Previs\u00e3o Subjetiva de Safra (PSS), divulgada nesta quinta-feira (25) pelo <a href=\"https:\/\/www.agricultura.pr.gov.br\/Pagina\/Departamento-de-Economia-Rural-Deral\"><strong>Departamento de Economia Rural (Deral)<\/strong><\/a>.<\/p>\n<p><em>Confira na palma da m\u00e3o informa\u00e7\u00f5es quentes sobre agricultura, pecu\u00e1ria, economia e previs\u00e3o do tempo:\u00a0<\/em><a href=\"https:\/\/www.whatsapp.com\/channel\/0029Va9VnZxGk1FplZjiW43k\"><strong>siga o Canal Rural no WhatsApp<\/strong><\/a>!<\/p>\n<p>A tend\u00eancia, determinada principalmente pelas condi\u00e7\u00f5es clim\u00e1ticas, \u00e9 de redu\u00e7\u00e3o de 1%. Na estimativa anterior, divulgada em junho, a perspectiva era de que se chegasse a 3,81 milh\u00f5es de toneladas. Como a estiagem se prolongou, particularmente no Norte, parte das lavouras teve o desenvolvimento ainda mais limitado e apresenta espigas menores.<\/p>\n<p>\u201cApesar dos indicativos de perda, cabe ressaltar que a colheita ainda n\u00e3o come\u00e7ou, o que torna dif\u00edcil a proje\u00e7\u00e3o com seguran\u00e7a do volume a ser obtido\u201d, disse o engenheiro agr\u00f4nomo Carlos Hugo Godinho. Segundo ele, as colheitadeiras devem entrar em campo a partir de agosto, iniciando pelas \u00e1reas que enfrentaram maior per\u00edodo de estiagem. \u201cA partir dos resultados dessas \u00e1reas haver\u00e1 maior confiabilidade nos n\u00fameros\u201d, refor\u00e7ou.<\/p>\n<p>Os demais gr\u00e3os de inverno foram menos impactados que o trigo, principal cultura deste per\u00edodo. Eles ainda podem apresentar produ\u00e7\u00f5es dentro do projetado inicialmente. A concentra\u00e7\u00e3o dessas lavouras est\u00e1 nas regi\u00f5es Sul e Sudoeste do Estado, onde a seca n\u00e3o foi t\u00e3o severa.<\/p>\n<h2 class=\"wp-block-heading\">Milho<\/h2>\n<p>A colheita do milho segunda safra 2023\/24 avan\u00e7a rapidamente, atingindo 76% da \u00e1rea de 2,5 milh\u00f5es de hectares. A m\u00e9dia das \u00faltimas dez safras era de 30% colhido em julho. \u201cUm percentual t\u00e3o expressivo como esse em julho nunca foi observado, mas nesta safra pode ser considerado normal, visto ter sido poss\u00edvel o plantio j\u00e1 no in\u00edcio do zoneamento agr\u00edcola, especialmente no Oeste do Estado, que tem pouco mais de um ter\u00e7o da \u00e1rea total de milho\u201d, afirmou o analista da cultura no Deral, Edmar Gerv\u00e1sio.<\/p>\n<p>No ano passado, o milho segunda safra ocupou 2,38 milh\u00f5es de hectares. Esse espa\u00e7o foi ampliado em 5% no atual ciclo, passando a 2,5 milh\u00f5es de hectares. Mesmo assim, a produ\u00e7\u00e3o estimada \u00e9 de 12,96 milh\u00f5es de toneladas, um decr\u00e9scimo de 9% em rela\u00e7\u00e3o \u00e0s 14,26 milh\u00f5es de toneladas de 2022\/23. \u201cApesar de o aumento de \u00e1rea ser relevante, as perdas causadas pelas condi\u00e7\u00f5es clim\u00e1ticas foram grandes\u201d, ponderou.<\/p>\n<p>O post <a href=\"https:\/\/www.canalrural.com.br\/agricultura\/trigo\/safra-de-trigo-no-parana-deve-alcancar-3-61-milhoes-de-toneladas-do-grao\/\">Safra de trigo no Paran\u00e1 deve alcan\u00e7ar 3, 61 milh\u00f5es de toneladas do gr\u00e3o<\/a> apareceu primeiro em <a href=\"https:\/\/www.canalrural.com.br\/\">Canal Rural<\/a>.<\/p>","protected":false},"excerpt":{"rendered":"<p>Foto: AEN A estimativa para a safra de trigo no Paran\u00e1 de uma produ\u00e7\u00e3o de 3,61 milh\u00f5es de toneladas do gr\u00e3o neste ano. O volume representa um redu\u00e7\u00e3o de 1% frente \u00e0s 3,64 milh\u00f5es de toneladas colhidas no ano passado. Os dados s\u00e3o da Previs\u00e3o Subjetiva de Safra (PSS), divulgada nesta quinta-feira (25) pelo Departamento de Economia Rural (Deral). Confira na palma da m\u00e3o informa\u00e7\u00f5es quentes sobre agricultura, pecu\u00e1ria, economia e previs\u00e3o do tempo:\u00a0siga o Canal Rural no WhatsApp! A tend\u00eancia, determinada principalmente pelas condi\u00e7\u00f5es clim\u00e1ticas, \u00e9 de redu\u00e7\u00e3o de 1%. Na estimativa anterior, divulgada em junho, a perspectiva era de que se chegasse a 3,81 milh\u00f5es de toneladas. Como a estiagem se prolongou, particularmente no Norte, parte das lavouras teve o desenvolvimento ainda mais limitado e apresenta espigas menores. \u201cApesar dos indicativos de perda, cabe ressaltar que a colheita ainda n\u00e3o come\u00e7ou, o que torna dif\u00edcil a proje\u00e7\u00e3o com seguran\u00e7a do volume a ser obtido\u201d, disse o engenheiro agr\u00f4nomo Carlos Hugo Godinho. Segundo ele, as colheitadeiras devem entrar em campo a partir de agosto, iniciando pelas \u00e1reas que enfrentaram maior per\u00edodo de estiagem. \u201cA partir dos resultados dessas \u00e1reas haver\u00e1 maior confiabilidade nos n\u00fameros\u201d, refor\u00e7ou. Os demais gr\u00e3os de inverno foram menos impactados que o trigo, principal cultura deste per\u00edodo. Eles ainda podem apresentar produ\u00e7\u00f5es dentro do projetado inicialmente. A concentra\u00e7\u00e3o dessas lavouras est\u00e1 nas regi\u00f5es Sul e Sudoeste do Estado, onde a seca n\u00e3o foi t\u00e3o severa. Milho A colheita do milho segunda safra 2023\/24 avan\u00e7a rapidamente, atingindo 76% da \u00e1rea de 2,5 milh\u00f5es de hectares. A m\u00e9dia das \u00faltimas dez safras era de 30% colhido em julho. \u201cUm percentual t\u00e3o expressivo como esse em julho nunca foi observado, mas nesta safra pode ser considerado normal, visto ter sido poss\u00edvel o plantio j\u00e1 no in\u00edcio do zoneamento agr\u00edcola, especialmente no Oeste do Estado, que tem pouco mais de um ter\u00e7o da \u00e1rea total de milho\u201d, afirmou o analista da cultura no Deral, Edmar Gerv\u00e1sio. No ano passado, o milho segunda safra ocupou 2,38 milh\u00f5es de hectares. Esse espa\u00e7o foi ampliado em 5% no atual ciclo, passando a 2,5 milh\u00f5es de hectares. Mesmo assim, a produ\u00e7\u00e3o estimada \u00e9 de 12,96 milh\u00f5es de toneladas, um decr\u00e9scimo de 9% em rela\u00e7\u00e3o \u00e0s 14,26 milh\u00f5es de toneladas de 2022\/23. \u201cApesar de o aumento de \u00e1rea ser relevante, as perdas causadas pelas condi\u00e7\u00f5es clim\u00e1ticas foram grandes\u201d, ponderou. O post Safra de trigo no Paran\u00e1 deve alcan\u00e7ar 3, 61 milh\u00f5es de toneladas do gr\u00e3o apareceu primeiro em Canal Rural.<\/p>\n","protected":false},"author":0,"featured_media":0,"comment_status":"open","ping_status":"open","sticky":false,"template":"","format":"standard","meta":{"_monsterinsights_skip_tracking":false,"_monsterinsights_sitenote_active":false,"_monsterinsights_sitenote_note":"","_monsterinsights_sitenote_category":0,"footnotes":""},"categories":[1],"tags":[],"class_list":["post-907","post","type-post","status-publish","format-standard","hentry","category-agronegocio"],"_links":{"self":[{"href":"https:\/\/senhorafrutta.com.br\/index.php\/wp-json\/wp\/v2\/posts\/907","targetHints":{"allow":["GET"]}}],"collection":[{"href":"https:\/\/senhorafrutta.com.br\/index.php\/wp-json\/wp\/v2\/posts"}],"about":[{"href":"https:\/\/senhorafrutta.com.br\/index.php\/wp-json\/wp\/v2\/types\/post"}],"replies":[{"embeddable":true,"href":"https:\/\/senhorafrutta.com.br\/index.php\/wp-json\/wp\/v2\/comments?post=907"}],"version-history":[{"count":0,"href":"https:\/\/senhorafrutta.com.br\/index.php\/wp-json\/wp\/v2\/posts\/907\/revisions"}],"wp:attachment":[{"href":"https:\/\/senhorafrutta.com.br\/index.php\/wp-json\/wp\/v2\/media?parent=907"}],"wp:term":[{"taxonomy":"category","embeddable":true,"href":"https:\/\/senhorafrutta.com.br\/index.php\/wp-json\/wp\/v2\/categories?post=907"},{"taxonomy":"post_tag","embeddable":true,"href":"https:\/\/senhorafrutta.com.br\/index.php\/wp-json\/wp\/v2\/tags?post=907"}],"curies":[{"name":"wp","href":"https:\/\/api.w.org\/{rel}","templated":true}]}}