{"id":882,"date":"2024-07-27T22:07:00","date_gmt":"2024-07-27T22:07:00","guid":{"rendered":"https:\/\/senhorafrutta.com.br\/index.php\/2024\/07\/27\/canal-rural-apresenta-a-trajetoria-da-familia-pradella-na-agricultura-brasileira\/"},"modified":"2024-07-27T22:07:00","modified_gmt":"2024-07-27T22:07:00","slug":"canal-rural-apresenta-a-trajetoria-da-familia-pradella-na-agricultura-brasileira","status":"publish","type":"post","link":"https:\/\/senhorafrutta.com.br\/index.php\/2024\/07\/27\/canal-rural-apresenta-a-trajetoria-da-familia-pradella-na-agricultura-brasileira\/","title":{"rendered":"Canal Rural apresenta a trajet\u00f3ria da fam\u00edlia Pradella na agricultura brasileira"},"content":{"rendered":"<div>Foto: Elza Fi\u00faza\/Ag\u00eancia Brasil<\/div>\n<div class=\"wp-block-embed__wrapper\">\n<\/div>\n<p>No pr\u00f3ximo domingo, dia 28 de julho, \u00e9 comemorado o Dia do Agricultor. Para marcar a data, o Canal Rural exibe a s\u00e9rie \u201c<strong>Agricultores do Brasil<\/strong>\u201c, que faz uma viagem por seis estados brasileiros, mostrando a constru\u00e7\u00e3o do perfil agr\u00e1rio no pa\u00eds. O primeiro epis\u00f3dio traz a trajet\u00f3ria da fam\u00edlia Pradella, que saiu do Paran\u00e1 e foi para a Bahia cultivar o solo.<\/p>\n<p>A fam\u00edlia Pradella tem suas ra\u00edzes na agricultura, com ascend\u00eancia italiana. A migra\u00e7\u00e3o para a Bahia ocorreu no final de 2000, com a implanta\u00e7\u00e3o inicial da cultura do arroz, seguida pela soja em 2002 e milho em 2005. A mudan\u00e7a trouxe in\u00fameros desafios, incluindo a falta de infraestrutura b\u00e1sica, como energia el\u00e9trica e \u00e1gua. O acesso a recursos e insumos era limitado, necessitando longas viagens at\u00e9 Barreiras.<\/p>\n<p>Com o tempo, a fam\u00edlia conseguiu superar essas dificuldades e prosperar. A terceira gera\u00e7\u00e3o da fam\u00edlia Pradella est\u00e1 se preparando para assumir os neg\u00f3cios, demonstrando o compromisso cont\u00ednuo com a agricultura sustent\u00e1vel, buscando utilizar os recursos naturais de forma respons\u00e1vel.<\/p>\n<p>Al\u00e9m da hist\u00f3ria dos Pradella, a s\u00e9rie tamb\u00e9m apresentar\u00e1 Terc\u00edlio Strapasson, de 90 anos, que migrou do Rio Grande do Sul para Mato Grosso, onde cultiva soja e milho em 1300 hectares.<\/p>\n<p>A s\u00e9rie \u201cAgricultores do Brasil\u201d promete oferecer um olhar aprofundado sobre a vida e os desafios enfrentados pelos agricultores em diversas regi\u00f5es do Brasil.<\/p>\n<p>O post <a href=\"https:\/\/www.canalrural.com.br\/agricultura\/canal-rural-apresenta-a-trajetoria-da-familia-pradella-na-agricultura-brasileira\/\">Canal Rural apresenta a trajet\u00f3ria da fam\u00edlia Pradella na agricultura brasileira<\/a> apareceu primeiro em <a href=\"https:\/\/www.canalrural.com.br\/\">Canal Rural<\/a>.<\/p>","protected":false},"excerpt":{"rendered":"<p>Foto: Elza Fi\u00faza\/Ag\u00eancia Brasil No pr\u00f3ximo domingo, dia 28 de julho, \u00e9 comemorado o Dia do Agricultor. Para marcar a data, o Canal Rural exibe a s\u00e9rie \u201cAgricultores do Brasil\u201c, que faz uma viagem por seis estados brasileiros, mostrando a constru\u00e7\u00e3o do perfil agr\u00e1rio no pa\u00eds. O primeiro epis\u00f3dio traz a trajet\u00f3ria da fam\u00edlia Pradella, que saiu do Paran\u00e1 e foi para a Bahia cultivar o solo. A fam\u00edlia Pradella tem suas ra\u00edzes na agricultura, com ascend\u00eancia italiana. A migra\u00e7\u00e3o para a Bahia ocorreu no final de 2000, com a implanta\u00e7\u00e3o inicial da cultura do arroz, seguida pela soja em 2002 e milho em 2005. A mudan\u00e7a trouxe in\u00fameros desafios, incluindo a falta de infraestrutura b\u00e1sica, como energia el\u00e9trica e \u00e1gua. O acesso a recursos e insumos era limitado, necessitando longas viagens at\u00e9 Barreiras. Com o tempo, a fam\u00edlia conseguiu superar essas dificuldades e prosperar. A terceira gera\u00e7\u00e3o da fam\u00edlia Pradella est\u00e1 se preparando para assumir os neg\u00f3cios, demonstrando o compromisso cont\u00ednuo com a agricultura sustent\u00e1vel, buscando utilizar os recursos naturais de forma respons\u00e1vel. Al\u00e9m da hist\u00f3ria dos Pradella, a s\u00e9rie tamb\u00e9m apresentar\u00e1 Terc\u00edlio Strapasson, de 90 anos, que migrou do Rio Grande do Sul para Mato Grosso, onde cultiva soja e milho em 1300 hectares. A s\u00e9rie \u201cAgricultores do Brasil\u201d promete oferecer um olhar aprofundado sobre a vida e os desafios enfrentados pelos agricultores em diversas regi\u00f5es do Brasil. O post Canal Rural apresenta a trajet\u00f3ria da fam\u00edlia Pradella na agricultura brasileira apareceu primeiro em Canal Rural.<\/p>\n","protected":false},"author":0,"featured_media":0,"comment_status":"open","ping_status":"open","sticky":false,"template":"","format":"standard","meta":{"_monsterinsights_skip_tracking":false,"_monsterinsights_sitenote_active":false,"_monsterinsights_sitenote_note":"","_monsterinsights_sitenote_category":0,"footnotes":""},"categories":[1],"tags":[],"class_list":["post-882","post","type-post","status-publish","format-standard","hentry","category-agronegocio"],"_links":{"self":[{"href":"https:\/\/senhorafrutta.com.br\/index.php\/wp-json\/wp\/v2\/posts\/882","targetHints":{"allow":["GET"]}}],"collection":[{"href":"https:\/\/senhorafrutta.com.br\/index.php\/wp-json\/wp\/v2\/posts"}],"about":[{"href":"https:\/\/senhorafrutta.com.br\/index.php\/wp-json\/wp\/v2\/types\/post"}],"replies":[{"embeddable":true,"href":"https:\/\/senhorafrutta.com.br\/index.php\/wp-json\/wp\/v2\/comments?post=882"}],"version-history":[{"count":0,"href":"https:\/\/senhorafrutta.com.br\/index.php\/wp-json\/wp\/v2\/posts\/882\/revisions"}],"wp:attachment":[{"href":"https:\/\/senhorafrutta.com.br\/index.php\/wp-json\/wp\/v2\/media?parent=882"}],"wp:term":[{"taxonomy":"category","embeddable":true,"href":"https:\/\/senhorafrutta.com.br\/index.php\/wp-json\/wp\/v2\/categories?post=882"},{"taxonomy":"post_tag","embeddable":true,"href":"https:\/\/senhorafrutta.com.br\/index.php\/wp-json\/wp\/v2\/tags?post=882"}],"curies":[{"name":"wp","href":"https:\/\/api.w.org\/{rel}","templated":true}]}}