{"id":843,"date":"2024-07-25T21:54:17","date_gmt":"2024-07-25T21:54:17","guid":{"rendered":"https:\/\/senhorafrutta.com.br\/index.php\/2024\/07\/25\/mercado-boi-no-brasil-precos-tem-acomodacao\/"},"modified":"2024-07-25T21:54:17","modified_gmt":"2024-07-25T21:54:17","slug":"mercado-boi-no-brasil-precos-tem-acomodacao","status":"publish","type":"post","link":"https:\/\/senhorafrutta.com.br\/index.php\/2024\/07\/25\/mercado-boi-no-brasil-precos-tem-acomodacao\/","title":{"rendered":"Mercado boi no Brasil: pre\u00e7os t\u00eam acomoda\u00e7\u00e3o"},"content":{"rendered":"<div>Foto: Minist\u00e9rio da Agricultura e Pecu\u00e1ria<\/div>\n<p>O <a href=\"https:\/\/www.canalrural.com.br\/tag\/boi\/\"><strong>mercado f\u00edsico do boi gordo<\/strong><\/a> se depara com uma certa acomoda\u00e7\u00e3o em seus pre\u00e7os, com espa\u00e7o limitado para melhora dos pre\u00e7os durante a primeira quinzena de agosto, per\u00edodo pautado por bom apelo ao consumo.<\/p>\n<p>\u201cComo ponto de inflex\u00e3o est\u00e1 a entrada de animais confinados no mercado, com grande incid\u00eancia de contratos a termo nesta temporada, oferecendo boa perspectiva para as escalas de abate dos frigor\u00edficos, em especial os de maior porte\u201d, disse o <a href=\"https:\/\/safras.com.br\/\"><strong>analista da Consultoria Safras &amp; Mercado, Fernando Henrique Iglesias<\/strong><\/a>.<\/p>\n<p>Em S\u00e3o Paulo, a refer\u00eancia m\u00e9dia para a arroba do boi ficou em R$ 229,27, na modalidade \u00e0 prazo. J\u00e1 em Goi\u00e1s, a indica\u00e7\u00e3o m\u00e9dia foi de R$ 221,18 para a arroba do boi gordo. Em Minas Gerais, a arroba teve pre\u00e7o m\u00e9dio de R$ 219,41. No Mato Grosso do Sul, a arroba foi indicada em R$ 220,64. No Mato Grosso, a arroba ficou indicada em R$ 208,73.<\/p>\n<h2 class=\"wp-block-heading\">Boi no atacado<\/h2>\n<p>O mercado atacadista apresenta pre\u00e7os em queda para a carne bovina. Segundo Iglesias, o ambiente de neg\u00f3cios ainda sugere pela continuidade do movimento no curto prazo, em um per\u00edodo mais fraco em termos de consumo (segunda quinzena do m\u00eas).<\/p>\n<p>A expectativa segue favor\u00e1vel em rela\u00e7\u00e3o \u00e0 primeira quinzena de agosto, per\u00edodo pautado por maior apelo ao consumo. Al\u00e9m da entrada dos sal\u00e1rios na economia, h\u00e1 o adicional de consumo relacionado ao Dia dos Pais.<\/p>\n<p>O quarto traseiro ainda \u00e9 precificado a R$ 17,20 por quilo. O quarto dianteiro segue no patamar de R$ 13,35 por quilo. A ponta de agulha cedeu ao patamar de R$ 12,60 por quilo, queda de R$ 0,10.<\/p>\n<p>O post <a href=\"https:\/\/www.canalrural.com.br\/pecuaria\/boi\/mercado-boi-no-brasil-precos-tem-acomodacao\/\">Mercado boi no Brasil: pre\u00e7os t\u00eam acomoda\u00e7\u00e3o<\/a> apareceu primeiro em <a href=\"https:\/\/www.canalrural.com.br\/\">Canal Rural<\/a>.<\/p>","protected":false},"excerpt":{"rendered":"<p>Foto: Minist\u00e9rio da Agricultura e Pecu\u00e1ria O mercado f\u00edsico do boi gordo se depara com uma certa acomoda\u00e7\u00e3o em seus pre\u00e7os, com espa\u00e7o limitado para melhora dos pre\u00e7os durante a primeira quinzena de agosto, per\u00edodo pautado por bom apelo ao consumo. \u201cComo ponto de inflex\u00e3o est\u00e1 a entrada de animais confinados no mercado, com grande incid\u00eancia de contratos a termo nesta temporada, oferecendo boa perspectiva para as escalas de abate dos frigor\u00edficos, em especial os de maior porte\u201d, disse o analista da Consultoria Safras &amp; Mercado, Fernando Henrique Iglesias. Em S\u00e3o Paulo, a refer\u00eancia m\u00e9dia para a arroba do boi ficou em R$ 229,27, na modalidade \u00e0 prazo. J\u00e1 em Goi\u00e1s, a indica\u00e7\u00e3o m\u00e9dia foi de R$ 221,18 para a arroba do boi gordo. Em Minas Gerais, a arroba teve pre\u00e7o m\u00e9dio de R$ 219,41. No Mato Grosso do Sul, a arroba foi indicada em R$ 220,64. No Mato Grosso, a arroba ficou indicada em R$ 208,73. Boi no atacado O mercado atacadista apresenta pre\u00e7os em queda para a carne bovina. Segundo Iglesias, o ambiente de neg\u00f3cios ainda sugere pela continuidade do movimento no curto prazo, em um per\u00edodo mais fraco em termos de consumo (segunda quinzena do m\u00eas). A expectativa segue favor\u00e1vel em rela\u00e7\u00e3o \u00e0 primeira quinzena de agosto, per\u00edodo pautado por maior apelo ao consumo. Al\u00e9m da entrada dos sal\u00e1rios na economia, h\u00e1 o adicional de consumo relacionado ao Dia dos Pais. O quarto traseiro ainda \u00e9 precificado a R$ 17,20 por quilo. O quarto dianteiro segue no patamar de R$ 13,35 por quilo. A ponta de agulha cedeu ao patamar de R$ 12,60 por quilo, queda de R$ 0,10. O post Mercado boi no Brasil: pre\u00e7os t\u00eam acomoda\u00e7\u00e3o apareceu primeiro em Canal Rural.<\/p>\n","protected":false},"author":0,"featured_media":0,"comment_status":"open","ping_status":"open","sticky":false,"template":"","format":"standard","meta":{"_monsterinsights_skip_tracking":false,"_monsterinsights_sitenote_active":false,"_monsterinsights_sitenote_note":"","_monsterinsights_sitenote_category":0,"footnotes":""},"categories":[1],"tags":[],"class_list":["post-843","post","type-post","status-publish","format-standard","hentry","category-agronegocio"],"_links":{"self":[{"href":"https:\/\/senhorafrutta.com.br\/index.php\/wp-json\/wp\/v2\/posts\/843","targetHints":{"allow":["GET"]}}],"collection":[{"href":"https:\/\/senhorafrutta.com.br\/index.php\/wp-json\/wp\/v2\/posts"}],"about":[{"href":"https:\/\/senhorafrutta.com.br\/index.php\/wp-json\/wp\/v2\/types\/post"}],"replies":[{"embeddable":true,"href":"https:\/\/senhorafrutta.com.br\/index.php\/wp-json\/wp\/v2\/comments?post=843"}],"version-history":[{"count":0,"href":"https:\/\/senhorafrutta.com.br\/index.php\/wp-json\/wp\/v2\/posts\/843\/revisions"}],"wp:attachment":[{"href":"https:\/\/senhorafrutta.com.br\/index.php\/wp-json\/wp\/v2\/media?parent=843"}],"wp:term":[{"taxonomy":"category","embeddable":true,"href":"https:\/\/senhorafrutta.com.br\/index.php\/wp-json\/wp\/v2\/categories?post=843"},{"taxonomy":"post_tag","embeddable":true,"href":"https:\/\/senhorafrutta.com.br\/index.php\/wp-json\/wp\/v2\/tags?post=843"}],"curies":[{"name":"wp","href":"https:\/\/api.w.org\/{rel}","templated":true}]}}