{"id":842,"date":"2024-07-26T01:01:15","date_gmt":"2024-07-26T01:01:15","guid":{"rendered":"https:\/\/senhorafrutta.com.br\/index.php\/2024\/07\/26\/interior-do-brasil-pede-por-chuva-mas-la-nina-vai-atrasar-umidade\/"},"modified":"2024-07-26T01:01:15","modified_gmt":"2024-07-26T01:01:15","slug":"interior-do-brasil-pede-por-chuva-mas-la-nina-vai-atrasar-umidade","status":"publish","type":"post","link":"https:\/\/senhorafrutta.com.br\/index.php\/2024\/07\/26\/interior-do-brasil-pede-por-chuva-mas-la-nina-vai-atrasar-umidade\/","title":{"rendered":"Interior do Brasil pede por chuva, mas La Ni\u00f1a vai atrasar umidade"},"content":{"rendered":"<div>Foto: Canal Rural\/reprodu\u00e7\u00e3o<\/div>\n<div class=\"wp-block-embed__wrapper\">\n<\/div>\n<p>A falta de chuvas est\u00e1 gerando grande preocupa\u00e7\u00e3o entre os agricultores do interior do Brasil. Lavouras de milho e sorgo sofrem com a estiagem prolongada, resultando em perdas significativas. Em Nuporanga (SP), a colheita do milho atingiu 90%, mas a produtividade est\u00e1 bem abaixo do esperado. Em <strong><a href=\"http:\/\/www.canalrural.com.br\/tag\/mato-grosso-do-sul\/\">Mato Grosso do Sul<\/a><\/strong>, algumas \u00e1reas est\u00e3o h\u00e1 100 dias sem chuva, enquanto em Goioer\u00ea (PR) a perda de produtividade do milho chega a 40% devido \u00e0 seca.<\/p>\n<p><em>Confira na palma da m\u00e3o informa\u00e7\u00f5es quentes sobre agricultura, pecu\u00e1ria, economia e previs\u00e3o do tempo:<\/em><a href=\"https:\/\/whatsapp.com\/channel\/0029Va9VnZxGk1FplZjiW43k\"><em> <\/em><strong><em>siga o Canal Rural no WhatsApp!<\/em><\/strong><\/a><\/p>\n<p>De acordo com a jornalista Luiza Cardoso, da Canal Rural, o fen\u00f4meno La Ni\u00f1a \u00e9 o principal respons\u00e1vel pelo atraso das chuvas. \u201cO La Ni\u00f1a ocorre quando as \u00e1guas do Oceano Pac\u00edfico Equatorial est\u00e3o mais frias do que o normal, afetando a circula\u00e7\u00e3o dos ventos e alterando os padr\u00f5es de chuva e temperatura em todo o mundo, incluindo o Brasil\u201d, diz.<\/p>\n<h3 class=\"wp-block-heading\">Impactos do fen\u00f4meno La Ni\u00f1a<\/h3>\n<p>Os mapas meteorol\u00f3gicos indicam que o fen\u00f4meno La Ni\u00f1a deve ganhar for\u00e7a at\u00e9 a primavera. \u201cAtualmente, estamos em um per\u00edodo de neutralidade, mas a partir de agosto, a La Ni\u00f1a come\u00e7a a influenciar o clima, podendo atrasar as chuvas na primavera, especialmente no Centro-Oeste e causar estiagens no Sul do Brasil durante o ver\u00e3o\u201d, destaca Luiza Cardoso.<\/p>\n<p>Nos \u00faltimos tr\u00eas anos, o Brasil enfrentou consecutivos epis\u00f3dios de La Ni\u00f1a, que causaram secas severas em v\u00e1rias regi\u00f5es produtoras do Sul. Ap\u00f3s um per\u00edodo de El Ni\u00f1o, que trouxe chuvas abundantes no ano passado, a volta do La Ni\u00f1a deve reduzir novamente o padr\u00e3o de chuvas na regi\u00e3o.<\/p>\n<h3 class=\"wp-block-heading\">Previs\u00e3o do tempo<\/h3>\n<p>As imagens de sat\u00e9lite indicam que a frente fria que avan\u00e7a pelo pa\u00eds n\u00e3o \u00e9 forte o suficiente para romper o bloqueio atmosf\u00e9rico, mantendo o tempo firme na maior parte do Brasil. \u201cH\u00e1 chuva apenas nas extremidades do pa\u00eds, como no Norte e na costa leste do Nordeste, de forma isolada e com volumes acumulados pouco significativos\u201d, comenta Luiza.<\/p>\n<p>As temperaturas continuam acima do normal, com m\u00e1ximas de 32 \u00b0C em Campo Grande (MS), 35 \u00b0C em Palmas (TO) e 27 \u00b0C em S\u00e3o Paulo. A umidade do solo est\u00e1 baixa em \u00e1reas de Mato Grosso, Goi\u00e1s e Mato Grosso do Sul, prejudicando a segunda safra do milho.<\/p>\n<h3 class=\"wp-block-heading\">Perspectivas para as pr\u00f3ximas semanas<\/h3>\n<p>Apesar da previs\u00e3o de uma frente fria rompendo o bloqueio atmosf\u00e9rico na virada do m\u00eas, as chuvas que devem ocorrer em Mato Grosso e Rond\u00f4nia n\u00e3o ser\u00e3o suficientes para reverter o d\u00e9ficit h\u00eddrico. <\/p>\n<p>\u201cA partir do per\u00edodo entre 5 e 9 de agosto, a chuva pode ser mais expressiva no Sul do Brasil\u201d, afirma Luiza. Contudo, a passagem da frente fria trar\u00e1 uma massa de ar frio, aumentando o risco de geada em \u00e1reas produtoras de Bag\u00e9, no Rio Grande do Sul, na pr\u00f3xima ter\u00e7a-feira (30).<\/p>\n<p>O post <a href=\"https:\/\/www.canalrural.com.br\/tempo\/interior-do-brasil-pede-por-chuva-mas-la-nina-vai-atrasar-umidade\/\">Interior do Brasil pede por chuva, mas La Ni\u00f1a vai atrasar umidade<\/a> apareceu primeiro em <a href=\"https:\/\/www.canalrural.com.br\/\">Canal Rural<\/a>.<\/p>","protected":false},"excerpt":{"rendered":"<p>Foto: Canal Rural\/reprodu\u00e7\u00e3o A falta de chuvas est\u00e1 gerando grande preocupa\u00e7\u00e3o entre os agricultores do interior do Brasil. Lavouras de milho e sorgo sofrem com a estiagem prolongada, resultando em perdas significativas. Em Nuporanga (SP), a colheita do milho atingiu 90%, mas a produtividade est\u00e1 bem abaixo do esperado. Em Mato Grosso do Sul, algumas \u00e1reas est\u00e3o h\u00e1 100 dias sem chuva, enquanto em Goioer\u00ea (PR) a perda de produtividade do milho chega a 40% devido \u00e0 seca. Confira na palma da m\u00e3o informa\u00e7\u00f5es quentes sobre agricultura, pecu\u00e1ria, economia e previs\u00e3o do tempo: siga o Canal Rural no WhatsApp! De acordo com a jornalista Luiza Cardoso, da Canal Rural, o fen\u00f4meno La Ni\u00f1a \u00e9 o principal respons\u00e1vel pelo atraso das chuvas. \u201cO La Ni\u00f1a ocorre quando as \u00e1guas do Oceano Pac\u00edfico Equatorial est\u00e3o mais frias do que o normal, afetando a circula\u00e7\u00e3o dos ventos e alterando os padr\u00f5es de chuva e temperatura em todo o mundo, incluindo o Brasil\u201d, diz. Impactos do fen\u00f4meno La Ni\u00f1a Os mapas meteorol\u00f3gicos indicam que o fen\u00f4meno La Ni\u00f1a deve ganhar for\u00e7a at\u00e9 a primavera. \u201cAtualmente, estamos em um per\u00edodo de neutralidade, mas a partir de agosto, a La Ni\u00f1a come\u00e7a a influenciar o clima, podendo atrasar as chuvas na primavera, especialmente no Centro-Oeste e causar estiagens no Sul do Brasil durante o ver\u00e3o\u201d, destaca Luiza Cardoso. Nos \u00faltimos tr\u00eas anos, o Brasil enfrentou consecutivos epis\u00f3dios de La Ni\u00f1a, que causaram secas severas em v\u00e1rias regi\u00f5es produtoras do Sul. Ap\u00f3s um per\u00edodo de El Ni\u00f1o, que trouxe chuvas abundantes no ano passado, a volta do La Ni\u00f1a deve reduzir novamente o padr\u00e3o de chuvas na regi\u00e3o. Previs\u00e3o do tempo As imagens de sat\u00e9lite indicam que a frente fria que avan\u00e7a pelo pa\u00eds n\u00e3o \u00e9 forte o suficiente para romper o bloqueio atmosf\u00e9rico, mantendo o tempo firme na maior parte do Brasil. \u201cH\u00e1 chuva apenas nas extremidades do pa\u00eds, como no Norte e na costa leste do Nordeste, de forma isolada e com volumes acumulados pouco significativos\u201d, comenta Luiza. As temperaturas continuam acima do normal, com m\u00e1ximas de 32 \u00b0C em Campo Grande (MS), 35 \u00b0C em Palmas (TO) e 27 \u00b0C em S\u00e3o Paulo. A umidade do solo est\u00e1 baixa em \u00e1reas de Mato Grosso, Goi\u00e1s e Mato Grosso do Sul, prejudicando a segunda safra do milho. Perspectivas para as pr\u00f3ximas semanas Apesar da previs\u00e3o de uma frente fria rompendo o bloqueio atmosf\u00e9rico na virada do m\u00eas, as chuvas que devem ocorrer em Mato Grosso e Rond\u00f4nia n\u00e3o ser\u00e3o suficientes para reverter o d\u00e9ficit h\u00eddrico. \u201cA partir do per\u00edodo entre 5 e 9 de agosto, a chuva pode ser mais expressiva no Sul do Brasil\u201d, afirma Luiza. Contudo, a passagem da frente fria trar\u00e1 uma massa de ar frio, aumentando o risco de geada em \u00e1reas produtoras de Bag\u00e9, no Rio Grande do Sul, na pr\u00f3xima ter\u00e7a-feira (30). O post Interior do Brasil pede por chuva, mas La Ni\u00f1a vai atrasar umidade apareceu primeiro em Canal Rural.<\/p>\n","protected":false},"author":0,"featured_media":0,"comment_status":"open","ping_status":"open","sticky":false,"template":"","format":"standard","meta":{"_monsterinsights_skip_tracking":false,"_monsterinsights_sitenote_active":false,"_monsterinsights_sitenote_note":"","_monsterinsights_sitenote_category":0,"footnotes":""},"categories":[1],"tags":[],"class_list":["post-842","post","type-post","status-publish","format-standard","hentry","category-agronegocio"],"_links":{"self":[{"href":"https:\/\/senhorafrutta.com.br\/index.php\/wp-json\/wp\/v2\/posts\/842","targetHints":{"allow":["GET"]}}],"collection":[{"href":"https:\/\/senhorafrutta.com.br\/index.php\/wp-json\/wp\/v2\/posts"}],"about":[{"href":"https:\/\/senhorafrutta.com.br\/index.php\/wp-json\/wp\/v2\/types\/post"}],"replies":[{"embeddable":true,"href":"https:\/\/senhorafrutta.com.br\/index.php\/wp-json\/wp\/v2\/comments?post=842"}],"version-history":[{"count":0,"href":"https:\/\/senhorafrutta.com.br\/index.php\/wp-json\/wp\/v2\/posts\/842\/revisions"}],"wp:attachment":[{"href":"https:\/\/senhorafrutta.com.br\/index.php\/wp-json\/wp\/v2\/media?parent=842"}],"wp:term":[{"taxonomy":"category","embeddable":true,"href":"https:\/\/senhorafrutta.com.br\/index.php\/wp-json\/wp\/v2\/categories?post=842"},{"taxonomy":"post_tag","embeddable":true,"href":"https:\/\/senhorafrutta.com.br\/index.php\/wp-json\/wp\/v2\/tags?post=842"}],"curies":[{"name":"wp","href":"https:\/\/api.w.org\/{rel}","templated":true}]}}