{"id":828,"date":"2024-07-24T18:53:32","date_gmt":"2024-07-24T18:53:32","guid":{"rendered":"https:\/\/senhorafrutta.com.br\/index.php\/2024\/07\/24\/agricultura-enfrenta-restricoes-orcamentarias-diz-secretario-do-mapa\/"},"modified":"2024-07-24T18:53:32","modified_gmt":"2024-07-24T18:53:32","slug":"agricultura-enfrenta-restricoes-orcamentarias-diz-secretario-do-mapa","status":"publish","type":"post","link":"https:\/\/senhorafrutta.com.br\/index.php\/2024\/07\/24\/agricultura-enfrenta-restricoes-orcamentarias-diz-secretario-do-mapa\/","title":{"rendered":"Agricultura enfrenta restri\u00e7\u00f5es or\u00e7ament\u00e1rias, diz secret\u00e1rio do Mapa"},"content":{"rendered":"<div><\/div>\n<p>O <a href=\"https:\/\/www.canalrural.com.br\/agricultura\/guilherme-campos-junior-e-nomeado-secretario-de-politica-agricola-da-agricultura\/#:~:text=O%20ex-deputado%20federal%20Guilherme,irregularidades%20no%20leil%C3%A3o%20de%20arroz.\"><strong>novo secret\u00e1rio de Pol\u00edtica Agr\u00edcola, Guilherme Campos J\u00fanior<\/strong><\/a>, afirmou que suas prioridades ser\u00e3o acompanhar a execu\u00e7\u00e3o do atual Plano Safra e elaborar a proposta para o pr\u00f3ximo. <\/p>\n<p>Em entrevista ao <a href=\"https:\/\/www.canalrural.com.br\/\"><strong>Canal Rural<\/strong><\/a>, ele destacou a miss\u00e3o de monitorar a implementa\u00e7\u00e3o das diretrizes para o setor do agroneg\u00f3cio e buscar solu\u00e7\u00f5es para os desafios financeiros.<\/p>\n<div class=\"wp-block-embed__wrapper\">\n<\/div>\n<p>Campos J\u00fanior enfatizou a necessidade de aten\u00e7\u00e3o \u00e0s restri\u00e7\u00f5es or\u00e7ament\u00e1rias que afetam o setor agr\u00edcola. <\/p>\n<p><em>Confira na palma da m\u00e3o informa\u00e7\u00f5es quentes sobre agricultura, pecu\u00e1ria, economia e previs\u00e3o do tempo:\u00a0<\/em><a href=\"https:\/\/www.whatsapp.com\/channel\/0029Va9VnZxGk1FplZjiW43k\"><strong>siga o Canal Rural no WhatsApp<\/strong><\/a>!<\/p>\n<p>Segundo ele, \u00e9 crucial garantir que o Plano Safra seja preservado na sua totalidade, apesar das limita\u00e7\u00f5es or\u00e7ament\u00e1rias que se agravam. <\/p>\n<p>O secret\u00e1rio ressaltou a import\u00e2ncia de buscar fontes de financiamento, inclusive internacionais, para superar essas restri\u00e7\u00f5es.<\/p>\n<p>O secret\u00e1rio tamb\u00e9m abordou a crescente demanda por seguro rural, agravada pelas varia\u00e7\u00f5es clim\u00e1ticas extremas. <\/p>\n<p>Ele reconheceu que eventos clim\u00e1ticos extremos aumentam o risco das atividades agr\u00edcolas, o que eleva os custos dos seguros. <\/p>\n<p>Para enfrentar esse desafio, Campos J\u00fanior defendeu a busca por alternativas que viabilizem o seguro rural de maneira mais eficiente.<\/p>\n<p>Sobre os produtores atingidos pelas enchentes no Rio Grande do Sul, Campos J\u00fanior mencionou a proposta de medida provis\u00f3ria para aux\u00edlio emergencial. Ele descreveu a cat\u00e1strofe como \u201cb\u00edblica\u201d e destacou a necessidade de solu\u00e7\u00f5es adequadas para enfrentar os impactos significativos nas produ\u00e7\u00f5es locais. <\/p>\n<p>O governo federal, segundo ele, est\u00e1 trabalhando para atender \u00e0s demandas dos produtores ga\u00fachos, que t\u00eam uma participa\u00e7\u00e3o significativa no agroneg\u00f3cio brasileiro.<\/p>\n<p>Campos J\u00fanior reconheceu as limita\u00e7\u00f5es de recursos e or\u00e7amento enfrentadas pela Secretaria de Pol\u00edtica Agr\u00edcola e pelo governo federal como um todo. Ele enfatizou a necessidade de lutar por recursos junto a outras \u00e1reas do governo, como sa\u00fade, educa\u00e7\u00e3o e infraestrutura, que tamb\u00e9m enfrentam desafios or\u00e7ament\u00e1rios. <\/p>\n<p>O post <a href=\"https:\/\/www.canalrural.com.br\/agricultura\/agricultura-enfrenta-restricoes-orcamentarias-diz-secretario-do-mapa\/\">Agricultura enfrenta restri\u00e7\u00f5es or\u00e7ament\u00e1rias, diz secret\u00e1rio do Mapa<\/a> apareceu primeiro em <a href=\"https:\/\/www.canalrural.com.br\/\">Canal Rural<\/a>.<\/p>","protected":false},"excerpt":{"rendered":"<p>O novo secret\u00e1rio de Pol\u00edtica Agr\u00edcola, Guilherme Campos J\u00fanior, afirmou que suas prioridades ser\u00e3o acompanhar a execu\u00e7\u00e3o do atual Plano Safra e elaborar a proposta para o pr\u00f3ximo. Em entrevista ao Canal Rural, ele destacou a miss\u00e3o de monitorar a implementa\u00e7\u00e3o das diretrizes para o setor do agroneg\u00f3cio e buscar solu\u00e7\u00f5es para os desafios financeiros. Campos J\u00fanior enfatizou a necessidade de aten\u00e7\u00e3o \u00e0s restri\u00e7\u00f5es or\u00e7ament\u00e1rias que afetam o setor agr\u00edcola. Confira na palma da m\u00e3o informa\u00e7\u00f5es quentes sobre agricultura, pecu\u00e1ria, economia e previs\u00e3o do tempo:\u00a0siga o Canal Rural no WhatsApp! Segundo ele, \u00e9 crucial garantir que o Plano Safra seja preservado na sua totalidade, apesar das limita\u00e7\u00f5es or\u00e7ament\u00e1rias que se agravam. O secret\u00e1rio ressaltou a import\u00e2ncia de buscar fontes de financiamento, inclusive internacionais, para superar essas restri\u00e7\u00f5es. O secret\u00e1rio tamb\u00e9m abordou a crescente demanda por seguro rural, agravada pelas varia\u00e7\u00f5es clim\u00e1ticas extremas. Ele reconheceu que eventos clim\u00e1ticos extremos aumentam o risco das atividades agr\u00edcolas, o que eleva os custos dos seguros. Para enfrentar esse desafio, Campos J\u00fanior defendeu a busca por alternativas que viabilizem o seguro rural de maneira mais eficiente. Sobre os produtores atingidos pelas enchentes no Rio Grande do Sul, Campos J\u00fanior mencionou a proposta de medida provis\u00f3ria para aux\u00edlio emergencial. Ele descreveu a cat\u00e1strofe como \u201cb\u00edblica\u201d e destacou a necessidade de solu\u00e7\u00f5es adequadas para enfrentar os impactos significativos nas produ\u00e7\u00f5es locais. O governo federal, segundo ele, est\u00e1 trabalhando para atender \u00e0s demandas dos produtores ga\u00fachos, que t\u00eam uma participa\u00e7\u00e3o significativa no agroneg\u00f3cio brasileiro. Campos J\u00fanior reconheceu as limita\u00e7\u00f5es de recursos e or\u00e7amento enfrentadas pela Secretaria de Pol\u00edtica Agr\u00edcola e pelo governo federal como um todo. Ele enfatizou a necessidade de lutar por recursos junto a outras \u00e1reas do governo, como sa\u00fade, educa\u00e7\u00e3o e infraestrutura, que tamb\u00e9m enfrentam desafios or\u00e7ament\u00e1rios. O post Agricultura enfrenta restri\u00e7\u00f5es or\u00e7ament\u00e1rias, diz secret\u00e1rio do Mapa apareceu primeiro em Canal Rural.<\/p>\n","protected":false},"author":0,"featured_media":829,"comment_status":"open","ping_status":"open","sticky":false,"template":"","format":"standard","meta":{"_monsterinsights_skip_tracking":false,"_monsterinsights_sitenote_active":false,"_monsterinsights_sitenote_note":"","_monsterinsights_sitenote_category":0,"footnotes":""},"categories":[1],"tags":[],"class_list":["post-828","post","type-post","status-publish","format-standard","has-post-thumbnail","hentry","category-agronegocio"],"_links":{"self":[{"href":"https:\/\/senhorafrutta.com.br\/index.php\/wp-json\/wp\/v2\/posts\/828","targetHints":{"allow":["GET"]}}],"collection":[{"href":"https:\/\/senhorafrutta.com.br\/index.php\/wp-json\/wp\/v2\/posts"}],"about":[{"href":"https:\/\/senhorafrutta.com.br\/index.php\/wp-json\/wp\/v2\/types\/post"}],"replies":[{"embeddable":true,"href":"https:\/\/senhorafrutta.com.br\/index.php\/wp-json\/wp\/v2\/comments?post=828"}],"version-history":[{"count":0,"href":"https:\/\/senhorafrutta.com.br\/index.php\/wp-json\/wp\/v2\/posts\/828\/revisions"}],"wp:featuredmedia":[{"embeddable":true,"href":"https:\/\/senhorafrutta.com.br\/index.php\/wp-json\/wp\/v2\/media\/829"}],"wp:attachment":[{"href":"https:\/\/senhorafrutta.com.br\/index.php\/wp-json\/wp\/v2\/media?parent=828"}],"wp:term":[{"taxonomy":"category","embeddable":true,"href":"https:\/\/senhorafrutta.com.br\/index.php\/wp-json\/wp\/v2\/categories?post=828"},{"taxonomy":"post_tag","embeddable":true,"href":"https:\/\/senhorafrutta.com.br\/index.php\/wp-json\/wp\/v2\/tags?post=828"}],"curies":[{"name":"wp","href":"https:\/\/api.w.org\/{rel}","templated":true}]}}