{"id":822,"date":"2024-07-24T20:32:49","date_gmt":"2024-07-24T20:32:49","guid":{"rendered":"https:\/\/senhorafrutta.com.br\/index.php\/2024\/07\/24\/forte-frente-fria-traz-inverno-de-volta-com-frio-e-chuva-saiba-quando\/"},"modified":"2024-07-24T20:32:49","modified_gmt":"2024-07-24T20:32:49","slug":"forte-frente-fria-traz-inverno-de-volta-com-frio-e-chuva-saiba-quando","status":"publish","type":"post","link":"https:\/\/senhorafrutta.com.br\/index.php\/2024\/07\/24\/forte-frente-fria-traz-inverno-de-volta-com-frio-e-chuva-saiba-quando\/","title":{"rendered":"Forte frente fria traz inverno \u2018de volta\u2019, com frio e chuva; saiba quando"},"content":{"rendered":"<div><\/div>\n<p>O inverno deve voltar a dar as caras no Brasil, ap\u00f3s um per\u00edodo de calor em grande parte do pa\u00eds. A passagem de uma forte frente fria est\u00e1 prevista pela <strong><a href=\"https:\/\/www.canalrural.com.br\/autor\/climatempo\/\">Climatempo <\/a><\/strong>para o fim deste m\u00eas, encerrando o ciclo de dias quentes e trazendo de volta as caracter\u00edsticas t\u00edpicas da esta\u00e7\u00e3o.<\/p>\n<p><em>Confira na palma da m\u00e3o informa\u00e7\u00f5es quentes sobre agricultura, pecu\u00e1ria, economia e previs\u00e3o do tempo:<\/em><a href=\"https:\/\/whatsapp.com\/channel\/0029Va9VnZxGk1FplZjiW43k\"><em> <\/em><strong><em>siga o Canal Rural no WhatsApp!<\/em><\/strong><\/a><\/p>\n<p>Nesta quinta-feira (25), o veranico que se estabilizou sobre o Brasil finalmente sai de cena. No entanto, ainda restar\u00e3o alguns dias quentes pela frente. O bloqueio atmosf\u00e9rico que estacionou a massa quente sobre o pa\u00eds deve come\u00e7ar a enfraquecer gradualmente. At\u00e9 que esse processo esteja completo, as temperaturas continuar\u00e3o se elevando \u00e0 tarde, mas n\u00e3o t\u00e3o intensamente como durante o veranico. <\/p>\n<p>Mesmo com o fim desse per\u00edodo, a sensa\u00e7\u00e3o de calor ainda ser\u00e1 presente em v\u00e1rias regi\u00f5es.<\/p>\n<h2 class=\"wp-block-heading\"><strong>Frente fria traz retorno da chuva<\/strong><\/h2>\n<p>O bloqueio atmosf\u00e9rico ser\u00e1 encerrado por uma forte frente fria, com caracter\u00edsticas mais continentais. De acordo com a Climatempo, essa frente fria ingressar\u00e1 no Rio Grande do Sul no pr\u00f3ximo domingo (28) e deve se deslocar em dire\u00e7\u00e3o \u00e0s outras regi\u00f5es brasileiras ao longo dos dias seguintes. <\/p>\n<p>A chuva trazida pela frente fria se concentrar\u00e1 principalmente na regi\u00e3o Sul. No Sudeste, as pancadas estar\u00e3o mais presentes no leste de S\u00e3o Paulo, no Rio de Janeiro e no sul do Esp\u00edrito Santo.<\/p>\n<h2 class=\"wp-block-heading\"><strong>Baixas temperaturas<\/strong><\/h2>\n<p>Al\u00e9m da t\u00e3o esperada chuva, a frente fria tamb\u00e9m trar\u00e1 queda nas temperaturas. Como o pr\u00f3prio nome sugere, essa frente fria \u00e9 uma massa de ar frio que deve contribuir para fechar julho e abrir agosto com as caracter\u00edsticas do inverno.<\/p>\n<p>A previs\u00e3o indica que, ap\u00f3s a passagem da frente fria, as temperaturas m\u00ednimas dever\u00e3o cair significativamente, especialmente no Sul e no Sudeste. Isso marcar\u00e1 um retorno \u00e0s condi\u00e7\u00f5es clim\u00e1ticas t\u00edpicas da esta\u00e7\u00e3o, com noites e madrugadas mais frias e a possibilidade de geadas em \u00e1reas mais elevadas e serranas.<\/p>\n<p>O post <a href=\"https:\/\/www.canalrural.com.br\/diversos\/forte-frente-fria-traz-inverno-de-volta-com-frio-e-chuva-saiba-quando\/\">Forte frente fria traz inverno \u2018de volta\u2019, com frio e chuva; saiba quando<\/a> apareceu primeiro em <a href=\"https:\/\/www.canalrural.com.br\/\">Canal Rural<\/a>.<\/p>","protected":false},"excerpt":{"rendered":"<p>O inverno deve voltar a dar as caras no Brasil, ap\u00f3s um per\u00edodo de calor em grande parte do pa\u00eds. A passagem de uma forte frente fria est\u00e1 prevista pela Climatempo para o fim deste m\u00eas, encerrando o ciclo de dias quentes e trazendo de volta as caracter\u00edsticas t\u00edpicas da esta\u00e7\u00e3o. Confira na palma da m\u00e3o informa\u00e7\u00f5es quentes sobre agricultura, pecu\u00e1ria, economia e previs\u00e3o do tempo: siga o Canal Rural no WhatsApp! Nesta quinta-feira (25), o veranico que se estabilizou sobre o Brasil finalmente sai de cena. No entanto, ainda restar\u00e3o alguns dias quentes pela frente. O bloqueio atmosf\u00e9rico que estacionou a massa quente sobre o pa\u00eds deve come\u00e7ar a enfraquecer gradualmente. At\u00e9 que esse processo esteja completo, as temperaturas continuar\u00e3o se elevando \u00e0 tarde, mas n\u00e3o t\u00e3o intensamente como durante o veranico. Mesmo com o fim desse per\u00edodo, a sensa\u00e7\u00e3o de calor ainda ser\u00e1 presente em v\u00e1rias regi\u00f5es. Frente fria traz retorno da chuva O bloqueio atmosf\u00e9rico ser\u00e1 encerrado por uma forte frente fria, com caracter\u00edsticas mais continentais. De acordo com a Climatempo, essa frente fria ingressar\u00e1 no Rio Grande do Sul no pr\u00f3ximo domingo (28) e deve se deslocar em dire\u00e7\u00e3o \u00e0s outras regi\u00f5es brasileiras ao longo dos dias seguintes. A chuva trazida pela frente fria se concentrar\u00e1 principalmente na regi\u00e3o Sul. No Sudeste, as pancadas estar\u00e3o mais presentes no leste de S\u00e3o Paulo, no Rio de Janeiro e no sul do Esp\u00edrito Santo. Baixas temperaturas Al\u00e9m da t\u00e3o esperada chuva, a frente fria tamb\u00e9m trar\u00e1 queda nas temperaturas. Como o pr\u00f3prio nome sugere, essa frente fria \u00e9 uma massa de ar frio que deve contribuir para fechar julho e abrir agosto com as caracter\u00edsticas do inverno. A previs\u00e3o indica que, ap\u00f3s a passagem da frente fria, as temperaturas m\u00ednimas dever\u00e3o cair significativamente, especialmente no Sul e no Sudeste. Isso marcar\u00e1 um retorno \u00e0s condi\u00e7\u00f5es clim\u00e1ticas t\u00edpicas da esta\u00e7\u00e3o, com noites e madrugadas mais frias e a possibilidade de geadas em \u00e1reas mais elevadas e serranas. O post Forte frente fria traz inverno \u2018de volta\u2019, com frio e chuva; saiba quando apareceu primeiro em Canal Rural.<\/p>\n","protected":false},"author":0,"featured_media":823,"comment_status":"open","ping_status":"open","sticky":false,"template":"","format":"standard","meta":{"_monsterinsights_skip_tracking":false,"_monsterinsights_sitenote_active":false,"_monsterinsights_sitenote_note":"","_monsterinsights_sitenote_category":0,"footnotes":""},"categories":[1],"tags":[],"class_list":["post-822","post","type-post","status-publish","format-standard","has-post-thumbnail","hentry","category-agronegocio"],"_links":{"self":[{"href":"https:\/\/senhorafrutta.com.br\/index.php\/wp-json\/wp\/v2\/posts\/822","targetHints":{"allow":["GET"]}}],"collection":[{"href":"https:\/\/senhorafrutta.com.br\/index.php\/wp-json\/wp\/v2\/posts"}],"about":[{"href":"https:\/\/senhorafrutta.com.br\/index.php\/wp-json\/wp\/v2\/types\/post"}],"replies":[{"embeddable":true,"href":"https:\/\/senhorafrutta.com.br\/index.php\/wp-json\/wp\/v2\/comments?post=822"}],"version-history":[{"count":0,"href":"https:\/\/senhorafrutta.com.br\/index.php\/wp-json\/wp\/v2\/posts\/822\/revisions"}],"wp:featuredmedia":[{"embeddable":true,"href":"https:\/\/senhorafrutta.com.br\/index.php\/wp-json\/wp\/v2\/media\/823"}],"wp:attachment":[{"href":"https:\/\/senhorafrutta.com.br\/index.php\/wp-json\/wp\/v2\/media?parent=822"}],"wp:term":[{"taxonomy":"category","embeddable":true,"href":"https:\/\/senhorafrutta.com.br\/index.php\/wp-json\/wp\/v2\/categories?post=822"},{"taxonomy":"post_tag","embeddable":true,"href":"https:\/\/senhorafrutta.com.br\/index.php\/wp-json\/wp\/v2\/tags?post=822"}],"curies":[{"name":"wp","href":"https:\/\/api.w.org\/{rel}","templated":true}]}}