{"id":816,"date":"2024-07-24T22:30:00","date_gmt":"2024-07-24T22:30:00","guid":{"rendered":"https:\/\/senhorafrutta.com.br\/index.php\/2024\/07\/24\/ministro-da-agricultura-discute-medidas-emergenciais-para-reestruturacao-do-inmet\/"},"modified":"2024-07-24T22:30:00","modified_gmt":"2024-07-24T22:30:00","slug":"ministro-da-agricultura-discute-medidas-emergenciais-para-reestruturacao-do-inmet","status":"publish","type":"post","link":"https:\/\/senhorafrutta.com.br\/index.php\/2024\/07\/24\/ministro-da-agricultura-discute-medidas-emergenciais-para-reestruturacao-do-inmet\/","title":{"rendered":"Ministro da Agricultura discute medidas emergenciais para reestrutura\u00e7\u00e3o do Inmet"},"content":{"rendered":"<div><\/div>\n<p>O ministro da Agricultura, Carlos F\u00e1varo, se reuniu nesta quarta-feira, 23, com o diretor do <a href=\"https:\/\/portal.inmet.gov.br\/#satelite\">Instituto Nacional de Meteorologia (Inmet), Naur Pontes<\/a>, para discutir a reestrutura\u00e7\u00e3o do \u00f3rg\u00e3o. Em publica\u00e7\u00e3o nas redes sociais, F\u00e1varo disse que debateu os pr\u00f3ximos passos do plano do instituto. \u201cEstamos empenhados em promover a inova\u00e7\u00e3o e moderniza\u00e7\u00e3o do Inmet por meio de um plano de a\u00e7\u00e3o baseado em tr\u00eas pilares fundamentais: pessoal, processos e estrutura\u201d, escreveu F\u00e1varo na publica\u00e7\u00e3o.<\/p>\n<p>O ministro afirmou ainda que a pasta estrutura a\u00e7\u00f5es de curto prazo com a implementa\u00e7\u00e3o de medidas emergenciais para \u201cgarantir a continuidade das opera\u00e7\u00f5es e a reorganiza\u00e7\u00e3o das atividades\u201d. \u201cTemos a\u00e7\u00f5es de m\u00e9dio prazo com foco na otimiza\u00e7\u00e3o dos processos administrativos, log\u00edsticos e or\u00e7ament\u00e1rios para preparar o Inmet para o futuro; e a\u00e7\u00f5es de longo prazo para acompanhamento das implementa\u00e7\u00f5es realizadas e a nomea\u00e7\u00e3o e distribui\u00e7\u00e3o dos novos servidores que ingressarem na administra\u00e7\u00e3o p\u00fablica federal por meio Concurso P\u00fablico Nacional Unificado (CNU)\u201d, acrescentou o ministro.<\/p>\n<p>A reestrutura\u00e7\u00e3o da pasta entrou no rol das prioridades do minist\u00e9rio em meio \u00e0s dificuldades de atua\u00e7\u00e3o do instituto em termos de recursos e equipe. Servidores do Inmet afirmam que o instituto demanda interven\u00e7\u00e3o para n\u00e3o haver paralisa\u00e7\u00e3o dos servi\u00e7os de meteorologia.<\/p>\n<p>O post <a href=\"https:\/\/www.canalrural.com.br\/agricultura\/ministro-da-agricultura-discute-medidas-emergenciais-para-reestruturacao-do-inmet\/\">Ministro da Agricultura discute medidas emergenciais para reestrutura\u00e7\u00e3o do Inmet<\/a> apareceu primeiro em <a href=\"https:\/\/www.canalrural.com.br\/\">Canal Rural<\/a>.<\/p>","protected":false},"excerpt":{"rendered":"<p>O ministro da Agricultura, Carlos F\u00e1varo, se reuniu nesta quarta-feira, 23, com o diretor do Instituto Nacional de Meteorologia (Inmet), Naur Pontes, para discutir a reestrutura\u00e7\u00e3o do \u00f3rg\u00e3o. Em publica\u00e7\u00e3o nas redes sociais, F\u00e1varo disse que debateu os pr\u00f3ximos passos do plano do instituto. \u201cEstamos empenhados em promover a inova\u00e7\u00e3o e moderniza\u00e7\u00e3o do Inmet por meio de um plano de a\u00e7\u00e3o baseado em tr\u00eas pilares fundamentais: pessoal, processos e estrutura\u201d, escreveu F\u00e1varo na publica\u00e7\u00e3o. O ministro afirmou ainda que a pasta estrutura a\u00e7\u00f5es de curto prazo com a implementa\u00e7\u00e3o de medidas emergenciais para \u201cgarantir a continuidade das opera\u00e7\u00f5es e a reorganiza\u00e7\u00e3o das atividades\u201d. \u201cTemos a\u00e7\u00f5es de m\u00e9dio prazo com foco na otimiza\u00e7\u00e3o dos processos administrativos, log\u00edsticos e or\u00e7ament\u00e1rios para preparar o Inmet para o futuro; e a\u00e7\u00f5es de longo prazo para acompanhamento das implementa\u00e7\u00f5es realizadas e a nomea\u00e7\u00e3o e distribui\u00e7\u00e3o dos novos servidores que ingressarem na administra\u00e7\u00e3o p\u00fablica federal por meio Concurso P\u00fablico Nacional Unificado (CNU)\u201d, acrescentou o ministro. A reestrutura\u00e7\u00e3o da pasta entrou no rol das prioridades do minist\u00e9rio em meio \u00e0s dificuldades de atua\u00e7\u00e3o do instituto em termos de recursos e equipe. Servidores do Inmet afirmam que o instituto demanda interven\u00e7\u00e3o para n\u00e3o haver paralisa\u00e7\u00e3o dos servi\u00e7os de meteorologia. O post Ministro da Agricultura discute medidas emergenciais para reestrutura\u00e7\u00e3o do Inmet apareceu primeiro em Canal Rural.<\/p>\n","protected":false},"author":0,"featured_media":817,"comment_status":"open","ping_status":"open","sticky":false,"template":"","format":"standard","meta":{"_monsterinsights_skip_tracking":false,"_monsterinsights_sitenote_active":false,"_monsterinsights_sitenote_note":"","_monsterinsights_sitenote_category":0,"footnotes":""},"categories":[1],"tags":[],"class_list":["post-816","post","type-post","status-publish","format-standard","has-post-thumbnail","hentry","category-agronegocio"],"_links":{"self":[{"href":"https:\/\/senhorafrutta.com.br\/index.php\/wp-json\/wp\/v2\/posts\/816","targetHints":{"allow":["GET"]}}],"collection":[{"href":"https:\/\/senhorafrutta.com.br\/index.php\/wp-json\/wp\/v2\/posts"}],"about":[{"href":"https:\/\/senhorafrutta.com.br\/index.php\/wp-json\/wp\/v2\/types\/post"}],"replies":[{"embeddable":true,"href":"https:\/\/senhorafrutta.com.br\/index.php\/wp-json\/wp\/v2\/comments?post=816"}],"version-history":[{"count":0,"href":"https:\/\/senhorafrutta.com.br\/index.php\/wp-json\/wp\/v2\/posts\/816\/revisions"}],"wp:featuredmedia":[{"embeddable":true,"href":"https:\/\/senhorafrutta.com.br\/index.php\/wp-json\/wp\/v2\/media\/817"}],"wp:attachment":[{"href":"https:\/\/senhorafrutta.com.br\/index.php\/wp-json\/wp\/v2\/media?parent=816"}],"wp:term":[{"taxonomy":"category","embeddable":true,"href":"https:\/\/senhorafrutta.com.br\/index.php\/wp-json\/wp\/v2\/categories?post=816"},{"taxonomy":"post_tag","embeddable":true,"href":"https:\/\/senhorafrutta.com.br\/index.php\/wp-json\/wp\/v2\/tags?post=816"}],"curies":[{"name":"wp","href":"https:\/\/api.w.org\/{rel}","templated":true}]}}