{"id":812,"date":"2024-07-25T08:01:00","date_gmt":"2024-07-25T08:01:00","guid":{"rendered":"https:\/\/senhorafrutta.com.br\/index.php\/2024\/07\/25\/previsao-do-tempo-chuva-retorna-ao-sul-com-avanco-de-frente-fria\/"},"modified":"2024-07-25T08:01:00","modified_gmt":"2024-07-25T08:01:00","slug":"previsao-do-tempo-chuva-retorna-ao-sul-com-avanco-de-frente-fria","status":"publish","type":"post","link":"https:\/\/senhorafrutta.com.br\/index.php\/2024\/07\/25\/previsao-do-tempo-chuva-retorna-ao-sul-com-avanco-de-frente-fria\/","title":{"rendered":"Previs\u00e3o do tempo: chuva retorna ao Sul com avan\u00e7o de frente fria"},"content":{"rendered":"<div><\/div>\n<p>Nos pr\u00f3ximos 15 dias, uma frente fria avan\u00e7ar\u00e1 sobre a regi\u00e3o Sul, trazendo chuvas para o Rio Grande do Sul e Santa Catarina. De acordo com o meteorologista do Canal Rural, Arthur M\u00fcller, h\u00e1 risco de trovoadas, mas sem previs\u00e3o de tempo severo. Os volumes de chuva est\u00e3o estimados entre 15 e 20 mm, o que n\u00e3o deve prejudicar os trabalhos no campo.<\/p>\n<p><em>Confira na palma da m\u00e3o informa\u00e7\u00f5es quentes sobre agricultura, pecu\u00e1ria, economia e previs\u00e3o do tempo:<\/em><a href=\"https:\/\/whatsapp.com\/channel\/0029Va9VnZxGk1FplZjiW43k\"><em> <\/em><strong><em>siga o Canal Rural no WhatsApp!<\/em><\/strong><\/a><\/p>\n<h3 class=\"wp-block-heading\">Previs\u00e3o por regi\u00f5es:<\/h3>\n<h3 class=\"wp-block-heading\"><strong>Sul<\/strong><\/h3>\n<p>A frente fria trar\u00e1 chuvas ao <strong><a href=\"https:\/\/www.canalrural.com.br\/nacional\/rio-grande-do-sul\/\">Rio Grande do Sul<\/a><\/strong> e Santa Catarina.<\/p>\n<p>Risco de trovoadas, mas sem previs\u00e3o de tempo severo.<\/p>\n<p>Volume de chuva entre 15 a 20 mm.<\/p>\n<h3 class=\"wp-block-heading\"><strong>Sudeste<\/strong><\/h3>\n<p>O tempo permanece quente e seco.<\/p>\n<p>A partir da virada do m\u00eas, uma nova frente fria romper\u00e1 o bloqueio e trar\u00e1 chuvas mal distribu\u00eddas a S\u00e3o Paulo e centro-sul de Minas Gerais, com volumes ainda baixos.<\/p>\n<h3 class=\"wp-block-heading\">Centro-Oeste<\/h3>\n<p>Chuva come\u00e7ar\u00e1 a aparecer no oeste de Mato Grosso \u2013 e tamb\u00e9m em Rond\u00f4nia e Acre, na regi\u00e3o Norte \u2013 , com volumes entre 15 e 20 mm.<\/p>\n<p>Previs\u00e3o de aumento na umidade relativa do ar, ajudando a diminuir o risco de inc\u00eandios.<\/p>\n<h3 class=\"wp-block-heading\"><strong>Nordeste<\/strong><\/h3>\n<p>O cen\u00e1rio permanece inalterado, com chuvas concentradas no litoral.<\/p>\n<p>Volume de chuva previsto de 30 mm na pr\u00f3xima semana.<\/p>\n<h3 class=\"wp-block-heading\"><strong>Norte<\/strong><\/h3>\n<p>Chuva concentrada na faixa norte do pa\u00eds.<\/p>\n<p>Previs\u00e3o de 30 mm de chuva na pr\u00f3xima semana.<\/p>\n<h3 class=\"wp-block-heading\">Rompimento do bloqueio atmosf\u00e9rico<\/h3>\n<p>Com o rompimento do bloqueio atmosf\u00e9rico, espera-se uma chuva mais volumosa no Paran\u00e1, S\u00e3o Paulo, Mato Grosso do Sul e \u00e1reas do oeste de Mato Grosso, com volumes acumulados que podem chegar a 20 mm. <\/p>\n<p>Embora essa chuva n\u00e3o resolva a situa\u00e7\u00e3o h\u00eddrica, ajudar\u00e1 a aumentar a umidade relativa do ar e a diminuir o risco de inc\u00eandios, especialmente no Acre e em Rond\u00f4nia.<\/p>\n<p>O post <a href=\"https:\/\/www.canalrural.com.br\/tempo\/previsao-do-tempo-chuva-retorna-ao-sul-com-avanco-de-frente-fria\/\">Previs\u00e3o do tempo: chuva retorna ao Sul com avan\u00e7o de frente fria<\/a> apareceu primeiro em <a href=\"https:\/\/www.canalrural.com.br\/\">Canal Rural<\/a>.<\/p>","protected":false},"excerpt":{"rendered":"<p>Nos pr\u00f3ximos 15 dias, uma frente fria avan\u00e7ar\u00e1 sobre a regi\u00e3o Sul, trazendo chuvas para o Rio Grande do Sul e Santa Catarina. De acordo com o meteorologista do Canal Rural, Arthur M\u00fcller, h\u00e1 risco de trovoadas, mas sem previs\u00e3o de tempo severo. Os volumes de chuva est\u00e3o estimados entre 15 e 20 mm, o que n\u00e3o deve prejudicar os trabalhos no campo. Confira na palma da m\u00e3o informa\u00e7\u00f5es quentes sobre agricultura, pecu\u00e1ria, economia e previs\u00e3o do tempo: siga o Canal Rural no WhatsApp! Previs\u00e3o por regi\u00f5es: Sul A frente fria trar\u00e1 chuvas ao Rio Grande do Sul e Santa Catarina. Risco de trovoadas, mas sem previs\u00e3o de tempo severo. Volume de chuva entre 15 a 20 mm. Sudeste O tempo permanece quente e seco. A partir da virada do m\u00eas, uma nova frente fria romper\u00e1 o bloqueio e trar\u00e1 chuvas mal distribu\u00eddas a S\u00e3o Paulo e centro-sul de Minas Gerais, com volumes ainda baixos. Centro-Oeste Chuva come\u00e7ar\u00e1 a aparecer no oeste de Mato Grosso \u2013 e tamb\u00e9m em Rond\u00f4nia e Acre, na regi\u00e3o Norte \u2013 , com volumes entre 15 e 20 mm. Previs\u00e3o de aumento na umidade relativa do ar, ajudando a diminuir o risco de inc\u00eandios. Nordeste O cen\u00e1rio permanece inalterado, com chuvas concentradas no litoral. Volume de chuva previsto de 30 mm na pr\u00f3xima semana. Norte Chuva concentrada na faixa norte do pa\u00eds. Previs\u00e3o de 30 mm de chuva na pr\u00f3xima semana. Rompimento do bloqueio atmosf\u00e9rico Com o rompimento do bloqueio atmosf\u00e9rico, espera-se uma chuva mais volumosa no Paran\u00e1, S\u00e3o Paulo, Mato Grosso do Sul e \u00e1reas do oeste de Mato Grosso, com volumes acumulados que podem chegar a 20 mm. Embora essa chuva n\u00e3o resolva a situa\u00e7\u00e3o h\u00eddrica, ajudar\u00e1 a aumentar a umidade relativa do ar e a diminuir o risco de inc\u00eandios, especialmente no Acre e em Rond\u00f4nia. O post Previs\u00e3o do tempo: chuva retorna ao Sul com avan\u00e7o de frente fria apareceu primeiro em Canal Rural.<\/p>\n","protected":false},"author":0,"featured_media":813,"comment_status":"open","ping_status":"open","sticky":false,"template":"","format":"standard","meta":{"_monsterinsights_skip_tracking":false,"_monsterinsights_sitenote_active":false,"_monsterinsights_sitenote_note":"","_monsterinsights_sitenote_category":0,"footnotes":""},"categories":[1],"tags":[],"class_list":["post-812","post","type-post","status-publish","format-standard","has-post-thumbnail","hentry","category-agronegocio"],"_links":{"self":[{"href":"https:\/\/senhorafrutta.com.br\/index.php\/wp-json\/wp\/v2\/posts\/812","targetHints":{"allow":["GET"]}}],"collection":[{"href":"https:\/\/senhorafrutta.com.br\/index.php\/wp-json\/wp\/v2\/posts"}],"about":[{"href":"https:\/\/senhorafrutta.com.br\/index.php\/wp-json\/wp\/v2\/types\/post"}],"replies":[{"embeddable":true,"href":"https:\/\/senhorafrutta.com.br\/index.php\/wp-json\/wp\/v2\/comments?post=812"}],"version-history":[{"count":0,"href":"https:\/\/senhorafrutta.com.br\/index.php\/wp-json\/wp\/v2\/posts\/812\/revisions"}],"wp:featuredmedia":[{"embeddable":true,"href":"https:\/\/senhorafrutta.com.br\/index.php\/wp-json\/wp\/v2\/media\/813"}],"wp:attachment":[{"href":"https:\/\/senhorafrutta.com.br\/index.php\/wp-json\/wp\/v2\/media?parent=812"}],"wp:term":[{"taxonomy":"category","embeddable":true,"href":"https:\/\/senhorafrutta.com.br\/index.php\/wp-json\/wp\/v2\/categories?post=812"},{"taxonomy":"post_tag","embeddable":true,"href":"https:\/\/senhorafrutta.com.br\/index.php\/wp-json\/wp\/v2\/tags?post=812"}],"curies":[{"name":"wp","href":"https:\/\/api.w.org\/{rel}","templated":true}]}}