{"id":795,"date":"2024-07-23T20:21:36","date_gmt":"2024-07-23T20:21:36","guid":{"rendered":"https:\/\/senhorafrutta.com.br\/index.php\/2024\/07\/23\/do-plantio-a-colheita-programa-soja-brasil-e-ponto-de-encontro-do-produtor-rural\/"},"modified":"2024-07-23T20:21:36","modified_gmt":"2024-07-23T20:21:36","slug":"do-plantio-a-colheita-programa-soja-brasil-e-ponto-de-encontro-do-produtor-rural","status":"publish","type":"post","link":"https:\/\/senhorafrutta.com.br\/index.php\/2024\/07\/23\/do-plantio-a-colheita-programa-soja-brasil-e-ponto-de-encontro-do-produtor-rural\/","title":{"rendered":"Do plantio \u00e0 colheita: programa Soja Brasil \u00e9 ponto de encontro do produtor rural"},"content":{"rendered":"<div><\/div>\n<p>O Programa Soja Brasil estreou na safra 2023\/24 com 19 epis\u00f3dios que trataram do planejamento do plantio da oleaginosa at\u00e9 a colheita. <\/p>\n<p>Neste intervalo, dicas de planejamento de custos e casos reais de produtores que enfrentaram seca, excesso de chuva, doen\u00e7as na cultura e problemas log\u00edsticos foram destacados na grade do <strong><a href=\"https:\/\/www.canalrural.com.br\/\">Canal Rural<\/a><\/strong> a cada 15 dias, sempre \u00e0s sextas-feiras, \u00e0s 13h30 (hor\u00e1rio de Bras\u00edlia).<\/p>\n<p>Agora, a safra 2024\/25 j\u00e1 tem o primeiro epis\u00f3dio, destacando os desafios de <strong><a href=\"https:\/\/matogrosso.canalrural.com.br\/\">Mato Grosso<\/a><\/strong> ao programar a instala\u00e7\u00e3o da lavoura em setembro. Acompanhe, abaixo, todos os epis\u00f3dios e fique ligado nos pr\u00f3ximos:<\/p>\n<div class=\"wp-block-embed__wrapper\">\n<\/div>\n<div class=\"wp-block-embed__wrapper\">\n<\/div>\n<div class=\"wp-block-embed__wrapper\">\n<\/div>\n<div class=\"wp-block-embed__wrapper\">\n<\/div>\n<div class=\"wp-block-embed__wrapper\">\n<\/div>\n<div class=\"wp-block-embed__wrapper\">\n<\/div>\n<div class=\"wp-block-embed__wrapper\">\n<\/div>\n<div class=\"wp-block-embed__wrapper\">\n<\/div>\n<div class=\"wp-block-embed__wrapper\">\n<\/div>\n<div class=\"wp-block-embed__wrapper\">\n<\/div>\n<div class=\"wp-block-embed__wrapper\">\n<\/div>\n<div class=\"wp-block-embed__wrapper\">\n<\/div>\n<div class=\"wp-block-embed__wrapper\">\n<\/div>\n<div class=\"wp-block-embed__wrapper\">\n<\/div>\n<div class=\"wp-block-embed__wrapper\">\n<\/div>\n<div class=\"wp-block-embed__wrapper\">\n<\/div>\n<div class=\"wp-block-embed__wrapper\">\n<\/div>\n<div class=\"wp-block-embed__wrapper\">\n<\/div>\n<div class=\"wp-block-embed__wrapper\">\n<\/div>\n<h2 class=\"wp-block-heading\">Safra 24\/25<\/h2>\n<div class=\"wp-block-embed__wrapper\">\n<\/div>\n<p>O post <a href=\"https:\/\/www.canalrural.com.br\/agricultura\/projeto-soja-brasil\/do-plantio-a-colheita-programa-soja-brasil-e-ponto-de-encontro-do-produtor-rural\/\">Do plantio \u00e0 colheita: programa Soja Brasil \u00e9 ponto de encontro do produtor rural<\/a> apareceu primeiro em <a href=\"https:\/\/www.canalrural.com.br\/\">Canal Rural<\/a>.<\/p>","protected":false},"excerpt":{"rendered":"<p>O Programa Soja Brasil estreou na safra 2023\/24 com 19 epis\u00f3dios que trataram do planejamento do plantio da oleaginosa at\u00e9 a colheita. Neste intervalo, dicas de planejamento de custos e casos reais de produtores que enfrentaram seca, excesso de chuva, doen\u00e7as na cultura e problemas log\u00edsticos foram destacados na grade do Canal Rural a cada 15 dias, sempre \u00e0s sextas-feiras, \u00e0s 13h30 (hor\u00e1rio de Bras\u00edlia). Agora, a safra 2024\/25 j\u00e1 tem o primeiro epis\u00f3dio, destacando os desafios de Mato Grosso ao programar a instala\u00e7\u00e3o da lavoura em setembro. Acompanhe, abaixo, todos os epis\u00f3dios e fique ligado nos pr\u00f3ximos: Safra 24\/25 O post Do plantio \u00e0 colheita: programa Soja Brasil \u00e9 ponto de encontro do produtor rural apareceu primeiro em Canal Rural.<\/p>\n","protected":false},"author":0,"featured_media":796,"comment_status":"open","ping_status":"open","sticky":false,"template":"","format":"standard","meta":{"_monsterinsights_skip_tracking":false,"_monsterinsights_sitenote_active":false,"_monsterinsights_sitenote_note":"","_monsterinsights_sitenote_category":0,"footnotes":""},"categories":[1],"tags":[],"class_list":["post-795","post","type-post","status-publish","format-standard","has-post-thumbnail","hentry","category-agronegocio"],"_links":{"self":[{"href":"https:\/\/senhorafrutta.com.br\/index.php\/wp-json\/wp\/v2\/posts\/795","targetHints":{"allow":["GET"]}}],"collection":[{"href":"https:\/\/senhorafrutta.com.br\/index.php\/wp-json\/wp\/v2\/posts"}],"about":[{"href":"https:\/\/senhorafrutta.com.br\/index.php\/wp-json\/wp\/v2\/types\/post"}],"replies":[{"embeddable":true,"href":"https:\/\/senhorafrutta.com.br\/index.php\/wp-json\/wp\/v2\/comments?post=795"}],"version-history":[{"count":0,"href":"https:\/\/senhorafrutta.com.br\/index.php\/wp-json\/wp\/v2\/posts\/795\/revisions"}],"wp:featuredmedia":[{"embeddable":true,"href":"https:\/\/senhorafrutta.com.br\/index.php\/wp-json\/wp\/v2\/media\/796"}],"wp:attachment":[{"href":"https:\/\/senhorafrutta.com.br\/index.php\/wp-json\/wp\/v2\/media?parent=795"}],"wp:term":[{"taxonomy":"category","embeddable":true,"href":"https:\/\/senhorafrutta.com.br\/index.php\/wp-json\/wp\/v2\/categories?post=795"},{"taxonomy":"post_tag","embeddable":true,"href":"https:\/\/senhorafrutta.com.br\/index.php\/wp-json\/wp\/v2\/tags?post=795"}],"curies":[{"name":"wp","href":"https:\/\/api.w.org\/{rel}","templated":true}]}}