{"id":757,"date":"2024-07-22T22:17:58","date_gmt":"2024-07-22T22:17:58","guid":{"rendered":"https:\/\/senhorafrutta.com.br\/index.php\/2024\/07\/22\/favaro-defende-responsabilidade-fiscal-para-juro-cair\/"},"modified":"2024-07-22T22:17:58","modified_gmt":"2024-07-22T22:17:58","slug":"favaro-defende-responsabilidade-fiscal-para-juro-cair","status":"publish","type":"post","link":"https:\/\/senhorafrutta.com.br\/index.php\/2024\/07\/22\/favaro-defende-responsabilidade-fiscal-para-juro-cair\/","title":{"rendered":"F\u00e1varo defende responsabilidade fiscal para juro cair"},"content":{"rendered":"<p>O ministro da Agricultura e Pecu\u00e1ria, Carlos F\u00e1varo disse nesta segunda-feira (22) que o governo deve ter responsabilidade fiscal para permitir que a taxa Selic caia. A fala acontece no dia em que a <a href=\"https:\/\/www.cnnbrasil.com.br\/politica\/governo-federal-oficializa-congelamento-de-r-15-bi-no-orcamento-nesta-segunda-22\/#:~:text=A%20equipe%20econ%C3%B4mica%20oficializar%C3%A1%2C%20nesta,de%20segunda%20ao%20Congresso%20Nacional.\">gest\u00e3o federal oficializa congelamento de R$ 15 bilh\u00f5es<\/a>.<\/p>\n<div class=\"custom__ad__element\"><\/div>\n<p>F\u00e1varo participou de reuni\u00e3o do Conselho Superior do Agroneg\u00f3cio (Consag), na sede da Federa\u00e7\u00e3o das Ind\u00fastrias do Estado de S\u00e3o Paulo (Fiesp), nesta segunda-feira (22).<\/p>\n<div class=\"read__title\">\n<p class=\"read__title__tag\"> Leia Mais <\/p>\n<\/div>\n<p>\t\t\t\t  <a href=\"https:\/\/www.cnnbrasil.com.br\/economia\/macroeconomia\/arrecadacao-subiu-11-em-junho-mas-resultado-esta-abaixo-do-esperado-por-desoneracoes-diz-secretario-da-receita\/\" title=\"Arrecada\u00e7\u00e3o subiu 11% em junho, mas resultado est\u00e1 abaixo do esperado por desonera\u00e7\u00f5es, diz secret\u00e1rio da Receita\"><\/a><\/p>\n<h2 class=\"read__paragraph\">Arrecada\u00e7\u00e3o subiu 11% em junho, mas resultado est\u00e1 abaixo do esperado por desonera\u00e7\u00f5es, diz secret\u00e1rio da Receita<\/h2>\n<p>\t\t\t\t <\/p>\n<p>\t\t\t\t  <a href=\"https:\/\/www.cnnbrasil.com.br\/economia\/macroeconomia\/nova-mp-do-governo-deve-prever-anistia-de-dividas-para-produtores-do-rs\/\" title=\"Nova MP do governo deve prever anistia de d\u00edvidas para produtores do RS\"><\/a><\/p>\n<h2 class=\"read__paragraph\">Nova MP do governo deve prever anistia de d\u00edvidas para produtores do RS<\/h2>\n<p>\t\t\t\t <\/p>\n<p>\t\t\t\t  <a href=\"https:\/\/www.cnnbrasil.com.br\/economia\/macroeconomia\/governo-projeta-economia-de-r-9-bilhoes-com-pente-fino-na-previdencia-em-2024\/\" title=\"Governo projeta economia de R$ 9 bilh\u00f5es com pente-fino na Previd\u00eancia em 2024\"><\/a><\/p>\n<h2 class=\"read__paragraph\">Governo projeta economia de R$ 9 bilh\u00f5es com pente-fino na Previd\u00eancia em 2024<\/h2>\n<p>\t\t\t\t <\/p>\n<p>Ao comentar n\u00fameros do Plano Safra, anunciado nas \u00faltimas semanas, o ministro afirmou que o patamar da taxa Selic \u00e9 \u201crestritivo\u201d para o investimento no setor. Segundo F\u00e1varo, neste momento \u00e9 necess\u00e1rio o apoio do setor p\u00fablico.<\/p>\n<p><a href=\"https:\/\/www.cnnbrasil.com.br\/economia\/macroeconomia\/governo-lanca-plano-safra-para-o-agro-e-totaliza-r-476-bilhoes-em-recursos-para-o-setor\/#:~:text=O%20governo%20Lula%20lan%C3%A7ou%20na,para%20a%20safra%202024-2025.\">O Plano Safra do agroneg\u00f3cio prev\u00ea R$ 400 bilh\u00f5es em recursos<\/a>, sendo R$ 16,3 bilh\u00f5es em subven\u00e7\u00e3o do Tesouro Nacional para equalizar as taxas de juros.<\/p>\n<p>Em meio \u00e0 necessidade de garantir recursos e, ao mesmo tempo, a responsabilidade fiscal, o ministro disse que o presidente Lula teve sensibilidade com o setor.<\/p>\n<div class=\"custom__ad__element\"><\/div>\n<p>\u201cO ponto que foi decisivo foi a participa\u00e7\u00e3o do Lula. Este \u00e9 o maior Plano Safra da hist\u00f3ria do Brasil\u201d, disse.<\/p>\n<p>Este conte\u00fado foi originalmente publicado em <a href=\"https:\/\/www.cnnbrasil.com.br\/economia\/macroeconomia\/favaro-defende-responsabilidade-fiscal-para-juro-cair\/\">F\u00e1varo defende responsabilidade fiscal para juro cair<\/a> no site <a href=\"https:\/\/www.cnnbrasil.com.br\/\">CNN Brasil<\/a>.<\/p>","protected":false},"excerpt":{"rendered":"<p>O ministro da Agricultura e Pecu\u00e1ria, Carlos F\u00e1varo disse nesta segunda-feira (22) que o governo deve ter responsabilidade fiscal para permitir que a taxa Selic caia. A fala acontece no dia em que a gest\u00e3o federal oficializa congelamento de R$ 15 bilh\u00f5es. F\u00e1varo participou de reuni\u00e3o do Conselho Superior do Agroneg\u00f3cio (Consag), na sede da Federa\u00e7\u00e3o das Ind\u00fastrias do Estado de S\u00e3o Paulo (Fiesp), nesta segunda-feira (22). Leia Mais Arrecada\u00e7\u00e3o subiu 11% em junho, mas resultado est\u00e1 abaixo do esperado por desonera\u00e7\u00f5es, diz secret\u00e1rio da Receita Nova MP do governo deve prever anistia de d\u00edvidas para produtores do RS Governo projeta economia de R$ 9 bilh\u00f5es com pente-fino na Previd\u00eancia em 2024 Ao comentar n\u00fameros do Plano Safra, anunciado nas \u00faltimas semanas, o ministro afirmou que o patamar da taxa Selic \u00e9 \u201crestritivo\u201d para o investimento no setor. Segundo F\u00e1varo, neste momento \u00e9 necess\u00e1rio o apoio do setor p\u00fablico. O Plano Safra do agroneg\u00f3cio prev\u00ea R$ 400 bilh\u00f5es em recursos, sendo R$ 16,3 bilh\u00f5es em subven\u00e7\u00e3o do Tesouro Nacional para equalizar as taxas de juros. Em meio \u00e0 necessidade de garantir recursos e, ao mesmo tempo, a responsabilidade fiscal, o ministro disse que o presidente Lula teve sensibilidade com o setor. \u201cO ponto que foi decisivo foi a participa\u00e7\u00e3o do Lula. Este \u00e9 o maior Plano Safra da hist\u00f3ria do Brasil\u201d, disse. Este conte\u00fado foi originalmente publicado em F\u00e1varo defende responsabilidade fiscal para juro cair no site CNN Brasil.<\/p>\n","protected":false},"author":0,"featured_media":758,"comment_status":"open","ping_status":"open","sticky":false,"template":"","format":"standard","meta":{"_monsterinsights_skip_tracking":false,"_monsterinsights_sitenote_active":false,"_monsterinsights_sitenote_note":"","_monsterinsights_sitenote_category":0,"footnotes":""},"categories":[1],"tags":[],"class_list":["post-757","post","type-post","status-publish","format-standard","has-post-thumbnail","hentry","category-agronegocio"],"_links":{"self":[{"href":"https:\/\/senhorafrutta.com.br\/index.php\/wp-json\/wp\/v2\/posts\/757","targetHints":{"allow":["GET"]}}],"collection":[{"href":"https:\/\/senhorafrutta.com.br\/index.php\/wp-json\/wp\/v2\/posts"}],"about":[{"href":"https:\/\/senhorafrutta.com.br\/index.php\/wp-json\/wp\/v2\/types\/post"}],"replies":[{"embeddable":true,"href":"https:\/\/senhorafrutta.com.br\/index.php\/wp-json\/wp\/v2\/comments?post=757"}],"version-history":[{"count":0,"href":"https:\/\/senhorafrutta.com.br\/index.php\/wp-json\/wp\/v2\/posts\/757\/revisions"}],"wp:featuredmedia":[{"embeddable":true,"href":"https:\/\/senhorafrutta.com.br\/index.php\/wp-json\/wp\/v2\/media\/758"}],"wp:attachment":[{"href":"https:\/\/senhorafrutta.com.br\/index.php\/wp-json\/wp\/v2\/media?parent=757"}],"wp:term":[{"taxonomy":"category","embeddable":true,"href":"https:\/\/senhorafrutta.com.br\/index.php\/wp-json\/wp\/v2\/categories?post=757"},{"taxonomy":"post_tag","embeddable":true,"href":"https:\/\/senhorafrutta.com.br\/index.php\/wp-json\/wp\/v2\/tags?post=757"}],"curies":[{"name":"wp","href":"https:\/\/api.w.org\/{rel}","templated":true}]}}