{"id":727,"date":"2024-07-21T19:38:58","date_gmt":"2024-07-21T19:38:58","guid":{"rendered":"https:\/\/senhorafrutta.com.br\/index.php\/2024\/07\/21\/joe-biden-desiste-de-concorrer-a-reeleicao-da-presidencia-dos-eua-e-passa-a-apoiar-a-sua-vice\/"},"modified":"2024-07-21T19:38:58","modified_gmt":"2024-07-21T19:38:58","slug":"joe-biden-desiste-de-concorrer-a-reeleicao-da-presidencia-dos-eua-e-passa-a-apoiar-a-sua-vice","status":"publish","type":"post","link":"https:\/\/senhorafrutta.com.br\/index.php\/2024\/07\/21\/joe-biden-desiste-de-concorrer-a-reeleicao-da-presidencia-dos-eua-e-passa-a-apoiar-a-sua-vice\/","title":{"rendered":"Joe Biden desiste de concorrer \u00e0 reelei\u00e7\u00e3o da presid\u00eancia dos EUA e passa a apoiar a sua vice"},"content":{"rendered":"<div><\/div>\n<p>O presidente dos Estados Unidos, Joe Biden, anunciou neste domingo (21) que n\u00e3o concorrer\u00e1 \u00e0 reelei\u00e7\u00e3o, declarando apoio \u00e0 vice-presidente Kamala Harris para liderar a chapa democrata nas pr\u00f3ximas elei\u00e7\u00f5es. <\/p>\n<p>Em um comunicado no X, antigo Twitter, o atual mandat\u00e1rio da <strong><a href=\"https:\/\/washington.org\/pt\/find-dc-listings\/white-house\">Casa Branca<\/a><\/strong> afirmou que cumprir\u00e1 seu mandato at\u00e9 janeiro de 2025.<\/p>\n<p>A decis\u00e3o de desistir veio ap\u00f3s intensas press\u00f5es internas do partido e de parte do eleitorado democrata. A crise na campanha de Biden teve in\u00edcio no final de junho, quando ele apresentou um desempenho insatisfat\u00f3rio em um debate contra <strong><a href=\"https:\/\/www.canalrural.com.br\/internacional\/apos-atentado-trump-confirma-candidatura-a-casa-branca\/\">Donald Trump<\/a><\/strong>, levantando d\u00favidas sobre sua capacidade cognitiva.<\/p>\n<p>At\u00e9 ent\u00e3o, Biden, de 81 anos, vinha resistindo \u00e0s press\u00f5es de diversas maneiras, concedendo entrevistas, reunindo-se com governadores democratas e negando as alega\u00e7\u00f5es de decl\u00ednio cognitivo e f\u00edsico. O presidente afirmava repetidamente que n\u00e3o desistiria e que venceria a elei\u00e7\u00e3o.<\/p>\n<h2 class=\"wp-block-heading\">Rumores da desist\u00eancia de Biden<\/h2>\n<p>Nos \u00faltimos dias, por\u00e9m, os rumores de desist\u00eancia se intensificaram. O ex-presidente Barack Obama e a ex-l\u00edder da C\u00e2mara Nancy Pelosi, duas influentes figuras do Partido Democrata, expressaram suas preocupa\u00e7\u00f5es com a candidatura de Biden. <\/p>\n<p>Segundo a rede norte-americana CNN, Pelosi teria dito a Biden que ele n\u00e3o venceria, enquanto Obama demonstrou receio sobre as chances do atual presidente.<\/p>\n<p>Biden foi diagnosticado com Covid-19 na quarta-feira (17), o que o obrigou a suspender eventos de campanha e entrar em isolamento em sua resid\u00eancia no estado de Delaware. A imprensa norte-americana relatou que, diante da crescente press\u00e3o, Biden come\u00e7ou a refletir mais profundamente sobre sua candidatura.<\/p>\n<p>Uma fonte informou \u00e0 ag\u00eancia de not\u00edcia Reuters que a decis\u00e3o foi tomada neste domingo. \u201cNa noite passada, a mensagem era para seguir em frente com tudo. Por volta das 13h45 de hoje, o presidente comunicou \u00e0 sua equipe s\u00eanior que havia mudado de ideia\u201d. A decis\u00e3o pegou muitos funcion\u00e1rios da Casa Branca de surpresa.<\/p>\n<p>O Partido Democrata ainda n\u00e3o anunciou oficialmente quem ser\u00e1 o novo candidato para disputar a elei\u00e7\u00e3o contra Donald Trump.<\/p>\n<p><strong>Veja a \u00edntegra do comunicado de desist\u00eancia de Biden:<\/strong><\/p>\n<p><em>Meus queridos americanos,<\/em><\/p>\n<p><em>Nos \u00faltimos tr\u00eas anos e meio, fizemos grandes progressos como na\u00e7\u00e3o.<\/em><\/p>\n<p><em>Hoje, a Am\u00e9rica tem a economia mais forte do mundo. Fizemos investimentos hist\u00f3ricos na reconstru\u00e7\u00e3o de nossa na\u00e7\u00e3o, na redu\u00e7\u00e3o dos custos de medicamentos prescritos para idosos e na expans\u00e3o do atendimento de sa\u00fade acess\u00edvel para um n\u00famero recorde de americanos. Prestamos cuidados extremamente necess\u00e1rios a um milh\u00e3o de veteranos expostos a subst\u00e2ncias t\u00f3xicas. Aprovamos a primeira lei de seguran\u00e7a de armas em 30 anos. Nomeamos a primeira mulher afro-americana para a Suprema Corte. E aprovamos a legisla\u00e7\u00e3o clim\u00e1tica mais significativa da hist\u00f3ria do mundo. A Am\u00e9rica nunca esteve melhor posicionada para liderar do que estamos hoje.<\/em><\/p>\n<p><em>Sei que nada disso poderia ter sido feito sem voc\u00eas, o povo americano. Juntos, superamos uma pandemia de uma vez por s\u00e9culo e a pior crise econ\u00f4mica desde a Grande Depress\u00e3o. Protegemos e preservamos nossa democracia. E revitalizamos e fortalecemos nossas alian\u00e7as ao redor do mundo.<\/em><\/p>\n<p><em>Foi a maior honra da minha vida servir como seu presidente. E embora tenha sido minha inten\u00e7\u00e3o buscar a reelei\u00e7\u00e3o, acredito que \u00e9 do melhor interesse do meu partido e do pa\u00eds que eu me afaste e me concentre apenas em cumprir meus deveres como presidente pelo resto do meu mandato.<\/em><\/p>\n<p><em>Falarei \u00e0 na\u00e7\u00e3o mais detalhadamente sobre minha decis\u00e3o ainda esta semana.<\/em><\/p>\n<p><em>Por enquanto, permitam-me expressar minha mais profunda gratid\u00e3o a todos aqueles que trabalharam t\u00e3o duro para me ver reeleito. Quero agradecer \u00e0 vice-presidente Kamala Harris por ser uma parceira extraordin\u00e1ria em todo esse trabalho. E permitam-me expressar minha sincera gratid\u00e3o ao povo americano pela f\u00e9 e confian\u00e7a que voc\u00eas depositaram em mim.<\/em><\/p>\n<p><em>Acredito hoje no que sempre acreditei: que n\u00e3o h\u00e1 nada que a Am\u00e9rica n\u00e3o possa fazer quando fazemos juntos. S\u00f3 temos que lembrar que somos os Estados Unidos da Am\u00e9rica.<\/em><\/p>\n<p>O post <a href=\"https:\/\/www.canalrural.com.br\/internacional\/joe-biden-desiste-de-concorrer-a-reeleicao-da-presidencia-dos-eua-e-passa-a-apoiar-a-sua-vice\/\">Joe Biden desiste de concorrer \u00e0 reelei\u00e7\u00e3o da presid\u00eancia dos EUA e passa a apoiar a sua vice<\/a> apareceu primeiro em <a href=\"https:\/\/www.canalrural.com.br\/\">Canal Rural<\/a>.<\/p>","protected":false},"excerpt":{"rendered":"<p>O presidente dos Estados Unidos, Joe Biden, anunciou neste domingo (21) que n\u00e3o concorrer\u00e1 \u00e0 reelei\u00e7\u00e3o, declarando apoio \u00e0 vice-presidente Kamala Harris para liderar a chapa democrata nas pr\u00f3ximas elei\u00e7\u00f5es. Em um comunicado no X, antigo Twitter, o atual mandat\u00e1rio da Casa Branca afirmou que cumprir\u00e1 seu mandato at\u00e9 janeiro de 2025. A decis\u00e3o de desistir veio ap\u00f3s intensas press\u00f5es internas do partido e de parte do eleitorado democrata. A crise na campanha de Biden teve in\u00edcio no final de junho, quando ele apresentou um desempenho insatisfat\u00f3rio em um debate contra Donald Trump, levantando d\u00favidas sobre sua capacidade cognitiva. At\u00e9 ent\u00e3o, Biden, de 81 anos, vinha resistindo \u00e0s press\u00f5es de diversas maneiras, concedendo entrevistas, reunindo-se com governadores democratas e negando as alega\u00e7\u00f5es de decl\u00ednio cognitivo e f\u00edsico. O presidente afirmava repetidamente que n\u00e3o desistiria e que venceria a elei\u00e7\u00e3o. Rumores da desist\u00eancia de Biden Nos \u00faltimos dias, por\u00e9m, os rumores de desist\u00eancia se intensificaram. O ex-presidente Barack Obama e a ex-l\u00edder da C\u00e2mara Nancy Pelosi, duas influentes figuras do Partido Democrata, expressaram suas preocupa\u00e7\u00f5es com a candidatura de Biden. Segundo a rede norte-americana CNN, Pelosi teria dito a Biden que ele n\u00e3o venceria, enquanto Obama demonstrou receio sobre as chances do atual presidente. Biden foi diagnosticado com Covid-19 na quarta-feira (17), o que o obrigou a suspender eventos de campanha e entrar em isolamento em sua resid\u00eancia no estado de Delaware. A imprensa norte-americana relatou que, diante da crescente press\u00e3o, Biden come\u00e7ou a refletir mais profundamente sobre sua candidatura. Uma fonte informou \u00e0 ag\u00eancia de not\u00edcia Reuters que a decis\u00e3o foi tomada neste domingo. \u201cNa noite passada, a mensagem era para seguir em frente com tudo. Por volta das 13h45 de hoje, o presidente comunicou \u00e0 sua equipe s\u00eanior que havia mudado de ideia\u201d. A decis\u00e3o pegou muitos funcion\u00e1rios da Casa Branca de surpresa. O Partido Democrata ainda n\u00e3o anunciou oficialmente quem ser\u00e1 o novo candidato para disputar a elei\u00e7\u00e3o contra Donald Trump. Veja a \u00edntegra do comunicado de desist\u00eancia de Biden: Meus queridos americanos, Nos \u00faltimos tr\u00eas anos e meio, fizemos grandes progressos como na\u00e7\u00e3o. Hoje, a Am\u00e9rica tem a economia mais forte do mundo. Fizemos investimentos hist\u00f3ricos na reconstru\u00e7\u00e3o de nossa na\u00e7\u00e3o, na redu\u00e7\u00e3o dos custos de medicamentos prescritos para idosos e na expans\u00e3o do atendimento de sa\u00fade acess\u00edvel para um n\u00famero recorde de americanos. Prestamos cuidados extremamente necess\u00e1rios a um milh\u00e3o de veteranos expostos a subst\u00e2ncias t\u00f3xicas. Aprovamos a primeira lei de seguran\u00e7a de armas em 30 anos. Nomeamos a primeira mulher afro-americana para a Suprema Corte. E aprovamos a legisla\u00e7\u00e3o clim\u00e1tica mais significativa da hist\u00f3ria do mundo. A Am\u00e9rica nunca esteve melhor posicionada para liderar do que estamos hoje. Sei que nada disso poderia ter sido feito sem voc\u00eas, o povo americano. Juntos, superamos uma pandemia de uma vez por s\u00e9culo e a pior crise econ\u00f4mica desde a Grande Depress\u00e3o. Protegemos e preservamos nossa democracia. E revitalizamos e fortalecemos nossas alian\u00e7as ao redor do mundo. Foi a maior honra da minha vida servir como seu presidente. E embora tenha sido minha inten\u00e7\u00e3o buscar a reelei\u00e7\u00e3o, acredito que \u00e9 do melhor interesse do meu partido e do pa\u00eds que eu me afaste e me concentre apenas em cumprir meus deveres como presidente pelo resto do meu mandato. Falarei \u00e0 na\u00e7\u00e3o mais detalhadamente sobre minha decis\u00e3o ainda esta semana. Por enquanto, permitam-me expressar minha mais profunda gratid\u00e3o a todos aqueles que trabalharam t\u00e3o duro para me ver reeleito. Quero agradecer \u00e0 vice-presidente Kamala Harris por ser uma parceira extraordin\u00e1ria em todo esse trabalho. E permitam-me expressar minha sincera gratid\u00e3o ao povo americano pela f\u00e9 e confian\u00e7a que voc\u00eas depositaram em mim. Acredito hoje no que sempre acreditei: que n\u00e3o h\u00e1 nada que a Am\u00e9rica n\u00e3o possa fazer quando fazemos juntos. S\u00f3 temos que lembrar que somos os Estados Unidos da Am\u00e9rica. O post Joe Biden desiste de concorrer \u00e0 reelei\u00e7\u00e3o da presid\u00eancia dos EUA e passa a apoiar a sua vice apareceu primeiro em Canal Rural.<\/p>\n","protected":false},"author":0,"featured_media":728,"comment_status":"open","ping_status":"open","sticky":false,"template":"","format":"standard","meta":{"_monsterinsights_skip_tracking":false,"_monsterinsights_sitenote_active":false,"_monsterinsights_sitenote_note":"","_monsterinsights_sitenote_category":0,"footnotes":""},"categories":[1],"tags":[],"class_list":["post-727","post","type-post","status-publish","format-standard","has-post-thumbnail","hentry","category-agronegocio"],"_links":{"self":[{"href":"https:\/\/senhorafrutta.com.br\/index.php\/wp-json\/wp\/v2\/posts\/727","targetHints":{"allow":["GET"]}}],"collection":[{"href":"https:\/\/senhorafrutta.com.br\/index.php\/wp-json\/wp\/v2\/posts"}],"about":[{"href":"https:\/\/senhorafrutta.com.br\/index.php\/wp-json\/wp\/v2\/types\/post"}],"replies":[{"embeddable":true,"href":"https:\/\/senhorafrutta.com.br\/index.php\/wp-json\/wp\/v2\/comments?post=727"}],"version-history":[{"count":0,"href":"https:\/\/senhorafrutta.com.br\/index.php\/wp-json\/wp\/v2\/posts\/727\/revisions"}],"wp:featuredmedia":[{"embeddable":true,"href":"https:\/\/senhorafrutta.com.br\/index.php\/wp-json\/wp\/v2\/media\/728"}],"wp:attachment":[{"href":"https:\/\/senhorafrutta.com.br\/index.php\/wp-json\/wp\/v2\/media?parent=727"}],"wp:term":[{"taxonomy":"category","embeddable":true,"href":"https:\/\/senhorafrutta.com.br\/index.php\/wp-json\/wp\/v2\/categories?post=727"},{"taxonomy":"post_tag","embeddable":true,"href":"https:\/\/senhorafrutta.com.br\/index.php\/wp-json\/wp\/v2\/tags?post=727"}],"curies":[{"name":"wp","href":"https:\/\/api.w.org\/{rel}","templated":true}]}}