{"id":701,"date":"2024-07-20T16:45:00","date_gmt":"2024-07-20T16:45:00","guid":{"rendered":"https:\/\/senhorafrutta.com.br\/index.php\/2024\/07\/20\/a-produtores-do-rs-favaro-reitera-que-mp-da-repactuacao-das-dividas-sai-ate-fim-do-mes\/"},"modified":"2024-07-20T16:45:00","modified_gmt":"2024-07-20T16:45:00","slug":"a-produtores-do-rs-favaro-reitera-que-mp-da-repactuacao-das-dividas-sai-ate-fim-do-mes","status":"publish","type":"post","link":"https:\/\/senhorafrutta.com.br\/index.php\/2024\/07\/20\/a-produtores-do-rs-favaro-reitera-que-mp-da-repactuacao-das-dividas-sai-ate-fim-do-mes\/","title":{"rendered":"A produtores do RS, F\u00e1varo reitera que MP da repactua\u00e7\u00e3o das d\u00edvidas sai at\u00e9 fim do m\u00eas"},"content":{"rendered":"<div><\/div>\n<p>O <a href=\"https:\/\/www.canalrural.com.br\/tag\/favaro\/\">ministro da Agricultura, Carlos F\u00e1varo<\/a>, voltou a afirmar que uma Medida Provis\u00f3ria do governo federal para repactua\u00e7\u00e3o das d\u00edvidas dos produtores rurais do Rio Grande do Sul afetados pelas enchentes que atingiram o Estado pode ser publicada at\u00e9 o fim deste m\u00eas. A sinaliza\u00e7\u00e3o de F\u00e1varo foi dada em conversa virtual com representantes do movimento SOS Agro RS, informou o Minist\u00e9rio da Agricultura, em nota. O movimento reuniu milhares de produtores em um ato hoje em Rio Pardo, no Vale do Taquari.<\/p>\n<p>O ministro afirmou que a MP dar\u00e1 tratamento diferente aos produtores conforme a propor\u00e7\u00e3o dos impactos. Ele citou a possibilidade de zerar as d\u00edvidas dos produtores que foram mais afetados pelas enchentes, para evitar o endividamento. \u201cN\u00e3o h\u00e1 d\u00favida da determina\u00e7\u00e3o do presidente Lula para enfatizar que estamos do mesmo lado. Vamos trazer de volta a prosperidade do Rio Grande do Sul! \u00c9 o m\u00ednimo para esse estado que \u00e9 o ber\u00e7o da agropecu\u00e1ria brasileira\u201d, afirmou F\u00e1varo.<\/p>\n<p>Na reuni\u00e3o por videoconfer\u00eancia com representantes do movimento, de empresas, cooperativas e entidades do setor produtivo ga\u00facho, o ministro fez um balan\u00e7o das a\u00e7\u00f5es do Executivo para a recupera\u00e7\u00e3o da agropecu\u00e1ria ga\u00facha. Ele destacou a cria\u00e7\u00e3o do gabinete itinerante do minist\u00e9rio no Estado. \u201cCom apoio da nossa Superintend\u00eancia no estado, estamos todos os dias com uma equipe de Bras\u00edlia visitando, diagnosticando e coletando informa\u00e7\u00f5es para construirmos as melhores solu\u00e7\u00f5es\u201d, disse o ministro.<\/p>\n<p>O post <a href=\"https:\/\/www.canalrural.com.br\/agricultura\/a-produtores-do-rs-favaro-reitera-que-mp-da-repactuacao-das-dividas-sai-ate-fim-do-mes\/\">A produtores do RS, F\u00e1varo reitera que MP da repactua\u00e7\u00e3o das d\u00edvidas sai at\u00e9 fim do m\u00eas<\/a> apareceu primeiro em <a href=\"https:\/\/www.canalrural.com.br\/\">Canal Rural<\/a>.<\/p>","protected":false},"excerpt":{"rendered":"<p>O ministro da Agricultura, Carlos F\u00e1varo, voltou a afirmar que uma Medida Provis\u00f3ria do governo federal para repactua\u00e7\u00e3o das d\u00edvidas dos produtores rurais do Rio Grande do Sul afetados pelas enchentes que atingiram o Estado pode ser publicada at\u00e9 o fim deste m\u00eas. A sinaliza\u00e7\u00e3o de F\u00e1varo foi dada em conversa virtual com representantes do movimento SOS Agro RS, informou o Minist\u00e9rio da Agricultura, em nota. O movimento reuniu milhares de produtores em um ato hoje em Rio Pardo, no Vale do Taquari. O ministro afirmou que a MP dar\u00e1 tratamento diferente aos produtores conforme a propor\u00e7\u00e3o dos impactos. Ele citou a possibilidade de zerar as d\u00edvidas dos produtores que foram mais afetados pelas enchentes, para evitar o endividamento. \u201cN\u00e3o h\u00e1 d\u00favida da determina\u00e7\u00e3o do presidente Lula para enfatizar que estamos do mesmo lado. Vamos trazer de volta a prosperidade do Rio Grande do Sul! \u00c9 o m\u00ednimo para esse estado que \u00e9 o ber\u00e7o da agropecu\u00e1ria brasileira\u201d, afirmou F\u00e1varo. Na reuni\u00e3o por videoconfer\u00eancia com representantes do movimento, de empresas, cooperativas e entidades do setor produtivo ga\u00facho, o ministro fez um balan\u00e7o das a\u00e7\u00f5es do Executivo para a recupera\u00e7\u00e3o da agropecu\u00e1ria ga\u00facha. Ele destacou a cria\u00e7\u00e3o do gabinete itinerante do minist\u00e9rio no Estado. \u201cCom apoio da nossa Superintend\u00eancia no estado, estamos todos os dias com uma equipe de Bras\u00edlia visitando, diagnosticando e coletando informa\u00e7\u00f5es para construirmos as melhores solu\u00e7\u00f5es\u201d, disse o ministro. O post A produtores do RS, F\u00e1varo reitera que MP da repactua\u00e7\u00e3o das d\u00edvidas sai at\u00e9 fim do m\u00eas apareceu primeiro em Canal Rural.<\/p>\n","protected":false},"author":0,"featured_media":702,"comment_status":"open","ping_status":"open","sticky":false,"template":"","format":"standard","meta":{"_monsterinsights_skip_tracking":false,"_monsterinsights_sitenote_active":false,"_monsterinsights_sitenote_note":"","_monsterinsights_sitenote_category":0,"footnotes":""},"categories":[1],"tags":[],"class_list":["post-701","post","type-post","status-publish","format-standard","has-post-thumbnail","hentry","category-agronegocio"],"_links":{"self":[{"href":"https:\/\/senhorafrutta.com.br\/index.php\/wp-json\/wp\/v2\/posts\/701","targetHints":{"allow":["GET"]}}],"collection":[{"href":"https:\/\/senhorafrutta.com.br\/index.php\/wp-json\/wp\/v2\/posts"}],"about":[{"href":"https:\/\/senhorafrutta.com.br\/index.php\/wp-json\/wp\/v2\/types\/post"}],"replies":[{"embeddable":true,"href":"https:\/\/senhorafrutta.com.br\/index.php\/wp-json\/wp\/v2\/comments?post=701"}],"version-history":[{"count":0,"href":"https:\/\/senhorafrutta.com.br\/index.php\/wp-json\/wp\/v2\/posts\/701\/revisions"}],"wp:featuredmedia":[{"embeddable":true,"href":"https:\/\/senhorafrutta.com.br\/index.php\/wp-json\/wp\/v2\/media\/702"}],"wp:attachment":[{"href":"https:\/\/senhorafrutta.com.br\/index.php\/wp-json\/wp\/v2\/media?parent=701"}],"wp:term":[{"taxonomy":"category","embeddable":true,"href":"https:\/\/senhorafrutta.com.br\/index.php\/wp-json\/wp\/v2\/categories?post=701"},{"taxonomy":"post_tag","embeddable":true,"href":"https:\/\/senhorafrutta.com.br\/index.php\/wp-json\/wp\/v2\/tags?post=701"}],"curies":[{"name":"wp","href":"https:\/\/api.w.org\/{rel}","templated":true}]}}