{"id":675,"date":"2024-07-19T19:18:02","date_gmt":"2024-07-19T19:18:02","guid":{"rendered":"https:\/\/senhorafrutta.com.br\/index.php\/2024\/07\/19\/mercado-do-frango-precos-firmes-apesar-de-foco-de-newcastle-e-embargo-as-exportacoes\/"},"modified":"2024-07-19T19:18:02","modified_gmt":"2024-07-19T19:18:02","slug":"mercado-do-frango-precos-firmes-apesar-de-foco-de-newcastle-e-embargo-as-exportacoes","status":"publish","type":"post","link":"https:\/\/senhorafrutta.com.br\/index.php\/2024\/07\/19\/mercado-do-frango-precos-firmes-apesar-de-foco-de-newcastle-e-embargo-as-exportacoes\/","title":{"rendered":"Mercado do frango: pre\u00e7os firmes apesar de foco de Newcastle e embargo \u00e0s exporta\u00e7\u00f5es"},"content":{"rendered":"<div><\/div>\n<p>O mercado brasileiro de <a href=\"https:\/\/www.canalrural.com.br\/tag\/frango\"><strong>frango<\/strong><\/a> registrou pre\u00e7os firmes para o frango vivo e acomodados para o atacado durante a semana. <\/p>\n<p>Segundo <a href=\"https:\/\/safras.com.br\/\"><strong>Fernando Henrique Iglesias, analista da Safras &amp; Mercado<\/strong><\/a>, apesar da firmeza, o foco do mercado se voltou para a Doen\u00e7a de Newcastle, que desestabilizou as a\u00e7\u00f5es de frigor\u00edficos e causou instabilidade na Bolsa de Valores.<\/p>\n<p><em>Confira na palma da m\u00e3o informa\u00e7\u00f5es quentes sobre agricultura, pecu\u00e1ria, economia e previs\u00e3o do tempo:<\/em><a href=\"https:\/\/whatsapp.com\/channel\/0029Va9VnZxGk1FplZjiW43k\"><em>\u00a0<\/em><strong><em>siga o Canal Rural no WhatsApp!<\/em><\/strong><\/a> <\/p>\n<h2 class=\"wp-block-heading\">Doen\u00e7a de Newcastle<\/h2>\n<p>Devido \u00e0 ocorr\u00eancia de um foco da doen\u00e7a em uma ave de estabelecimento comercial em Anta Gorda (RS), o Minist\u00e9rio da Agricultura e Pecu\u00e1ria (Mapa) adotou um autoembargo \u00e0s exporta\u00e7\u00f5es de carne de frango, ovos e demais produtos av\u00edcolas por 21 dias, conforme os requisitos sanit\u00e1rios de cada pa\u00eds importador.<\/p>\n<p>Segundo Iglesias, o foco da doen\u00e7a \u00e9 consequ\u00eancia das enchentes de maio no Rio Grande do Sul, que aumentaram as vulnerabilidades em um ambiente at\u00e9 ent\u00e3o controlado. Um of\u00edcio com as restri\u00e7\u00f5es \u00e0s exporta\u00e7\u00f5es foi enviado aos servidores da defesa agropecu\u00e1ria, assinado pelas diretoras do Dipoa e do Departamento de Sa\u00fade Animal.<\/p>\n<p>As restri\u00e7\u00f5es atendem a requisitos pr\u00e9-estabelecidos nos Certificados Sanit\u00e1rios Internacionais (CSI). Alguns embargos atingem a produ\u00e7\u00e3o nacional, outros estabelecimentos ga\u00fachos e alguns apenas as proximidades do foco da doen\u00e7a.<\/p>\n<p>O consultor afirma que o preju\u00edzo maior ser\u00e1 sentido pelo Rio Grande do Sul, que deixar\u00e1 de exportar para v\u00e1rios mercados, embora haja perdas nacionais com o bloqueio de vendas para Argentina e Uni\u00e3o Europeia.<\/p>\n<p>No caso do Rio Grande do Sul, a restri\u00e7\u00e3o atinge produtos av\u00edcolas com destino a diversos pa\u00edses, como \u00c1frica do Sul, Alb\u00e2nia, Ar\u00e1bia Saudita, entre outros.<\/p>\n<p>Al\u00e9m disso, a Portaria n\u00ba 702 do Mapa declarou estado de emerg\u00eancia zoossanit\u00e1ria no Rio Grande do Sul por 90 dias.<\/p>\n<h2 class=\"wp-block-heading\">Mercado atacadista<\/h2>\n<p>Iglesias destaca que os pre\u00e7os no atacado voltaram a apresentar firmeza durante a semana. \u201cO ambiente de neg\u00f3cios sugere menor espa\u00e7o para reajustes na segunda quinzena, per\u00edodo de menor apelo ao consumo. A primeira quinzena de agosto \u00e9 promissora, com a entrada dos sal\u00e1rios e a demanda do Dia dos Pais\u201d, explicou.<\/p>\n<h2 class=\"wp-block-heading\">Pre\u00e7os internos do frango<\/h2>\n<p>No atacado de S\u00e3o Paulo, os pre\u00e7os dos cortes congelados tiveram pouca varia\u00e7\u00e3o. No atacado e na distribui\u00e7\u00e3o, houve altera\u00e7\u00f5es nas cota\u00e7\u00f5es dos cortes resfriados.<\/p>\n<p>O levantamento mensal da Safras &amp; Mercado apontou aumento no pre\u00e7o do quilo vivo em Minas Gerais, S\u00e3o Paulo, Mato Grosso do Sul, Goi\u00e1s e Distrito Federal. Em Pernambuco, Cear\u00e1 e Par\u00e1 tamb\u00e9m houve valoriza\u00e7\u00e3o.<\/p>\n<h2 class=\"wp-block-heading\">Exporta\u00e7\u00f5es<\/h2>\n<p>As exporta\u00e7\u00f5es de carne de aves e miudezas comest\u00edveis renderam US$ 421,148 milh\u00f5es em julho (10 dias \u00fateis), com m\u00e9dia di\u00e1ria de US$ 42,114 milh\u00f5es. A quantidade total exportada foi de 223,5 mil toneladas, com m\u00e9dia di\u00e1ria de 22,35 mil toneladas. O pre\u00e7o m\u00e9dio da tonelada ficou em US$ 1.884,30.<\/p>\n<p>Em rela\u00e7\u00e3o a julho de 2023, houve ganho de 12,5% no valor m\u00e9dio di\u00e1rio, avan\u00e7o de 16,1% na quantidade m\u00e9dia di\u00e1ria e recuo de 3,1% no pre\u00e7o m\u00e9dio.<\/p>\n<p>O post <a href=\"https:\/\/www.canalrural.com.br\/aves-e-suinos\/mercado-do-frango-precos-firmes-apesar-de-foco-de-newcastle-e-embargo-as-exportacoes\/\">Mercado do frango: pre\u00e7os firmes apesar de foco de Newcastle e embargo \u00e0s exporta\u00e7\u00f5es<\/a> apareceu primeiro em <a href=\"https:\/\/www.canalrural.com.br\/\">Canal Rural<\/a>.<\/p>","protected":false},"excerpt":{"rendered":"<p>O mercado brasileiro de frango registrou pre\u00e7os firmes para o frango vivo e acomodados para o atacado durante a semana. Segundo Fernando Henrique Iglesias, analista da Safras &amp; Mercado, apesar da firmeza, o foco do mercado se voltou para a Doen\u00e7a de Newcastle, que desestabilizou as a\u00e7\u00f5es de frigor\u00edficos e causou instabilidade na Bolsa de Valores. Confira na palma da m\u00e3o informa\u00e7\u00f5es quentes sobre agricultura, pecu\u00e1ria, economia e previs\u00e3o do tempo:\u00a0siga o Canal Rural no WhatsApp! Doen\u00e7a de Newcastle Devido \u00e0 ocorr\u00eancia de um foco da doen\u00e7a em uma ave de estabelecimento comercial em Anta Gorda (RS), o Minist\u00e9rio da Agricultura e Pecu\u00e1ria (Mapa) adotou um autoembargo \u00e0s exporta\u00e7\u00f5es de carne de frango, ovos e demais produtos av\u00edcolas por 21 dias, conforme os requisitos sanit\u00e1rios de cada pa\u00eds importador. Segundo Iglesias, o foco da doen\u00e7a \u00e9 consequ\u00eancia das enchentes de maio no Rio Grande do Sul, que aumentaram as vulnerabilidades em um ambiente at\u00e9 ent\u00e3o controlado. Um of\u00edcio com as restri\u00e7\u00f5es \u00e0s exporta\u00e7\u00f5es foi enviado aos servidores da defesa agropecu\u00e1ria, assinado pelas diretoras do Dipoa e do Departamento de Sa\u00fade Animal. As restri\u00e7\u00f5es atendem a requisitos pr\u00e9-estabelecidos nos Certificados Sanit\u00e1rios Internacionais (CSI). Alguns embargos atingem a produ\u00e7\u00e3o nacional, outros estabelecimentos ga\u00fachos e alguns apenas as proximidades do foco da doen\u00e7a. O consultor afirma que o preju\u00edzo maior ser\u00e1 sentido pelo Rio Grande do Sul, que deixar\u00e1 de exportar para v\u00e1rios mercados, embora haja perdas nacionais com o bloqueio de vendas para Argentina e Uni\u00e3o Europeia. No caso do Rio Grande do Sul, a restri\u00e7\u00e3o atinge produtos av\u00edcolas com destino a diversos pa\u00edses, como \u00c1frica do Sul, Alb\u00e2nia, Ar\u00e1bia Saudita, entre outros. Al\u00e9m disso, a Portaria n\u00ba 702 do Mapa declarou estado de emerg\u00eancia zoossanit\u00e1ria no Rio Grande do Sul por 90 dias. Mercado atacadista Iglesias destaca que os pre\u00e7os no atacado voltaram a apresentar firmeza durante a semana. \u201cO ambiente de neg\u00f3cios sugere menor espa\u00e7o para reajustes na segunda quinzena, per\u00edodo de menor apelo ao consumo. A primeira quinzena de agosto \u00e9 promissora, com a entrada dos sal\u00e1rios e a demanda do Dia dos Pais\u201d, explicou. Pre\u00e7os internos do frango No atacado de S\u00e3o Paulo, os pre\u00e7os dos cortes congelados tiveram pouca varia\u00e7\u00e3o. No atacado e na distribui\u00e7\u00e3o, houve altera\u00e7\u00f5es nas cota\u00e7\u00f5es dos cortes resfriados. O levantamento mensal da Safras &amp; Mercado apontou aumento no pre\u00e7o do quilo vivo em Minas Gerais, S\u00e3o Paulo, Mato Grosso do Sul, Goi\u00e1s e Distrito Federal. Em Pernambuco, Cear\u00e1 e Par\u00e1 tamb\u00e9m houve valoriza\u00e7\u00e3o. Exporta\u00e7\u00f5es As exporta\u00e7\u00f5es de carne de aves e miudezas comest\u00edveis renderam US$ 421,148 milh\u00f5es em julho (10 dias \u00fateis), com m\u00e9dia di\u00e1ria de US$ 42,114 milh\u00f5es. A quantidade total exportada foi de 223,5 mil toneladas, com m\u00e9dia di\u00e1ria de 22,35 mil toneladas. O pre\u00e7o m\u00e9dio da tonelada ficou em US$ 1.884,30. Em rela\u00e7\u00e3o a julho de 2023, houve ganho de 12,5% no valor m\u00e9dio di\u00e1rio, avan\u00e7o de 16,1% na quantidade m\u00e9dia di\u00e1ria e recuo de 3,1% no pre\u00e7o m\u00e9dio. O post Mercado do frango: pre\u00e7os firmes apesar de foco de Newcastle e embargo \u00e0s exporta\u00e7\u00f5es apareceu primeiro em Canal Rural.<\/p>\n","protected":false},"author":0,"featured_media":676,"comment_status":"open","ping_status":"open","sticky":false,"template":"","format":"standard","meta":{"_monsterinsights_skip_tracking":false,"_monsterinsights_sitenote_active":false,"_monsterinsights_sitenote_note":"","_monsterinsights_sitenote_category":0,"footnotes":""},"categories":[1],"tags":[],"class_list":["post-675","post","type-post","status-publish","format-standard","has-post-thumbnail","hentry","category-agronegocio"],"_links":{"self":[{"href":"https:\/\/senhorafrutta.com.br\/index.php\/wp-json\/wp\/v2\/posts\/675","targetHints":{"allow":["GET"]}}],"collection":[{"href":"https:\/\/senhorafrutta.com.br\/index.php\/wp-json\/wp\/v2\/posts"}],"about":[{"href":"https:\/\/senhorafrutta.com.br\/index.php\/wp-json\/wp\/v2\/types\/post"}],"replies":[{"embeddable":true,"href":"https:\/\/senhorafrutta.com.br\/index.php\/wp-json\/wp\/v2\/comments?post=675"}],"version-history":[{"count":0,"href":"https:\/\/senhorafrutta.com.br\/index.php\/wp-json\/wp\/v2\/posts\/675\/revisions"}],"wp:featuredmedia":[{"embeddable":true,"href":"https:\/\/senhorafrutta.com.br\/index.php\/wp-json\/wp\/v2\/media\/676"}],"wp:attachment":[{"href":"https:\/\/senhorafrutta.com.br\/index.php\/wp-json\/wp\/v2\/media?parent=675"}],"wp:term":[{"taxonomy":"category","embeddable":true,"href":"https:\/\/senhorafrutta.com.br\/index.php\/wp-json\/wp\/v2\/categories?post=675"},{"taxonomy":"post_tag","embeddable":true,"href":"https:\/\/senhorafrutta.com.br\/index.php\/wp-json\/wp\/v2\/tags?post=675"}],"curies":[{"name":"wp","href":"https:\/\/api.w.org\/{rel}","templated":true}]}}