{"id":4286,"date":"2024-11-19T12:57:44","date_gmt":"2024-11-19T12:57:44","guid":{"rendered":"https:\/\/senhorafrutta.com.br\/index.php\/2024\/11\/19\/transicao-energetica-e-agenda-bilateral-sao-destaque-no-2o-dia-do-g20\/"},"modified":"2024-11-19T12:57:44","modified_gmt":"2024-11-19T12:57:44","slug":"transicao-energetica-e-agenda-bilateral-sao-destaque-no-2o-dia-do-g20","status":"publish","type":"post","link":"https:\/\/senhorafrutta.com.br\/index.php\/2024\/11\/19\/transicao-energetica-e-agenda-bilateral-sao-destaque-no-2o-dia-do-g20\/","title":{"rendered":"Transi\u00e7\u00e3o energ\u00e9tica e agenda bilateral s\u00e3o destaque no 2\u00ba dia do G20"},"content":{"rendered":"<div>\n<figure><img decoding=\"async\" src=\"https:\/\/imagens-cdn.canalrural.com.br\/2024\/11\/d6a8426.webp\" alt=\"Transi\u00e7\u00e3o energ\u00e9tica e agenda bilateral s\u00e3o destaque no 2\u00ba dia do G20\" \/><figcaption>Foto: Fernando Fraz\u00e3o\/Ag\u00eancia Brasil<\/figcaption><\/figure>\n<\/div>\n<p>O segundo e \u00faltimo dia da reuni\u00e3o de c\u00fapula do G20, no Rio de Janeiro, vai ser marcado, nesta ter\u00e7a-feira (19), por discuss\u00f5es sobre <strong><a href=\"http:\/\/www.canalrural.com.br\/tag\/transicao-energetica\/\">transi\u00e7\u00e3o energ\u00e9tica<\/a><\/strong> e agendas bilaterais, al\u00e9m da transmiss\u00e3o da presid\u00eancia rotativa do grupo das principais economias do mundo. O presidente Luiz In\u00e1cio Lula da Silva ter\u00e1 encontros reservados com l\u00edderes de quatro pa\u00edses. Todos esses compromissos ser\u00e3o no Museu de Arte Moderna, na regi\u00e3o central da cidade.<\/p>\n<ul class=\"wp-block-list\">\n<li><em>Confira na palma da m\u00e3o informa\u00e7\u00f5es quentes sobre agricultura, pecu\u00e1ria, economia e previs\u00e3o do tempo:<\/em><a href=\"https:\/\/whatsapp.com\/channel\/0029Va9VnZxGk1FplZjiW43k\"><em> <\/em><strong><em>siga o Canal Rural no WhatsApp!<\/em><\/strong><\/a><\/li>\n<\/ul>\n<p>O primeiro compromisso de Lula, \u00e0s 9h15, \u00e9 com o primeiro-ministro da \u00cdndia, Narendra Modi. \u00c0s 10h, haver\u00e1 a terceira sess\u00e3o da reuni\u00e3o de l\u00edderes. O tema \u00e9 o desenvolvimento sustent\u00e1vel e transi\u00e7\u00e3o energ\u00e9tica, um dos interesses priorit\u00e1rios do Brasil no G20. Pouco depois das 12h haver\u00e1 a sess\u00e3o de encerramento da c\u00fapula e a cerim\u00f4nia de transmiss\u00e3o da presid\u00eancia do G20 do Brasil para a \u00c1frica do Sul.<\/p>\n<p>Em seguida, o presidente Lula oferece almo\u00e7o ao presidente americano, Joe Biden. Na sequ\u00eancia, o presidente da Rep\u00fablica participar\u00e1 de uma confer\u00eancia de imprensa.<\/p>\n<p>Na parte da tarde, est\u00e3o previstos ainda dois encontros bilaterais. Um com o primeiro-ministro do Jap\u00e3o, Shigeru Ishiba, e outro com o premi\u00ea do Reino Unido, Keir Starmer.<\/p>\n<p>Antes de partir de volta para Bras\u00edlia, o presidente Lula anunciar\u00e1 os resultados da rodada de investimento da Organiza\u00e7\u00e3o Mundial da Sa\u00fade (OMS), ao lado do diretor-geral da institui\u00e7\u00e3o, Tedros Adhanom Ghebreyesus.<\/p>\n<h2 class=\"wp-block-heading\">Declara\u00e7\u00e3o final<\/h2>\n<p>Os pa\u00edses do G20 divulgaram, na noite da segunda-feira (18), primeiro dia de encontros, a declara\u00e7\u00e3o final do grupo. O documento traz o compromisso das na\u00e7\u00f5es em reformar institui\u00e7\u00f5es, como o Conselho de Seguran\u00e7a da ONU; proposta de taxa\u00e7\u00e3o de super-ricos; reitera metas do Acordo de Paris e condena as guerras em Gaza e na Ucr\u00e2nia.<\/p>\n<p>De acordo com o Minist\u00e9rio das Rela\u00e7\u00f5es Exteriores, ter conseguido um consenso logo no primeiro dia da c\u00fapula foi uma grande conquista do governo e da diplomacia do Brasil.<\/p>\n<p>Outro marco do primeiro dia foi o lan\u00e7amento da Alian\u00e7a Global contra a Fome e a Pobreza, que nasce com 148 membros fundadores, incluindo 82 pa\u00edses, a Uni\u00e3o Africana, a Uni\u00e3o Europeia, 24 organiza\u00e7\u00f5es internacionais, nove institui\u00e7\u00f5es financeiras internacionais e 31 organiza\u00e7\u00f5es filantr\u00f3picas e n\u00e3o-governamentais.<\/p>\n<p>O G20 \u00e9 composto por 19 pa\u00edses: \u00c1frica do Sul, Alemanha, Ar\u00e1bia Saudita, Argentina, Austr\u00e1lia, Brasil, Canad\u00e1, China, Coreia do Sul, Estados Unidos, Fran\u00e7a, \u00cdndia, Indon\u00e9sia, It\u00e1lia, Jap\u00e3o, M\u00e9xico, Reino Unido, R\u00fassia e Turquia, al\u00e9m da Uni\u00e3o Europeia e da Uni\u00e3o Africana.<\/p>\n<p>Os integrantes do grupo representam cerca de 85% da economia mundial, mais de 75% do com\u00e9rcio global e cerca de dois ter\u00e7os da popula\u00e7\u00e3o do planeta.<\/p>\n<p>O post <a href=\"https:\/\/www.canalrural.com.br\/sustentabilidade\/transicao-energetica-e-agenda-bilateral-sao-destaque-no-2o-dia-do-g20\/\">Transi\u00e7\u00e3o energ\u00e9tica e agenda bilateral s\u00e3o destaque no 2\u00ba dia do G20<\/a> apareceu primeiro em <a href=\"https:\/\/www.canalrural.com.br\/\">Canal Rural<\/a>.<\/p>","protected":false},"excerpt":{"rendered":"<p>Foto: Fernando Fraz\u00e3o\/Ag\u00eancia Brasil O segundo e \u00faltimo dia da reuni\u00e3o de c\u00fapula do G20, no Rio de Janeiro, vai ser marcado, nesta ter\u00e7a-feira (19), por discuss\u00f5es sobre transi\u00e7\u00e3o energ\u00e9tica e agendas bilaterais, al\u00e9m da transmiss\u00e3o da presid\u00eancia rotativa do grupo das principais economias do mundo. O presidente Luiz In\u00e1cio Lula da Silva ter\u00e1 encontros reservados com l\u00edderes de quatro pa\u00edses. Todos esses compromissos ser\u00e3o no Museu de Arte Moderna, na regi\u00e3o central da cidade. Confira na palma da m\u00e3o informa\u00e7\u00f5es quentes sobre agricultura, pecu\u00e1ria, economia e previs\u00e3o do tempo: siga o Canal Rural no WhatsApp! O primeiro compromisso de Lula, \u00e0s 9h15, \u00e9 com o primeiro-ministro da \u00cdndia, Narendra Modi. \u00c0s 10h, haver\u00e1 a terceira sess\u00e3o da reuni\u00e3o de l\u00edderes. O tema \u00e9 o desenvolvimento sustent\u00e1vel e transi\u00e7\u00e3o energ\u00e9tica, um dos interesses priorit\u00e1rios do Brasil no G20. Pouco depois das 12h haver\u00e1 a sess\u00e3o de encerramento da c\u00fapula e a cerim\u00f4nia de transmiss\u00e3o da presid\u00eancia do G20 do Brasil para a \u00c1frica do Sul. Em seguida, o presidente Lula oferece almo\u00e7o ao presidente americano, Joe Biden. Na sequ\u00eancia, o presidente da Rep\u00fablica participar\u00e1 de uma confer\u00eancia de imprensa. Na parte da tarde, est\u00e3o previstos ainda dois encontros bilaterais. Um com o primeiro-ministro do Jap\u00e3o, Shigeru Ishiba, e outro com o premi\u00ea do Reino Unido, Keir Starmer. Antes de partir de volta para Bras\u00edlia, o presidente Lula anunciar\u00e1 os resultados da rodada de investimento da Organiza\u00e7\u00e3o Mundial da Sa\u00fade (OMS), ao lado do diretor-geral da institui\u00e7\u00e3o, Tedros Adhanom Ghebreyesus. Declara\u00e7\u00e3o final Os pa\u00edses do G20 divulgaram, na noite da segunda-feira (18), primeiro dia de encontros, a declara\u00e7\u00e3o final do grupo. O documento traz o compromisso das na\u00e7\u00f5es em reformar institui\u00e7\u00f5es, como o Conselho de Seguran\u00e7a da ONU; proposta de taxa\u00e7\u00e3o de super-ricos; reitera metas do Acordo de Paris e condena as guerras em Gaza e na Ucr\u00e2nia. De acordo com o Minist\u00e9rio das Rela\u00e7\u00f5es Exteriores, ter conseguido um consenso logo no primeiro dia da c\u00fapula foi uma grande conquista do governo e da diplomacia do Brasil. Outro marco do primeiro dia foi o lan\u00e7amento da Alian\u00e7a Global contra a Fome e a Pobreza, que nasce com 148 membros fundadores, incluindo 82 pa\u00edses, a Uni\u00e3o Africana, a Uni\u00e3o Europeia, 24 organiza\u00e7\u00f5es internacionais, nove institui\u00e7\u00f5es financeiras internacionais e 31 organiza\u00e7\u00f5es filantr\u00f3picas e n\u00e3o-governamentais. O G20 \u00e9 composto por 19 pa\u00edses: \u00c1frica do Sul, Alemanha, Ar\u00e1bia Saudita, Argentina, Austr\u00e1lia, Brasil, Canad\u00e1, China, Coreia do Sul, Estados Unidos, Fran\u00e7a, \u00cdndia, Indon\u00e9sia, It\u00e1lia, Jap\u00e3o, M\u00e9xico, Reino Unido, R\u00fassia e Turquia, al\u00e9m da Uni\u00e3o Europeia e da Uni\u00e3o Africana. Os integrantes do grupo representam cerca de 85% da economia mundial, mais de 75% do com\u00e9rcio global e cerca de dois ter\u00e7os da popula\u00e7\u00e3o do planeta. O post Transi\u00e7\u00e3o energ\u00e9tica e agenda bilateral s\u00e3o destaque no 2\u00ba dia do G20 apareceu primeiro em Canal Rural.<\/p>\n","protected":false},"author":0,"featured_media":4287,"comment_status":"open","ping_status":"open","sticky":false,"template":"","format":"standard","meta":{"_monsterinsights_skip_tracking":false,"_monsterinsights_sitenote_active":false,"_monsterinsights_sitenote_note":"","_monsterinsights_sitenote_category":0,"footnotes":""},"categories":[1],"tags":[],"class_list":["post-4286","post","type-post","status-publish","format-standard","has-post-thumbnail","hentry","category-agronegocio"],"_links":{"self":[{"href":"https:\/\/senhorafrutta.com.br\/index.php\/wp-json\/wp\/v2\/posts\/4286","targetHints":{"allow":["GET"]}}],"collection":[{"href":"https:\/\/senhorafrutta.com.br\/index.php\/wp-json\/wp\/v2\/posts"}],"about":[{"href":"https:\/\/senhorafrutta.com.br\/index.php\/wp-json\/wp\/v2\/types\/post"}],"replies":[{"embeddable":true,"href":"https:\/\/senhorafrutta.com.br\/index.php\/wp-json\/wp\/v2\/comments?post=4286"}],"version-history":[{"count":0,"href":"https:\/\/senhorafrutta.com.br\/index.php\/wp-json\/wp\/v2\/posts\/4286\/revisions"}],"wp:featuredmedia":[{"embeddable":true,"href":"https:\/\/senhorafrutta.com.br\/index.php\/wp-json\/wp\/v2\/media\/4287"}],"wp:attachment":[{"href":"https:\/\/senhorafrutta.com.br\/index.php\/wp-json\/wp\/v2\/media?parent=4286"}],"wp:term":[{"taxonomy":"category","embeddable":true,"href":"https:\/\/senhorafrutta.com.br\/index.php\/wp-json\/wp\/v2\/categories?post=4286"},{"taxonomy":"post_tag","embeddable":true,"href":"https:\/\/senhorafrutta.com.br\/index.php\/wp-json\/wp\/v2\/tags?post=4286"}],"curies":[{"name":"wp","href":"https:\/\/api.w.org\/{rel}","templated":true}]}}