{"id":3730,"date":"2024-11-01T19:23:32","date_gmt":"2024-11-01T19:23:32","guid":{"rendered":"https:\/\/senhorafrutta.com.br\/index.php\/2024\/11\/01\/video-aeronaves-da-fab-colidem-e-uma-delas-cai-em-area-rural\/"},"modified":"2024-11-01T19:23:32","modified_gmt":"2024-11-01T19:23:32","slug":"video-aeronaves-da-fab-colidem-e-uma-delas-cai-em-area-rural","status":"publish","type":"post","link":"https:\/\/senhorafrutta.com.br\/index.php\/2024\/11\/01\/video-aeronaves-da-fab-colidem-e-uma-delas-cai-em-area-rural\/","title":{"rendered":"V\u00cdDEO: aeronaves da FAB colidem e uma delas cai em \u00e1rea rural"},"content":{"rendered":"<div>Foto: Reprodu\u00e7\u00e3o Redes Sociais<\/div>\n<p>Duas aeronaves da For\u00e7a A\u00e9rea Brasileira <strong><a href=\"https:\/\/www.canalrural.com.br\/tag\/fab\/\">(FAB)<\/a><\/strong> colidiram nesta sexta-feira (1) em Pirassununga, munic\u00edpio do nordeste paulista. Os dois avi\u00f5es eram modelo T-27 Tucano e estavam sendo utilizadas em treinamento de cadetes. <\/p>\n<p><em>Confira na palma da\u00a0<\/em>m\u00e3o\u00a0<em>informa\u00e7\u00f5es quentes sobre agricultura, pecu\u00e1ria, economia e previs\u00e3o do tempo:<\/em><a href=\"https:\/\/www.whatsapp.com\/channel\/0029Va9VnZxGk1FplZjiW43k\"><em>\u00a0<\/em><strong>siga o Canal Rural no WhatsApp<\/strong><\/a>!<\/p>\n<p>De acordo com informa\u00e7\u00f5es da FAB, um dos avi\u00f5es pousou em seguran\u00e7a e o outro foi direcionado para uma \u00e1rea rural. <\/p>\n<p>Nenhuma pessoa em terra se feriu e o piloto conseguiu realizar os procedimentos de eje\u00e7\u00e3o com sucesso. Ele foi resgatado por equipes de salvamento da For\u00e7a.<\/p>\n<div class=\"wp-block-embed__wrapper\">\n<\/div>\n<p>V\u00eddeos que circulam nas redes sociais (acima) mostram muita fuma\u00e7a na regi\u00e3o e um avi\u00e3o em chamas ca\u00eddo em uma \u00e1rea rural. H\u00e1 filmagens tamb\u00e9m que apresentam o piloto de uma das aeronaves utilizando um paraquedas, momentos depois dele ter se ejetado do avi\u00e3o.<\/p>\n<p>Em nota, a FAB esclareceu que o Centro de Investiga\u00e7\u00e3o e Preven\u00e7\u00e3o de Acidentes Aeron\u00e1uticos (Cenipa) investigar\u00e1 o acidente para identificar os poss\u00edveis fatores que contribu\u00edram com o acidente.<\/p>\n<p>Vale lembrar que no dia 22 de outubro, outro ca\u00e7a da For\u00e7a A\u00e9rea Brasileira, um F-5M, tamb\u00e9m caiu. A ocorr\u00eancia se deu no munic\u00edpio de Parnamirim, na Grande Natal, no Rio Grande do Norte, tamb\u00e9m durante um exerc\u00edcio a\u00e9reo.<\/p>\n<p>Na ocasi\u00e3o, o piloto conseguiu se ejetar antes do ca\u00e7a colidir com o solo e foi resgatado por uma equipe de salvamento.<\/p>\n<p>O post <a href=\"https:\/\/www.canalrural.com.br\/diversos\/video-aeronaves-da-fab-colidem-e-uma-delas-cai-em-area-rural\/\">V\u00cdDEO: aeronaves da FAB colidem e uma delas cai em \u00e1rea rural<\/a> apareceu primeiro em <a href=\"https:\/\/www.canalrural.com.br\/\">Canal Rural<\/a>.<\/p>","protected":false},"excerpt":{"rendered":"<p>Foto: Reprodu\u00e7\u00e3o Redes Sociais Duas aeronaves da For\u00e7a A\u00e9rea Brasileira (FAB) colidiram nesta sexta-feira (1) em Pirassununga, munic\u00edpio do nordeste paulista. Os dois avi\u00f5es eram modelo T-27 Tucano e estavam sendo utilizadas em treinamento de cadetes. Confira na palma da\u00a0m\u00e3o\u00a0informa\u00e7\u00f5es quentes sobre agricultura, pecu\u00e1ria, economia e previs\u00e3o do tempo:\u00a0siga o Canal Rural no WhatsApp! De acordo com informa\u00e7\u00f5es da FAB, um dos avi\u00f5es pousou em seguran\u00e7a e o outro foi direcionado para uma \u00e1rea rural. Nenhuma pessoa em terra se feriu e o piloto conseguiu realizar os procedimentos de eje\u00e7\u00e3o com sucesso. Ele foi resgatado por equipes de salvamento da For\u00e7a. V\u00eddeos que circulam nas redes sociais (acima) mostram muita fuma\u00e7a na regi\u00e3o e um avi\u00e3o em chamas ca\u00eddo em uma \u00e1rea rural. H\u00e1 filmagens tamb\u00e9m que apresentam o piloto de uma das aeronaves utilizando um paraquedas, momentos depois dele ter se ejetado do avi\u00e3o. Em nota, a FAB esclareceu que o Centro de Investiga\u00e7\u00e3o e Preven\u00e7\u00e3o de Acidentes Aeron\u00e1uticos (Cenipa) investigar\u00e1 o acidente para identificar os poss\u00edveis fatores que contribu\u00edram com o acidente. Vale lembrar que no dia 22 de outubro, outro ca\u00e7a da For\u00e7a A\u00e9rea Brasileira, um F-5M, tamb\u00e9m caiu. A ocorr\u00eancia se deu no munic\u00edpio de Parnamirim, na Grande Natal, no Rio Grande do Norte, tamb\u00e9m durante um exerc\u00edcio a\u00e9reo. Na ocasi\u00e3o, o piloto conseguiu se ejetar antes do ca\u00e7a colidir com o solo e foi resgatado por uma equipe de salvamento. O post V\u00cdDEO: aeronaves da FAB colidem e uma delas cai em \u00e1rea rural apareceu primeiro em Canal Rural.<\/p>\n","protected":false},"author":0,"featured_media":3731,"comment_status":"open","ping_status":"open","sticky":false,"template":"","format":"standard","meta":{"_monsterinsights_skip_tracking":false,"_monsterinsights_sitenote_active":false,"_monsterinsights_sitenote_note":"","_monsterinsights_sitenote_category":0,"footnotes":""},"categories":[1],"tags":[],"class_list":["post-3730","post","type-post","status-publish","format-standard","has-post-thumbnail","hentry","category-agronegocio"],"_links":{"self":[{"href":"https:\/\/senhorafrutta.com.br\/index.php\/wp-json\/wp\/v2\/posts\/3730","targetHints":{"allow":["GET"]}}],"collection":[{"href":"https:\/\/senhorafrutta.com.br\/index.php\/wp-json\/wp\/v2\/posts"}],"about":[{"href":"https:\/\/senhorafrutta.com.br\/index.php\/wp-json\/wp\/v2\/types\/post"}],"replies":[{"embeddable":true,"href":"https:\/\/senhorafrutta.com.br\/index.php\/wp-json\/wp\/v2\/comments?post=3730"}],"version-history":[{"count":0,"href":"https:\/\/senhorafrutta.com.br\/index.php\/wp-json\/wp\/v2\/posts\/3730\/revisions"}],"wp:featuredmedia":[{"embeddable":true,"href":"https:\/\/senhorafrutta.com.br\/index.php\/wp-json\/wp\/v2\/media\/3731"}],"wp:attachment":[{"href":"https:\/\/senhorafrutta.com.br\/index.php\/wp-json\/wp\/v2\/media?parent=3730"}],"wp:term":[{"taxonomy":"category","embeddable":true,"href":"https:\/\/senhorafrutta.com.br\/index.php\/wp-json\/wp\/v2\/categories?post=3730"},{"taxonomy":"post_tag","embeddable":true,"href":"https:\/\/senhorafrutta.com.br\/index.php\/wp-json\/wp\/v2\/tags?post=3730"}],"curies":[{"name":"wp","href":"https:\/\/api.w.org\/{rel}","templated":true}]}}