{"id":3671,"date":"2024-10-30T19:28:51","date_gmt":"2024-10-30T19:28:51","guid":{"rendered":"https:\/\/senhorafrutta.com.br\/index.php\/2024\/10\/30\/em-patos-de-minas-mg-plantio-da-soja-avanca-veja-os-numeros-da-semeadura\/"},"modified":"2024-10-30T19:28:51","modified_gmt":"2024-10-30T19:28:51","slug":"em-patos-de-minas-mg-plantio-da-soja-avanca-veja-os-numeros-da-semeadura","status":"publish","type":"post","link":"https:\/\/senhorafrutta.com.br\/index.php\/2024\/10\/30\/em-patos-de-minas-mg-plantio-da-soja-avanca-veja-os-numeros-da-semeadura\/","title":{"rendered":"Em Patos de Minas (MG), plantio da soja avan\u00e7a; veja os n\u00fameros da semeadura"},"content":{"rendered":"<div>Foto: divulga\u00e7\u00e3o<\/div>\n\n<p>O plantio de <a href=\"https:\/\/www.canalrural.com.br\/?s=soja\">soja <\/a>para a safra 2024\/25 em Patos de Minas, no centro-oeste de Minas Gerais, come\u00e7ou no dia 18 de outubro e j\u00e1 cobre cerca de 20% da \u00e1rea estimada de 35 mil hectares, conforme informa\u00e7\u00f5es da Emater local. As informa\u00e7\u00f5es s\u00e3o da <a href=\"https:\/\/safras.com.br\/\">Safras &amp; Mercado. <\/a><\/p>\n<p>O ritmo de plantio, no entanto, est\u00e1 um lento devido \u00e0s chuvas intensas que come\u00e7aram em 16 de outubro, que acumularam mais de 123 mil\u00edmetros at\u00e9 o momento. As previs\u00f5es indicam a continuidade das chuvas nos pr\u00f3ximos dias, o que pode atrasar ainda mais as atividades de semeadura.<\/p>\n<p class=\"has-text-align-center\"><em>Confira na palma da m\u00e3o informa\u00e7\u00f5es quentes sobre agricultura, pecu\u00e1ria, economia e previs\u00e3o do tempo:<\/em><a href=\"https:\/\/www.whatsapp.com\/channel\/0029Va9VnZxGk1FplZjiW43k\"><em>\u00a0<\/em><strong>siga o Canal Rural no WhatsApp<\/strong><\/a>!<\/p>\n<p>Apesar das dificuldades, o desenvolvimento inicial da soja \u00e9 considerado promissor, impulsionado pela boa luminosidade recebida nas lavouras na semana passada. Se as condi\u00e7\u00f5es clim\u00e1ticas forem favor\u00e1veis, a produtividade m\u00e9dia em Patos de Minas pode chegar a 4.000 quilos por hectare, superando os 2.800 quilos por hectare da safra anterior, que enfrentou problemas de estiagem.<\/p>\n<h2 class=\"wp-block-heading\">Proje\u00e7\u00f5es<\/h2>\n<p>A \u00e1rea cultivada com soja em Minas Gerais deve chegar a 2,35 milh\u00f5es de hectares na temporada 2024\/25, um aumento de 4,4% em rela\u00e7\u00e3o aos 2,25 milh\u00f5es de hectares da safra passada. At\u00e9 o dia 25 de outubro, 26% da \u00e1rea havia sido semeada, comparado a 8% na semana anterior e 21% no mesmo per\u00edodo de 2023. A m\u00e9dia dos \u00faltimos cinco anos \u00e9 de 22,4%.<\/p>\n<p>A produ\u00e7\u00e3o no estado \u00e9 estimada em 8,979 milh\u00f5es de toneladas para 2024\/25, o que representa um aumento de 7,8% em compara\u00e7\u00e3o com 8,328 milh\u00f5es de toneladas da safra 2023\/24. O rendimento m\u00e9dio esperado \u00e9 de 3.840 quilos por hectare, superior aos 3.720 quilos por hectare da temporada anterior.<\/p>\n<p>O post <a href=\"https:\/\/www.canalrural.com.br\/agricultura\/projeto-soja-brasil\/em-patos-de-minas-mg-plantio-da-soja-avanca-veja-os-numeros-da-semeadura\/\">Em Patos de Minas (MG), plantio da soja avan\u00e7a; veja os n\u00fameros da semeadura<\/a> apareceu primeiro em <a href=\"https:\/\/www.canalrural.com.br\/\">Canal Rural<\/a>.<\/p>","protected":false},"excerpt":{"rendered":"<p>Foto: divulga\u00e7\u00e3o O plantio de soja para a safra 2024\/25 em Patos de Minas, no centro-oeste de Minas Gerais, come\u00e7ou no dia 18 de outubro e j\u00e1 cobre cerca de 20% da \u00e1rea estimada de 35 mil hectares, conforme informa\u00e7\u00f5es da Emater local. As informa\u00e7\u00f5es s\u00e3o da Safras &amp; Mercado. O ritmo de plantio, no entanto, est\u00e1 um lento devido \u00e0s chuvas intensas que come\u00e7aram em 16 de outubro, que acumularam mais de 123 mil\u00edmetros at\u00e9 o momento. As previs\u00f5es indicam a continuidade das chuvas nos pr\u00f3ximos dias, o que pode atrasar ainda mais as atividades de semeadura. Confira na palma da m\u00e3o informa\u00e7\u00f5es quentes sobre agricultura, pecu\u00e1ria, economia e previs\u00e3o do tempo:\u00a0siga o Canal Rural no WhatsApp! Apesar das dificuldades, o desenvolvimento inicial da soja \u00e9 considerado promissor, impulsionado pela boa luminosidade recebida nas lavouras na semana passada. Se as condi\u00e7\u00f5es clim\u00e1ticas forem favor\u00e1veis, a produtividade m\u00e9dia em Patos de Minas pode chegar a 4.000 quilos por hectare, superando os 2.800 quilos por hectare da safra anterior, que enfrentou problemas de estiagem. Proje\u00e7\u00f5es A \u00e1rea cultivada com soja em Minas Gerais deve chegar a 2,35 milh\u00f5es de hectares na temporada 2024\/25, um aumento de 4,4% em rela\u00e7\u00e3o aos 2,25 milh\u00f5es de hectares da safra passada. At\u00e9 o dia 25 de outubro, 26% da \u00e1rea havia sido semeada, comparado a 8% na semana anterior e 21% no mesmo per\u00edodo de 2023. A m\u00e9dia dos \u00faltimos cinco anos \u00e9 de 22,4%. A produ\u00e7\u00e3o no estado \u00e9 estimada em 8,979 milh\u00f5es de toneladas para 2024\/25, o que representa um aumento de 7,8% em compara\u00e7\u00e3o com 8,328 milh\u00f5es de toneladas da safra 2023\/24. O rendimento m\u00e9dio esperado \u00e9 de 3.840 quilos por hectare, superior aos 3.720 quilos por hectare da temporada anterior. O post Em Patos de Minas (MG), plantio da soja avan\u00e7a; veja os n\u00fameros da semeadura apareceu primeiro em Canal Rural.<\/p>\n","protected":false},"author":0,"featured_media":3672,"comment_status":"open","ping_status":"open","sticky":false,"template":"","format":"standard","meta":{"_monsterinsights_skip_tracking":false,"_monsterinsights_sitenote_active":false,"_monsterinsights_sitenote_note":"","_monsterinsights_sitenote_category":0,"footnotes":""},"categories":[1],"tags":[],"class_list":["post-3671","post","type-post","status-publish","format-standard","has-post-thumbnail","hentry","category-agronegocio"],"_links":{"self":[{"href":"https:\/\/senhorafrutta.com.br\/index.php\/wp-json\/wp\/v2\/posts\/3671","targetHints":{"allow":["GET"]}}],"collection":[{"href":"https:\/\/senhorafrutta.com.br\/index.php\/wp-json\/wp\/v2\/posts"}],"about":[{"href":"https:\/\/senhorafrutta.com.br\/index.php\/wp-json\/wp\/v2\/types\/post"}],"replies":[{"embeddable":true,"href":"https:\/\/senhorafrutta.com.br\/index.php\/wp-json\/wp\/v2\/comments?post=3671"}],"version-history":[{"count":0,"href":"https:\/\/senhorafrutta.com.br\/index.php\/wp-json\/wp\/v2\/posts\/3671\/revisions"}],"wp:featuredmedia":[{"embeddable":true,"href":"https:\/\/senhorafrutta.com.br\/index.php\/wp-json\/wp\/v2\/media\/3672"}],"wp:attachment":[{"href":"https:\/\/senhorafrutta.com.br\/index.php\/wp-json\/wp\/v2\/media?parent=3671"}],"wp:term":[{"taxonomy":"category","embeddable":true,"href":"https:\/\/senhorafrutta.com.br\/index.php\/wp-json\/wp\/v2\/categories?post=3671"},{"taxonomy":"post_tag","embeddable":true,"href":"https:\/\/senhorafrutta.com.br\/index.php\/wp-json\/wp\/v2\/tags?post=3671"}],"curies":[{"name":"wp","href":"https:\/\/api.w.org\/{rel}","templated":true}]}}