{"id":3667,"date":"2024-10-30T20:17:21","date_gmt":"2024-10-30T20:17:21","guid":{"rendered":"https:\/\/senhorafrutta.com.br\/index.php\/2024\/10\/30\/agricultores-familiares-recebem-miniusina-de-beneficiamento-de-algodao\/"},"modified":"2024-10-30T20:17:21","modified_gmt":"2024-10-30T20:17:21","slug":"agricultores-familiares-recebem-miniusina-de-beneficiamento-de-algodao","status":"publish","type":"post","link":"https:\/\/senhorafrutta.com.br\/index.php\/2024\/10\/30\/agricultores-familiares-recebem-miniusina-de-beneficiamento-de-algodao\/","title":{"rendered":"Agricultores familiares recebem miniusina de beneficiamento de algod\u00e3o"},"content":{"rendered":"<div>Foto: Vinicius Moura\/GOVPI<\/div>\n<p>Uma <strong>miniusina m\u00f3vel de beneficiamento de algod\u00e3o<\/strong> foi entregue pela Secretaria da Agricultura Familiar (SAF) do Piau\u00ed, para a Associa\u00e7\u00e3o de Moradores da Comunidade Lagoa do Ju\u00e1, na zona rural de S\u00e3o Francisco de Assis do Piau\u00ed, no Territ\u00f3rio de Desenvolvimento Vale do Canind\u00e9.<\/p>\n<p>O equipamento foi adquirido com recursos pr\u00f3prios da secretaria e entregue na \u00faltima sexta-feira (25). A m\u00e1quina vai auxiliar nas atividades produtivas de cerca de <strong>50 fam\u00edlias<\/strong>.<\/p>\n<p>De acordo com o superintendente de A\u00e7\u00f5es de Apoio \u00e0 Agricultura Familiar da SAF, Cl\u00e9bio Coutinho, a entrega tamb\u00e9m vai beneficiar agricultores de comunidades rurais do munic\u00edpio de Paulistana.<\/p>\n<p>\u201cEsse equipamento, uma miniusina m\u00f3vel de beneficiamento do algod\u00e3o, vai auxiliar os produtores de algod\u00e3o org\u00e2nico cultivado em cons\u00f3rcio agroalimentar tanto aqui da comunidade Lagoa do Ju\u00e1 como de toda a regi\u00e3o. Isso vai possibilitar que as fam\u00edlias beneficiem o algod\u00e3o produzido aqui na pr\u00f3pria comunidade\u201d, disse o gestor.<\/p>\n<p>Foto: Vinicius Moura\/GOVPI<\/p>\n<p>A presidente da Associa\u00e7\u00e3o de Produtores da Comunidade Lagoa do Ju\u00e1, Luiza Josefa, celebrou a chegada do equipamento. <\/p>\n<p>Segundo ela, a partir de agora os produtores n\u00e3o v\u00e3o precisar levar o algod\u00e3o colhido para ser beneficiado em Paulistana (PI).\u00a0<\/p>\n<p>\u201cA gente plantava e colhia o algod\u00e3o e levava para Paulistana, para ser beneficiado l\u00e1. A\u00ed surgiu a ideia de solicitarmos um projeto para n\u00f3s conseguirmos ter essa miniusina para estar beneficiando o algod\u00e3o aqui na comunidade. A luta foi grande, mas conseguimos, e a gente espera que as coisas melhorem ainda mais no processamento do algod\u00e3o\u201d, disse a produtora.\u00a0<\/p>\n<p>A miniusina m\u00f3vel permite obter o produto em pluma organizado em fardos, a partir do algod\u00e3o em rama. <\/p>\n<p>O equipamento tira o caro\u00e7o do algod\u00e3o e o separa, para ser utilizado ou no plantio da safra seguinte ou para ra\u00e7\u00e3o animal.\u00a0<\/p>\n<h2 class=\"wp-block-heading\"><strong>Algod\u00e3o org\u00e2nico<\/strong><\/h2>\n<p>O algod\u00e3o que agora vai ser processado na miniusina tem alto valor agregado por ter certifica\u00e7\u00e3o org\u00e2nica.<\/p>\n<p>De acordo com a SAF, em 2024, foram produzidas <strong>9 toneladas<\/strong>\u00a0de algod\u00e3o org\u00e2nico. O produto \u00e9 exportado integralmente para a f\u00e1brica francesa Vert, que produz t\u00eanis a partir de materiais org\u00e2nicos e agroecol\u00f3gicos.<\/p>\n<p>Produtores de S\u00e3o Raimundo Nonato, Canto do Buriti, S\u00e3o Francisco de Assis do Piau\u00ed e Paulistana possuem a certifica\u00e7\u00e3o feita pela Associa\u00e7\u00e3o dos Produtores Agroecol\u00f3gicos do Semi\u00e1rido (Apaspi).<\/p>\n<p>Foto: Vinicius Moura\/GOVPI<\/p>\n<p>Para ter a certifica\u00e7\u00e3o org\u00e2nica, o produtor precisa atender a alguns crit\u00e9rios, como n\u00e3o realizar queimadas na propriedade, colocar algum tipo de agrot\u00f3xico, e tem que ser consorciado de acordo com os crit\u00e9rios da Apaspi.\u00a0<\/p>\n<p>O agricultor Deusimar Gomes conta que a certifica\u00e7\u00e3o de org\u00e2nico vem a partir de comiss\u00f5es que realizam as fiscaliza\u00e7\u00f5es in loco.\u00a0<\/p>\n<p>\u201cA certifica\u00e7\u00e3o \u00e9 feita pelo modo participativo. O nosso grupo \u00e9 composto por duas comiss\u00f5es, assim como os demais. Comiss\u00e3o de \u00e9tica e comiss\u00e3o de avalia\u00e7\u00e3o. Elas s\u00e3o respons\u00e1veis por fazer as visitas. A de \u00e9tica faz a visita do seu pr\u00f3prio grupo, dos pr\u00f3prios produtores. E a comiss\u00e3o de avalia\u00e7\u00e3o vem de um outro grupo para saber e verificar o trabalho da comiss\u00e3o de \u00e9tica. Ent\u00e3o isso \u00e9 o processo da certifica\u00e7\u00e3o\u201d, explicou o produtor.<\/p>\n<p>Atualmente existem duas usinas de beneficiamento de algod\u00e3o, em Paulistana, para onde era levado o algod\u00e3o produzido em S\u00e3o Francisco de Assis, e S\u00e3o Raimundo Nonato.\u00a0<\/p>\n<p><a href=\"https:\/\/www.canalrural.com.br\/nacional\/bahia\/bahia-ultrapassa-131-milhoes-de-cabecas-de-gado-e-consolida-lideranca-no-nordeste\/\">Bahia ultrapassa 13,1 mi de cabe\u00e7as de gado e consolida lideran\u00e7a no Nordeste<\/a><\/p>\n<p><em>Siga o\u00a0<a href=\"https:\/\/www.instagram.com\/canalruralbahia\/\">Canal Rural Bahia no Instagram<\/a>! Voc\u00ea tamb\u00e9m pode participar deixando uma sugest\u00e3o de pauta. Clique\u00a0<a href=\"https:\/\/wa.me\/5577999455066\"><strong>aqui<\/strong><\/a>\u00a0e envie uma mensagem para o nosso WhatsApp<\/em>!<\/p>\n<p>O post <a href=\"https:\/\/www.canalrural.com.br\/nacional\/bahia\/agricultores-familiares-recebem-miniusina-de-beneficiamento-de-algodao\/\">Agricultores familiares recebem miniusina de beneficiamento de algod\u00e3o<\/a> apareceu primeiro em <a href=\"https:\/\/www.canalrural.com.br\/\">Canal Rural<\/a>.<\/p>","protected":false},"excerpt":{"rendered":"<p>Foto: Vinicius Moura\/GOVPI Uma miniusina m\u00f3vel de beneficiamento de algod\u00e3o foi entregue pela Secretaria da Agricultura Familiar (SAF) do Piau\u00ed, para a Associa\u00e7\u00e3o de Moradores da Comunidade Lagoa do Ju\u00e1, na zona rural de S\u00e3o Francisco de Assis do Piau\u00ed, no Territ\u00f3rio de Desenvolvimento Vale do Canind\u00e9. O equipamento foi adquirido com recursos pr\u00f3prios da secretaria e entregue na \u00faltima sexta-feira (25). A m\u00e1quina vai auxiliar nas atividades produtivas de cerca de 50 fam\u00edlias. De acordo com o superintendente de A\u00e7\u00f5es de Apoio \u00e0 Agricultura Familiar da SAF, Cl\u00e9bio Coutinho, a entrega tamb\u00e9m vai beneficiar agricultores de comunidades rurais do munic\u00edpio de Paulistana. \u201cEsse equipamento, uma miniusina m\u00f3vel de beneficiamento do algod\u00e3o, vai auxiliar os produtores de algod\u00e3o org\u00e2nico cultivado em cons\u00f3rcio agroalimentar tanto aqui da comunidade Lagoa do Ju\u00e1 como de toda a regi\u00e3o. Isso vai possibilitar que as fam\u00edlias beneficiem o algod\u00e3o produzido aqui na pr\u00f3pria comunidade\u201d, disse o gestor. Foto: Vinicius Moura\/GOVPI A presidente da Associa\u00e7\u00e3o de Produtores da Comunidade Lagoa do Ju\u00e1, Luiza Josefa, celebrou a chegada do equipamento. Segundo ela, a partir de agora os produtores n\u00e3o v\u00e3o precisar levar o algod\u00e3o colhido para ser beneficiado em Paulistana (PI).\u00a0 \u201cA gente plantava e colhia o algod\u00e3o e levava para Paulistana, para ser beneficiado l\u00e1. A\u00ed surgiu a ideia de solicitarmos um projeto para n\u00f3s conseguirmos ter essa miniusina para estar beneficiando o algod\u00e3o aqui na comunidade. A luta foi grande, mas conseguimos, e a gente espera que as coisas melhorem ainda mais no processamento do algod\u00e3o\u201d, disse a produtora.\u00a0 A miniusina m\u00f3vel permite obter o produto em pluma organizado em fardos, a partir do algod\u00e3o em rama. O equipamento tira o caro\u00e7o do algod\u00e3o e o separa, para ser utilizado ou no plantio da safra seguinte ou para ra\u00e7\u00e3o animal.\u00a0 Algod\u00e3o org\u00e2nico O algod\u00e3o que agora vai ser processado na miniusina tem alto valor agregado por ter certifica\u00e7\u00e3o org\u00e2nica. De acordo com a SAF, em 2024, foram produzidas 9 toneladas\u00a0de algod\u00e3o org\u00e2nico. O produto \u00e9 exportado integralmente para a f\u00e1brica francesa Vert, que produz t\u00eanis a partir de materiais org\u00e2nicos e agroecol\u00f3gicos. Produtores de S\u00e3o Raimundo Nonato, Canto do Buriti, S\u00e3o Francisco de Assis do Piau\u00ed e Paulistana possuem a certifica\u00e7\u00e3o feita pela Associa\u00e7\u00e3o dos Produtores Agroecol\u00f3gicos do Semi\u00e1rido (Apaspi). Foto: Vinicius Moura\/GOVPI Para ter a certifica\u00e7\u00e3o org\u00e2nica, o produtor precisa atender a alguns crit\u00e9rios, como n\u00e3o realizar queimadas na propriedade, colocar algum tipo de agrot\u00f3xico, e tem que ser consorciado de acordo com os crit\u00e9rios da Apaspi.\u00a0 O agricultor Deusimar Gomes conta que a certifica\u00e7\u00e3o de org\u00e2nico vem a partir de comiss\u00f5es que realizam as fiscaliza\u00e7\u00f5es in loco.\u00a0 \u201cA certifica\u00e7\u00e3o \u00e9 feita pelo modo participativo. O nosso grupo \u00e9 composto por duas comiss\u00f5es, assim como os demais. Comiss\u00e3o de \u00e9tica e comiss\u00e3o de avalia\u00e7\u00e3o. Elas s\u00e3o respons\u00e1veis por fazer as visitas. A de \u00e9tica faz a visita do seu pr\u00f3prio grupo, dos pr\u00f3prios produtores. E a comiss\u00e3o de avalia\u00e7\u00e3o vem de um outro grupo para saber e verificar o trabalho da comiss\u00e3o de \u00e9tica. Ent\u00e3o isso \u00e9 o processo da certifica\u00e7\u00e3o\u201d, explicou o produtor. Atualmente existem duas usinas de beneficiamento de algod\u00e3o, em Paulistana, para onde era levado o algod\u00e3o produzido em S\u00e3o Francisco de Assis, e S\u00e3o Raimundo Nonato.\u00a0 Bahia ultrapassa 13,1 mi de cabe\u00e7as de gado e consolida lideran\u00e7a no Nordeste Siga o\u00a0Canal Rural Bahia no Instagram! Voc\u00ea tamb\u00e9m pode participar deixando uma sugest\u00e3o de pauta. Clique\u00a0aqui\u00a0e envie uma mensagem para o nosso WhatsApp! O post Agricultores familiares recebem miniusina de beneficiamento de algod\u00e3o apareceu primeiro em Canal Rural.<\/p>\n","protected":false},"author":0,"featured_media":3668,"comment_status":"open","ping_status":"open","sticky":false,"template":"","format":"standard","meta":{"_monsterinsights_skip_tracking":false,"_monsterinsights_sitenote_active":false,"_monsterinsights_sitenote_note":"","_monsterinsights_sitenote_category":0,"footnotes":""},"categories":[1],"tags":[],"class_list":["post-3667","post","type-post","status-publish","format-standard","has-post-thumbnail","hentry","category-agronegocio"],"_links":{"self":[{"href":"https:\/\/senhorafrutta.com.br\/index.php\/wp-json\/wp\/v2\/posts\/3667","targetHints":{"allow":["GET"]}}],"collection":[{"href":"https:\/\/senhorafrutta.com.br\/index.php\/wp-json\/wp\/v2\/posts"}],"about":[{"href":"https:\/\/senhorafrutta.com.br\/index.php\/wp-json\/wp\/v2\/types\/post"}],"replies":[{"embeddable":true,"href":"https:\/\/senhorafrutta.com.br\/index.php\/wp-json\/wp\/v2\/comments?post=3667"}],"version-history":[{"count":0,"href":"https:\/\/senhorafrutta.com.br\/index.php\/wp-json\/wp\/v2\/posts\/3667\/revisions"}],"wp:featuredmedia":[{"embeddable":true,"href":"https:\/\/senhorafrutta.com.br\/index.php\/wp-json\/wp\/v2\/media\/3668"}],"wp:attachment":[{"href":"https:\/\/senhorafrutta.com.br\/index.php\/wp-json\/wp\/v2\/media?parent=3667"}],"wp:term":[{"taxonomy":"category","embeddable":true,"href":"https:\/\/senhorafrutta.com.br\/index.php\/wp-json\/wp\/v2\/categories?post=3667"},{"taxonomy":"post_tag","embeddable":true,"href":"https:\/\/senhorafrutta.com.br\/index.php\/wp-json\/wp\/v2\/tags?post=3667"}],"curies":[{"name":"wp","href":"https:\/\/api.w.org\/{rel}","templated":true}]}}