{"id":3585,"date":"2024-10-27T21:24:11","date_gmt":"2024-10-27T21:24:11","guid":{"rendered":"https:\/\/senhorafrutta.com.br\/index.php\/2024\/10\/27\/eduardo-pimentel-sera-o-novo-prefeito-de-curitiba\/"},"modified":"2024-10-27T21:24:11","modified_gmt":"2024-10-27T21:24:11","slug":"eduardo-pimentel-sera-o-novo-prefeito-de-curitiba","status":"publish","type":"post","link":"https:\/\/senhorafrutta.com.br\/index.php\/2024\/10\/27\/eduardo-pimentel-sera-o-novo-prefeito-de-curitiba\/","title":{"rendered":"Eduardo Pimentel ser\u00e1 o novo prefeito de Curitiba"},"content":{"rendered":"<div>Foto: arquivo pessoal<\/div>\n<p>Eduardo Pimentel (PSD) venceu a disputa para a prefeitura da capital paranaense,\u00a0Curitiba, com 57,34% dos votos v\u00e1lidos. Ele disputou o segundo turno com\u00a0 Cristina Graeml (PMB),\u00a0que\u00a0teve 42,66% dos votos v\u00e1lidos. At\u00e9 agora foram apuradas 94,41% das urnas.<\/p>\n<p>Aos 40 anos, Pimentel disputa a elei\u00e7\u00e3o com apoio da coliga\u00e7\u00e3o Curitiba Amor e Inova\u00e7\u00e3o, formada pelos partidos PSD, Podemos, Republicanos, PL, MDB, Novo, Avante e PRTB. Pimentel j\u00e1 foi vice-prefeito de Curitiba em 2016 e 2020, na chapa de Rafael Greca. Tamb\u00e9m j\u00e1 ocupou o cargo de\u00a0secret\u00e1rio municipal de Obras P\u00fablicas.\u00a0<\/p>\n<p>O post <a href=\"https:\/\/www.canalrural.com.br\/politica\/eduardo-pimentel-sera-o-novo-prefeito-de-curitiba\/\">Eduardo Pimentel ser\u00e1 o novo prefeito de Curitiba<\/a> apareceu primeiro em <a href=\"https:\/\/www.canalrural.com.br\/\">Canal Rural<\/a>.<\/p>","protected":false},"excerpt":{"rendered":"<p>Foto: arquivo pessoal Eduardo Pimentel (PSD) venceu a disputa para a prefeitura da capital paranaense,\u00a0Curitiba, com 57,34% dos votos v\u00e1lidos. Ele disputou o segundo turno com\u00a0 Cristina Graeml (PMB),\u00a0que\u00a0teve 42,66% dos votos v\u00e1lidos. At\u00e9 agora foram apuradas 94,41% das urnas. Aos 40 anos, Pimentel disputa a elei\u00e7\u00e3o com apoio da coliga\u00e7\u00e3o Curitiba Amor e Inova\u00e7\u00e3o, formada pelos partidos PSD, Podemos, Republicanos, PL, MDB, Novo, Avante e PRTB. Pimentel j\u00e1 foi vice-prefeito de Curitiba em 2016 e 2020, na chapa de Rafael Greca. Tamb\u00e9m j\u00e1 ocupou o cargo de\u00a0secret\u00e1rio municipal de Obras P\u00fablicas.\u00a0 O post Eduardo Pimentel ser\u00e1 o novo prefeito de Curitiba apareceu primeiro em Canal Rural.<\/p>\n","protected":false},"author":0,"featured_media":3586,"comment_status":"open","ping_status":"open","sticky":false,"template":"","format":"standard","meta":{"_monsterinsights_skip_tracking":false,"_monsterinsights_sitenote_active":false,"_monsterinsights_sitenote_note":"","_monsterinsights_sitenote_category":0,"footnotes":""},"categories":[1],"tags":[],"class_list":["post-3585","post","type-post","status-publish","format-standard","has-post-thumbnail","hentry","category-agronegocio"],"_links":{"self":[{"href":"https:\/\/senhorafrutta.com.br\/index.php\/wp-json\/wp\/v2\/posts\/3585","targetHints":{"allow":["GET"]}}],"collection":[{"href":"https:\/\/senhorafrutta.com.br\/index.php\/wp-json\/wp\/v2\/posts"}],"about":[{"href":"https:\/\/senhorafrutta.com.br\/index.php\/wp-json\/wp\/v2\/types\/post"}],"replies":[{"embeddable":true,"href":"https:\/\/senhorafrutta.com.br\/index.php\/wp-json\/wp\/v2\/comments?post=3585"}],"version-history":[{"count":0,"href":"https:\/\/senhorafrutta.com.br\/index.php\/wp-json\/wp\/v2\/posts\/3585\/revisions"}],"wp:featuredmedia":[{"embeddable":true,"href":"https:\/\/senhorafrutta.com.br\/index.php\/wp-json\/wp\/v2\/media\/3586"}],"wp:attachment":[{"href":"https:\/\/senhorafrutta.com.br\/index.php\/wp-json\/wp\/v2\/media?parent=3585"}],"wp:term":[{"taxonomy":"category","embeddable":true,"href":"https:\/\/senhorafrutta.com.br\/index.php\/wp-json\/wp\/v2\/categories?post=3585"},{"taxonomy":"post_tag","embeddable":true,"href":"https:\/\/senhorafrutta.com.br\/index.php\/wp-json\/wp\/v2\/tags?post=3585"}],"curies":[{"name":"wp","href":"https:\/\/api.w.org\/{rel}","templated":true}]}}