{"id":3573,"date":"2024-10-27T22:31:04","date_gmt":"2024-10-27T22:31:04","guid":{"rendered":"https:\/\/senhorafrutta.com.br\/index.php\/2024\/10\/27\/fuad-nomam-psd-e-eleito-prefeito-de-belo-horizonte\/"},"modified":"2024-10-27T22:31:04","modified_gmt":"2024-10-27T22:31:04","slug":"fuad-nomam-psd-e-eleito-prefeito-de-belo-horizonte","status":"publish","type":"post","link":"https:\/\/senhorafrutta.com.br\/index.php\/2024\/10\/27\/fuad-nomam-psd-e-eleito-prefeito-de-belo-horizonte\/","title":{"rendered":"Fuad Nomam (PSD) \u00e9 eleito prefeito de Belo Horizonte"},"content":{"rendered":"<div>Foto: redes sociais<\/div>\n<p>O candidato\u00a0Fuad Nomam (PL) venceu a disputa para a prefeitura da Belo Horizonte (MG), com 53,76% dos votos v\u00e1lidos. Ela disputou o segundo turno com\u00a0 Bruno Engler (PL) que, at\u00e9 o momento, teve 46,24% dos votos v\u00e1lidos. At\u00e9 agora foram apurados 96,07% das urnas.<\/p>\n<p>Fuad Noman tem 77 anos, \u00e9 escritor, economista e foi servidor p\u00fablico de carreira do Banco Central. Ele assumiu a prefeitura de BH ap\u00f3s a ren\u00fancia de Alexandre Kalil, que concorreu ao governo de Minas Gerais. Fez parte do governo Fernando Henrique Cardoso como secret\u00e1rio-executivo da Casa Civil e do governo de Minas Gerais como secret\u00e1rio de Fazenda e de Transporte. Na prefeitura de BH chegou a comandar a Secretaria Municipal de Fazenda.<\/p>\n<p>O post <a href=\"https:\/\/www.canalrural.com.br\/politica\/fuad-nomam-psd-e-eleito-prefeito-de-belo-horizonte\/\">Fuad Nomam (PSD) \u00e9 eleito prefeito de Belo Horizonte<\/a> apareceu primeiro em <a href=\"https:\/\/www.canalrural.com.br\/\">Canal Rural<\/a>.<\/p>","protected":false},"excerpt":{"rendered":"<p>Foto: redes sociais O candidato\u00a0Fuad Nomam (PL) venceu a disputa para a prefeitura da Belo Horizonte (MG), com 53,76% dos votos v\u00e1lidos. Ela disputou o segundo turno com\u00a0 Bruno Engler (PL) que, at\u00e9 o momento, teve 46,24% dos votos v\u00e1lidos. At\u00e9 agora foram apurados 96,07% das urnas. Fuad Noman tem 77 anos, \u00e9 escritor, economista e foi servidor p\u00fablico de carreira do Banco Central. Ele assumiu a prefeitura de BH ap\u00f3s a ren\u00fancia de Alexandre Kalil, que concorreu ao governo de Minas Gerais. Fez parte do governo Fernando Henrique Cardoso como secret\u00e1rio-executivo da Casa Civil e do governo de Minas Gerais como secret\u00e1rio de Fazenda e de Transporte. Na prefeitura de BH chegou a comandar a Secretaria Municipal de Fazenda. O post Fuad Nomam (PSD) \u00e9 eleito prefeito de Belo Horizonte apareceu primeiro em Canal Rural.<\/p>\n","protected":false},"author":0,"featured_media":3574,"comment_status":"open","ping_status":"open","sticky":false,"template":"","format":"standard","meta":{"_monsterinsights_skip_tracking":false,"_monsterinsights_sitenote_active":false,"_monsterinsights_sitenote_note":"","_monsterinsights_sitenote_category":0,"footnotes":""},"categories":[1],"tags":[],"class_list":["post-3573","post","type-post","status-publish","format-standard","has-post-thumbnail","hentry","category-agronegocio"],"_links":{"self":[{"href":"https:\/\/senhorafrutta.com.br\/index.php\/wp-json\/wp\/v2\/posts\/3573","targetHints":{"allow":["GET"]}}],"collection":[{"href":"https:\/\/senhorafrutta.com.br\/index.php\/wp-json\/wp\/v2\/posts"}],"about":[{"href":"https:\/\/senhorafrutta.com.br\/index.php\/wp-json\/wp\/v2\/types\/post"}],"replies":[{"embeddable":true,"href":"https:\/\/senhorafrutta.com.br\/index.php\/wp-json\/wp\/v2\/comments?post=3573"}],"version-history":[{"count":0,"href":"https:\/\/senhorafrutta.com.br\/index.php\/wp-json\/wp\/v2\/posts\/3573\/revisions"}],"wp:featuredmedia":[{"embeddable":true,"href":"https:\/\/senhorafrutta.com.br\/index.php\/wp-json\/wp\/v2\/media\/3574"}],"wp:attachment":[{"href":"https:\/\/senhorafrutta.com.br\/index.php\/wp-json\/wp\/v2\/media?parent=3573"}],"wp:term":[{"taxonomy":"category","embeddable":true,"href":"https:\/\/senhorafrutta.com.br\/index.php\/wp-json\/wp\/v2\/categories?post=3573"},{"taxonomy":"post_tag","embeddable":true,"href":"https:\/\/senhorafrutta.com.br\/index.php\/wp-json\/wp\/v2\/tags?post=3573"}],"curies":[{"name":"wp","href":"https:\/\/api.w.org\/{rel}","templated":true}]}}