{"id":3513,"date":"2024-10-25T21:44:24","date_gmt":"2024-10-25T21:44:24","guid":{"rendered":"https:\/\/senhorafrutta.com.br\/index.php\/2024\/10\/25\/decisao-do-stf-sobre-compensacao-ambiental-traz-seguranca-ao-agro-diz-cna\/"},"modified":"2024-10-25T21:44:24","modified_gmt":"2024-10-25T21:44:24","slug":"decisao-do-stf-sobre-compensacao-ambiental-traz-seguranca-ao-agro-diz-cna","status":"publish","type":"post","link":"https:\/\/senhorafrutta.com.br\/index.php\/2024\/10\/25\/decisao-do-stf-sobre-compensacao-ambiental-traz-seguranca-ao-agro-diz-cna\/","title":{"rendered":"Decis\u00e3o do STF sobre compensa\u00e7\u00e3o ambiental traz seguran\u00e7a ao agro, diz CNA"},"content":{"rendered":"<div>Propriedades rurais. Foto: Mapa<\/div>\n<p>A Confedera\u00e7\u00e3o da Agricultura e Pecu\u00e1ria do Brasil (CNA) divulgou comunicado no qual\u00a0 considera que a <a href=\"https:\/\/www.canalrural.com.br\/_wp_link_placeholder\"><strong>decis\u00e3o do Supremo Tribunal Federal (STF) sobre compensa\u00e7\u00e3o de reserva legal<\/strong><\/a> em propriedades rurais \u201ctraz seguran\u00e7a jur\u00eddica aos produtores\u201d.<\/p>\n<p>Os ministros do STF decidiram, na quinta-feira (25), por unanimidade, que vale o conceito de \u201cbioma\u201d para a compensa\u00e7\u00e3o de reserva legal, rejeitando o crit\u00e9rio de \u201cidentidade ecol\u00f3gica\u201d durante o julgamento de embargos de declara\u00e7\u00e3o do C\u00f3digo Florestal (Lei 12.651\/2021).<\/p>\n<p>\u201cFoi uma decis\u00e3o importante para dar seguran\u00e7a jur\u00eddica para o produtor rural. O STF mudou o entendimento inicialmente formado na \u00e9poca do julgamento virtual e derrubou este conceito de identidade ecol\u00f3gica, mantendo a compensa\u00e7\u00e3o dentro do mesmo bioma, como consta literalmente na lei\u201d, argumentou o diretor jur\u00eddico da CNA, Rudy Ferraz.<\/p>\n<h2>O que \u00e9 a Reserva Legal?<\/h2>\n<p>A Reserva Legal \u00e9 o percentual de \u00e1rea na propriedade rural destinado \u00e0 conserva\u00e7\u00e3o de vegeta\u00e7\u00e3o original, biodiversidade, fauna e flora nativas.<\/p>\n<p>Pelo C\u00f3digo Florestal, as \u00e1reas de reserva legal que devem constar na propriedade s\u00e3o de 80% na Amaz\u00f4nia Legal, 35% em \u00e1reas de Cerrado na Amaz\u00f4nia (Cerrado Amaz\u00f4nico) e 20% no restante do Pa\u00eds (campos gerais).<\/p>\n<p>O post <a href=\"https:\/\/www.canalrural.com.br\/agricultura\/agronegocio\/decisao-do-stf-sobre-compensacao-ambiental-traz-seguranca-ao-agro-diz-cna\/\">Decis\u00e3o do STF sobre compensa\u00e7\u00e3o ambiental traz seguran\u00e7a ao agro, diz CNA<\/a> apareceu primeiro em <a href=\"https:\/\/www.canalrural.com.br\/\">Canal Rural<\/a>.<\/p>","protected":false},"excerpt":{"rendered":"<p>Propriedades rurais. Foto: Mapa A Confedera\u00e7\u00e3o da Agricultura e Pecu\u00e1ria do Brasil (CNA) divulgou comunicado no qual\u00a0 considera que a decis\u00e3o do Supremo Tribunal Federal (STF) sobre compensa\u00e7\u00e3o de reserva legal em propriedades rurais \u201ctraz seguran\u00e7a jur\u00eddica aos produtores\u201d. Os ministros do STF decidiram, na quinta-feira (25), por unanimidade, que vale o conceito de \u201cbioma\u201d para a compensa\u00e7\u00e3o de reserva legal, rejeitando o crit\u00e9rio de \u201cidentidade ecol\u00f3gica\u201d durante o julgamento de embargos de declara\u00e7\u00e3o do C\u00f3digo Florestal (Lei 12.651\/2021). \u201cFoi uma decis\u00e3o importante para dar seguran\u00e7a jur\u00eddica para o produtor rural. O STF mudou o entendimento inicialmente formado na \u00e9poca do julgamento virtual e derrubou este conceito de identidade ecol\u00f3gica, mantendo a compensa\u00e7\u00e3o dentro do mesmo bioma, como consta literalmente na lei\u201d, argumentou o diretor jur\u00eddico da CNA, Rudy Ferraz. O que \u00e9 a Reserva Legal? A Reserva Legal \u00e9 o percentual de \u00e1rea na propriedade rural destinado \u00e0 conserva\u00e7\u00e3o de vegeta\u00e7\u00e3o original, biodiversidade, fauna e flora nativas. Pelo C\u00f3digo Florestal, as \u00e1reas de reserva legal que devem constar na propriedade s\u00e3o de 80% na Amaz\u00f4nia Legal, 35% em \u00e1reas de Cerrado na Amaz\u00f4nia (Cerrado Amaz\u00f4nico) e 20% no restante do Pa\u00eds (campos gerais). O post Decis\u00e3o do STF sobre compensa\u00e7\u00e3o ambiental traz seguran\u00e7a ao agro, diz CNA apareceu primeiro em Canal Rural.<\/p>\n","protected":false},"author":0,"featured_media":3514,"comment_status":"open","ping_status":"open","sticky":false,"template":"","format":"standard","meta":{"_monsterinsights_skip_tracking":false,"_monsterinsights_sitenote_active":false,"_monsterinsights_sitenote_note":"","_monsterinsights_sitenote_category":0,"footnotes":""},"categories":[1],"tags":[],"class_list":["post-3513","post","type-post","status-publish","format-standard","has-post-thumbnail","hentry","category-agronegocio"],"_links":{"self":[{"href":"https:\/\/senhorafrutta.com.br\/index.php\/wp-json\/wp\/v2\/posts\/3513","targetHints":{"allow":["GET"]}}],"collection":[{"href":"https:\/\/senhorafrutta.com.br\/index.php\/wp-json\/wp\/v2\/posts"}],"about":[{"href":"https:\/\/senhorafrutta.com.br\/index.php\/wp-json\/wp\/v2\/types\/post"}],"replies":[{"embeddable":true,"href":"https:\/\/senhorafrutta.com.br\/index.php\/wp-json\/wp\/v2\/comments?post=3513"}],"version-history":[{"count":0,"href":"https:\/\/senhorafrutta.com.br\/index.php\/wp-json\/wp\/v2\/posts\/3513\/revisions"}],"wp:featuredmedia":[{"embeddable":true,"href":"https:\/\/senhorafrutta.com.br\/index.php\/wp-json\/wp\/v2\/media\/3514"}],"wp:attachment":[{"href":"https:\/\/senhorafrutta.com.br\/index.php\/wp-json\/wp\/v2\/media?parent=3513"}],"wp:term":[{"taxonomy":"category","embeddable":true,"href":"https:\/\/senhorafrutta.com.br\/index.php\/wp-json\/wp\/v2\/categories?post=3513"},{"taxonomy":"post_tag","embeddable":true,"href":"https:\/\/senhorafrutta.com.br\/index.php\/wp-json\/wp\/v2\/tags?post=3513"}],"curies":[{"name":"wp","href":"https:\/\/api.w.org\/{rel}","templated":true}]}}