{"id":3475,"date":"2024-10-24T19:18:17","date_gmt":"2024-10-24T19:18:17","guid":{"rendered":"https:\/\/senhorafrutta.com.br\/index.php\/2024\/10\/24\/aiba-elege-nova-diretoria-para-o-bienio-2025-2026\/"},"modified":"2024-10-24T19:18:17","modified_gmt":"2024-10-24T19:18:17","slug":"aiba-elege-nova-diretoria-para-o-bienio-2025-2026","status":"publish","type":"post","link":"https:\/\/senhorafrutta.com.br\/index.php\/2024\/10\/24\/aiba-elege-nova-diretoria-para-o-bienio-2025-2026\/","title":{"rendered":"Aiba elege nova diretoria para o bi\u00eanio 2025\/2026"},"content":{"rendered":"<div>Nova diretoria Aiba bi\u00eanio 2025\/2026 | Foto: Divulga\u00e7\u00e3o\/Aiba<\/div>\n<p>Foi eleita na tarde desta segunda-feira (21), durante a Assembleia Geral Ordin\u00e1ria (AGO), a <strong>nova diretoria e o conselho fiscal<\/strong> da Associa\u00e7\u00e3o dos Agricultores e Irrigantes da Bahia (Aiba). <strong>Mois\u00e9s Schmidt<\/strong> foi eleito o novo presidente e <strong>Luiz Carlos Bergamaschi<\/strong>, atual presidente da Associa\u00e7\u00e3o Baiana dos Produtores de Algod\u00e3o (Abapa), o 1\u00ba vice-presidente.<\/p>\n<p>Realizada no audit\u00f3rio da entidade agr\u00edcola, em Barreiras (BA), a AGO contou com presen\u00e7a de associados com direito ao voto. <\/p>\n<p>A Aiba informou que o processo de vota\u00e7\u00e3o registrou a apresenta\u00e7\u00e3o de uma \u00fanica chapa. Para o cargo de 2\u00ba vice-presidente, o produtor rural, Willian Seiji Mizote, foi o escolhido.<\/p>\n<p>Os demais cargos eletivos t\u00eam como dirigentes, a diretora financeira, Cristina Gross, como vice-diretor financeiro, Santa Colomba Agropecu\u00e1ria LTDA, para diretor administrativo, SLC Agr\u00edcola Fazenda Parceiro e vice-diretor administrativo, Valter Gatto.<\/p>\n<p>Com o objetivo de fiscalizar e emitir pareceres sobre projetos, despesas e receitas da entidade agr\u00edcola, ficou definido para o Conselho Fiscal da Aiba, os eleitos: Ivanir Schllenberger Pradella (Primeira Titular), Jo\u00e3o Carlos Jacobsen Rodrigues Filho (Segundo Titular) e Anna Maria Zancanaro Zanella (Terceira Titular). <\/p>\n<p>Como suplentes, Caracol Agropecu\u00e1ria LTDA (Primeira suplente), Patricia Kyoko Portolese Morinaga (Segunda suplente) e Rafael Martelli D\u2019Agostini (Terceiro suplente).<\/p>\n<p>Mois\u00e9s Schmidt e Odacil Ranzi | Foto: Divulga\u00e7\u00e3o\/Aiba<\/p>\n<p>Na ocasi\u00e3o, o atual presidente da institui\u00e7\u00e3o, Odacil Ranzi, na gest\u00e3o 2021 \u2013 2024, agradeceu a diretoria e equipe de colaboradores e fez um balan\u00e7o dos quatro anos de gest\u00e3o.<\/p>\n<p>\u201cA Aiba a cada dia cresce mais e passados esses dois bi\u00eanios, sinto-me grato a Deus pelas parcerias firmadas, os trabalhos, projetos e a\u00e7\u00f5es institucionais desenvolvidos nessa caminhada. Agrade\u00e7o a cada um o empenho e dedica\u00e7\u00e3o e desejo ao novo presidente Mois\u00e9s e sua diretoria um bom trabalho\u201d, disse Ranzi.<\/p>\n<h2 class=\"wp-block-heading\">Quem \u00e9 Mois\u00e9s Schmidt<\/h2>\n<p>Mois\u00e9s Schmidt durante assembleia que o elegeu como novo presidente da Aiba (2025\/2026) | Foto: Divulga\u00e7\u00e3o\/Aiba<\/p>\n<p>Produtor rural e atual vice-presidente da Aiba, Mois\u00e9s Almeida Schmidt, \u00e9 Diretor Regional da Faeb \u2013 Federa\u00e7\u00e3o da Agricultura e Pecu\u00e1ria do Estado da Bahia\/SENAR \u2013 Servi\u00e7o de Aprendizagem Rural, membro da Comiss\u00e3o Nacional de Cereais, Fibras e Oleaginosas, Membro da Comiss\u00e3o Nacional de Log\u00edstica e Infraestrutura pela Confedera\u00e7\u00e3o da Agricultura e Pecu\u00e1ria do Brasil. <\/p>\n<p>Schmidt tamb\u00e9m \u00e9 membro da C\u00e2mara Setorial da Cadeia Produtiva do Cacau e Sistemas Agroflorestais do Minist\u00e9rio da Agricultura e Pecu\u00e1ria (Mapa). <\/p>\n<p>Al\u00e9m disso, \u00e9 Membro da C\u00e2mara Setorial do Cacau do Estado da Bahia e da Comiss\u00e3o de Sementes e Mudas da Bahia CSM\/BA.<\/p>\n<p>O presidente eleito fez a apresenta\u00e7\u00e3o da nova diretoria e falou das expectativas para o pr\u00f3ximo bi\u00eanio.<\/p>\n<p>\u201cSou grato e honrado pela confian\u00e7a em conduzir os rumos da Aiba nos pr\u00f3ximos dois anos. Pela primeira vez esta institui\u00e7\u00e3o ser\u00e1 conduzida por um agricultor da segunda gera\u00e7\u00e3o. Acreditamos no pioneirismo e na parceria das institui\u00e7\u00f5es, com di\u00e1logo e uni\u00e3o de for\u00e7as. Agrade\u00e7o a nossa diretoria 2025\/2026 por ter aceitado o convite e juntos seguiremos contribuindo com um agroneg\u00f3cio ainda mais pr\u00f3spero\u201d, declarou Mois\u00e9s.<\/p>\n<h2 class=\"wp-block-heading\">Mudan\u00e7as na Abapa<\/h2>\n<p>Outra institui\u00e7\u00e3o que tamb\u00e9m se prepara para uma nova diretoria \u00e9 a Abapa. Na pr\u00f3xima ter\u00e7a-feira (29), ser\u00e1 realizada uma Assembleia Geral Ordin\u00e1ria e Extraordin\u00e1ria\u00a0no audit\u00f3rio da associa\u00e7\u00e3o em Barreiras (BA).<\/p>\n<p>A assembleia ocorrer\u00e1 em primeira convoca\u00e7\u00e3o \u00e0s 15h, com a presen\u00e7a da maioria simples dos associados. <\/p>\n<p>Caso n\u00e3o haja qu\u00f3rum, a segunda convoca\u00e7\u00e3o ser\u00e1 \u00e0s 15h30, com qualquer n\u00famero de presentes.<\/p>\n<p><a href=\"https:\/\/www.canalrural.com.br\/nacional\/bahia\/associacao-recupera-100a-nascente-no-oeste-da-bahia\/\">Associa\u00e7\u00e3o recupera 100\u00aa nascente no Oeste da Bahia<\/a><\/p>\n<p><em>Siga o\u00a0<a href=\"https:\/\/www.instagram.com\/canalruralbahia\/\">Canal Rural Bahia no Instagram<\/a>! Voc\u00ea tamb\u00e9m pode participar deixando uma sugest\u00e3o de pauta. Clique\u00a0<a href=\"https:\/\/wa.me\/5577999455066\"><strong>aqui<\/strong><\/a>\u00a0e envie uma mensagem para o nosso WhatsApp<\/em>!<\/p>\n<p>O post <a href=\"https:\/\/www.canalrural.com.br\/nacional\/bahia\/aiba-elege-nova-diretoria-para-o-bienio-2025-2026\/\">Aiba elege nova diretoria para o bi\u00eanio 2025\/2026<\/a> apareceu primeiro em <a href=\"https:\/\/www.canalrural.com.br\/\">Canal Rural<\/a>.<\/p>","protected":false},"excerpt":{"rendered":"<p>Nova diretoria Aiba bi\u00eanio 2025\/2026 | Foto: Divulga\u00e7\u00e3o\/Aiba Foi eleita na tarde desta segunda-feira (21), durante a Assembleia Geral Ordin\u00e1ria (AGO), a nova diretoria e o conselho fiscal da Associa\u00e7\u00e3o dos Agricultores e Irrigantes da Bahia (Aiba). Mois\u00e9s Schmidt foi eleito o novo presidente e Luiz Carlos Bergamaschi, atual presidente da Associa\u00e7\u00e3o Baiana dos Produtores de Algod\u00e3o (Abapa), o 1\u00ba vice-presidente. Realizada no audit\u00f3rio da entidade agr\u00edcola, em Barreiras (BA), a AGO contou com presen\u00e7a de associados com direito ao voto. A Aiba informou que o processo de vota\u00e7\u00e3o registrou a apresenta\u00e7\u00e3o de uma \u00fanica chapa. Para o cargo de 2\u00ba vice-presidente, o produtor rural, Willian Seiji Mizote, foi o escolhido. Os demais cargos eletivos t\u00eam como dirigentes, a diretora financeira, Cristina Gross, como vice-diretor financeiro, Santa Colomba Agropecu\u00e1ria LTDA, para diretor administrativo, SLC Agr\u00edcola Fazenda Parceiro e vice-diretor administrativo, Valter Gatto. Com o objetivo de fiscalizar e emitir pareceres sobre projetos, despesas e receitas da entidade agr\u00edcola, ficou definido para o Conselho Fiscal da Aiba, os eleitos: Ivanir Schllenberger Pradella (Primeira Titular), Jo\u00e3o Carlos Jacobsen Rodrigues Filho (Segundo Titular) e Anna Maria Zancanaro Zanella (Terceira Titular). Como suplentes, Caracol Agropecu\u00e1ria LTDA (Primeira suplente), Patricia Kyoko Portolese Morinaga (Segunda suplente) e Rafael Martelli D\u2019Agostini (Terceiro suplente). Mois\u00e9s Schmidt e Odacil Ranzi | Foto: Divulga\u00e7\u00e3o\/Aiba Na ocasi\u00e3o, o atual presidente da institui\u00e7\u00e3o, Odacil Ranzi, na gest\u00e3o 2021 \u2013 2024, agradeceu a diretoria e equipe de colaboradores e fez um balan\u00e7o dos quatro anos de gest\u00e3o. \u201cA Aiba a cada dia cresce mais e passados esses dois bi\u00eanios, sinto-me grato a Deus pelas parcerias firmadas, os trabalhos, projetos e a\u00e7\u00f5es institucionais desenvolvidos nessa caminhada. Agrade\u00e7o a cada um o empenho e dedica\u00e7\u00e3o e desejo ao novo presidente Mois\u00e9s e sua diretoria um bom trabalho\u201d, disse Ranzi. Quem \u00e9 Mois\u00e9s Schmidt Mois\u00e9s Schmidt durante assembleia que o elegeu como novo presidente da Aiba (2025\/2026) | Foto: Divulga\u00e7\u00e3o\/Aiba Produtor rural e atual vice-presidente da Aiba, Mois\u00e9s Almeida Schmidt, \u00e9 Diretor Regional da Faeb \u2013 Federa\u00e7\u00e3o da Agricultura e Pecu\u00e1ria do Estado da Bahia\/SENAR \u2013 Servi\u00e7o de Aprendizagem Rural, membro da Comiss\u00e3o Nacional de Cereais, Fibras e Oleaginosas, Membro da Comiss\u00e3o Nacional de Log\u00edstica e Infraestrutura pela Confedera\u00e7\u00e3o da Agricultura e Pecu\u00e1ria do Brasil. Schmidt tamb\u00e9m \u00e9 membro da C\u00e2mara Setorial da Cadeia Produtiva do Cacau e Sistemas Agroflorestais do Minist\u00e9rio da Agricultura e Pecu\u00e1ria (Mapa). Al\u00e9m disso, \u00e9 Membro da C\u00e2mara Setorial do Cacau do Estado da Bahia e da Comiss\u00e3o de Sementes e Mudas da Bahia CSM\/BA. O presidente eleito fez a apresenta\u00e7\u00e3o da nova diretoria e falou das expectativas para o pr\u00f3ximo bi\u00eanio. \u201cSou grato e honrado pela confian\u00e7a em conduzir os rumos da Aiba nos pr\u00f3ximos dois anos. Pela primeira vez esta institui\u00e7\u00e3o ser\u00e1 conduzida por um agricultor da segunda gera\u00e7\u00e3o. Acreditamos no pioneirismo e na parceria das institui\u00e7\u00f5es, com di\u00e1logo e uni\u00e3o de for\u00e7as. Agrade\u00e7o a nossa diretoria 2025\/2026 por ter aceitado o convite e juntos seguiremos contribuindo com um agroneg\u00f3cio ainda mais pr\u00f3spero\u201d, declarou Mois\u00e9s. Mudan\u00e7as na Abapa Outra institui\u00e7\u00e3o que tamb\u00e9m se prepara para uma nova diretoria \u00e9 a Abapa. Na pr\u00f3xima ter\u00e7a-feira (29), ser\u00e1 realizada uma Assembleia Geral Ordin\u00e1ria e Extraordin\u00e1ria\u00a0no audit\u00f3rio da associa\u00e7\u00e3o em Barreiras (BA). A assembleia ocorrer\u00e1 em primeira convoca\u00e7\u00e3o \u00e0s 15h, com a presen\u00e7a da maioria simples dos associados. Caso n\u00e3o haja qu\u00f3rum, a segunda convoca\u00e7\u00e3o ser\u00e1 \u00e0s 15h30, com qualquer n\u00famero de presentes. Associa\u00e7\u00e3o recupera 100\u00aa nascente no Oeste da Bahia Siga o\u00a0Canal Rural Bahia no Instagram! Voc\u00ea tamb\u00e9m pode participar deixando uma sugest\u00e3o de pauta. Clique\u00a0aqui\u00a0e envie uma mensagem para o nosso WhatsApp! O post Aiba elege nova diretoria para o bi\u00eanio 2025\/2026 apareceu primeiro em Canal Rural.<\/p>\n","protected":false},"author":0,"featured_media":3476,"comment_status":"open","ping_status":"open","sticky":false,"template":"","format":"standard","meta":{"_monsterinsights_skip_tracking":false,"_monsterinsights_sitenote_active":false,"_monsterinsights_sitenote_note":"","_monsterinsights_sitenote_category":0,"footnotes":""},"categories":[1],"tags":[],"class_list":["post-3475","post","type-post","status-publish","format-standard","has-post-thumbnail","hentry","category-agronegocio"],"_links":{"self":[{"href":"https:\/\/senhorafrutta.com.br\/index.php\/wp-json\/wp\/v2\/posts\/3475","targetHints":{"allow":["GET"]}}],"collection":[{"href":"https:\/\/senhorafrutta.com.br\/index.php\/wp-json\/wp\/v2\/posts"}],"about":[{"href":"https:\/\/senhorafrutta.com.br\/index.php\/wp-json\/wp\/v2\/types\/post"}],"replies":[{"embeddable":true,"href":"https:\/\/senhorafrutta.com.br\/index.php\/wp-json\/wp\/v2\/comments?post=3475"}],"version-history":[{"count":0,"href":"https:\/\/senhorafrutta.com.br\/index.php\/wp-json\/wp\/v2\/posts\/3475\/revisions"}],"wp:featuredmedia":[{"embeddable":true,"href":"https:\/\/senhorafrutta.com.br\/index.php\/wp-json\/wp\/v2\/media\/3476"}],"wp:attachment":[{"href":"https:\/\/senhorafrutta.com.br\/index.php\/wp-json\/wp\/v2\/media?parent=3475"}],"wp:term":[{"taxonomy":"category","embeddable":true,"href":"https:\/\/senhorafrutta.com.br\/index.php\/wp-json\/wp\/v2\/categories?post=3475"},{"taxonomy":"post_tag","embeddable":true,"href":"https:\/\/senhorafrutta.com.br\/index.php\/wp-json\/wp\/v2\/tags?post=3475"}],"curies":[{"name":"wp","href":"https:\/\/api.w.org\/{rel}","templated":true}]}}