{"id":3443,"date":"2024-10-23T22:40:10","date_gmt":"2024-10-23T22:40:10","guid":{"rendered":"https:\/\/senhorafrutta.com.br\/index.php\/2024\/10\/23\/brasil-tera-adidos-agricolas-em-todos-os-paises-do-brics-diz-mapa\/"},"modified":"2024-10-23T22:40:10","modified_gmt":"2024-10-23T22:40:10","slug":"brasil-tera-adidos-agricolas-em-todos-os-paises-do-brics-diz-mapa","status":"publish","type":"post","link":"https:\/\/senhorafrutta.com.br\/index.php\/2024\/10\/23\/brasil-tera-adidos-agricolas-em-todos-os-paises-do-brics-diz-mapa\/","title":{"rendered":"Brasil ter\u00e1 adidos agr\u00edcolas em todos os pa\u00edses do Brics, diz Mapa"},"content":{"rendered":"<div>Foto: Faesp<\/div>\n<p>O Minist\u00e9rio da Agricultura e Pecu\u00e1ria (Mapa) busca refor\u00e7ar a coopera\u00e7\u00e3o agr\u00edcola com os parceiros do Brics \u2013 bloco formado por Brasil, R\u00fassia, \u00cdndia, China, \u00c1frica do Sul, Ar\u00e1bia Saudita, Emirados \u00c1rabes Unidos, Egito, Eti\u00f3pia e Ir\u00e3.<\/p>\n<p>A seguran\u00e7a alimentar \u00e9 um dos temas debatidos pela <a href=\"https:\/\/www.canalrural.com.br\/politica\/no-brics-brasil-defende-meios-alternativos-para-troca-comerciais\/\"><strong>16\u00aa C\u00fapula do Brics<\/strong><\/a>, que ocorre em Kazan, na R\u00fassia.<\/p>\n<p><em>Confira na palma da m\u00e3o informa\u00e7\u00f5es quentes sobre agricultura, pecu\u00e1ria, economia e previs\u00e3o do tempo:<\/em><a href=\"https:\/\/whatsapp.com\/channel\/0029Va9VnZxGk1FplZjiW43k\"><em>\u00a0<\/em><strong><em>siga o Canal Rural no WhatsApp!<\/em><\/strong><\/a><\/p>\n<p>Em nota, o minist\u00e9rio informou que a posi\u00e7\u00e3o do Brasil na c\u00fapula \u00e9 reafirmar seu papel de um dos principais fornecedores globais de alimentos e de defesa da coopera\u00e7\u00e3o multilateral no enfrentamento da inseguran\u00e7a alimentar e das mudan\u00e7as clim\u00e1ticas.<\/p>\n<p>\u201cO Brasil agora ter\u00e1 adidos agr\u00edcolas em todos os pa\u00edses do Brics, tanto nos membros fundadores quanto nos novos integrantes, o que amplia nossa capacidade de negocia\u00e7\u00e3o e coopera\u00e7\u00e3o\u201d, disse, em nota, o secret\u00e1rio de Com\u00e9rcio e Rela\u00e7\u00f5es Internacionais da pasta, Luis Rua, que participa da c\u00fapula.<\/p>\n<p>Segundo ele, esses profissionais s\u00e3o fundamentais para promover uma agenda agr\u00edcola robusta, facilitar o interc\u00e2mbio de tecnologias e boas pr\u00e1ticas e alinhar os interesses do Brasil com os dos nossos parceiros estrat\u00e9gicos.<\/p>\n<p>O post <a href=\"https:\/\/www.canalrural.com.br\/internacional\/brasil-tera-adidos-agricolas-em-todos-os-paises-do-brics-diz-mapa\/\">Brasil ter\u00e1 adidos agr\u00edcolas em todos os pa\u00edses do Brics, diz Mapa<\/a> apareceu primeiro em <a href=\"https:\/\/www.canalrural.com.br\/\">Canal Rural<\/a>.<\/p>","protected":false},"excerpt":{"rendered":"<p>Foto: Faesp O Minist\u00e9rio da Agricultura e Pecu\u00e1ria (Mapa) busca refor\u00e7ar a coopera\u00e7\u00e3o agr\u00edcola com os parceiros do Brics \u2013 bloco formado por Brasil, R\u00fassia, \u00cdndia, China, \u00c1frica do Sul, Ar\u00e1bia Saudita, Emirados \u00c1rabes Unidos, Egito, Eti\u00f3pia e Ir\u00e3. A seguran\u00e7a alimentar \u00e9 um dos temas debatidos pela 16\u00aa C\u00fapula do Brics, que ocorre em Kazan, na R\u00fassia. Confira na palma da m\u00e3o informa\u00e7\u00f5es quentes sobre agricultura, pecu\u00e1ria, economia e previs\u00e3o do tempo:\u00a0siga o Canal Rural no WhatsApp! Em nota, o minist\u00e9rio informou que a posi\u00e7\u00e3o do Brasil na c\u00fapula \u00e9 reafirmar seu papel de um dos principais fornecedores globais de alimentos e de defesa da coopera\u00e7\u00e3o multilateral no enfrentamento da inseguran\u00e7a alimentar e das mudan\u00e7as clim\u00e1ticas. \u201cO Brasil agora ter\u00e1 adidos agr\u00edcolas em todos os pa\u00edses do Brics, tanto nos membros fundadores quanto nos novos integrantes, o que amplia nossa capacidade de negocia\u00e7\u00e3o e coopera\u00e7\u00e3o\u201d, disse, em nota, o secret\u00e1rio de Com\u00e9rcio e Rela\u00e7\u00f5es Internacionais da pasta, Luis Rua, que participa da c\u00fapula. Segundo ele, esses profissionais s\u00e3o fundamentais para promover uma agenda agr\u00edcola robusta, facilitar o interc\u00e2mbio de tecnologias e boas pr\u00e1ticas e alinhar os interesses do Brasil com os dos nossos parceiros estrat\u00e9gicos. O post Brasil ter\u00e1 adidos agr\u00edcolas em todos os pa\u00edses do Brics, diz Mapa apareceu primeiro em Canal Rural.<\/p>\n","protected":false},"author":0,"featured_media":3444,"comment_status":"open","ping_status":"open","sticky":false,"template":"","format":"standard","meta":{"_monsterinsights_skip_tracking":false,"_monsterinsights_sitenote_active":false,"_monsterinsights_sitenote_note":"","_monsterinsights_sitenote_category":0,"footnotes":""},"categories":[1],"tags":[],"class_list":["post-3443","post","type-post","status-publish","format-standard","has-post-thumbnail","hentry","category-agronegocio"],"_links":{"self":[{"href":"https:\/\/senhorafrutta.com.br\/index.php\/wp-json\/wp\/v2\/posts\/3443","targetHints":{"allow":["GET"]}}],"collection":[{"href":"https:\/\/senhorafrutta.com.br\/index.php\/wp-json\/wp\/v2\/posts"}],"about":[{"href":"https:\/\/senhorafrutta.com.br\/index.php\/wp-json\/wp\/v2\/types\/post"}],"replies":[{"embeddable":true,"href":"https:\/\/senhorafrutta.com.br\/index.php\/wp-json\/wp\/v2\/comments?post=3443"}],"version-history":[{"count":0,"href":"https:\/\/senhorafrutta.com.br\/index.php\/wp-json\/wp\/v2\/posts\/3443\/revisions"}],"wp:featuredmedia":[{"embeddable":true,"href":"https:\/\/senhorafrutta.com.br\/index.php\/wp-json\/wp\/v2\/media\/3444"}],"wp:attachment":[{"href":"https:\/\/senhorafrutta.com.br\/index.php\/wp-json\/wp\/v2\/media?parent=3443"}],"wp:term":[{"taxonomy":"category","embeddable":true,"href":"https:\/\/senhorafrutta.com.br\/index.php\/wp-json\/wp\/v2\/categories?post=3443"},{"taxonomy":"post_tag","embeddable":true,"href":"https:\/\/senhorafrutta.com.br\/index.php\/wp-json\/wp\/v2\/tags?post=3443"}],"curies":[{"name":"wp","href":"https:\/\/api.w.org\/{rel}","templated":true}]}}