{"id":3362,"date":"2024-10-21T18:58:31","date_gmt":"2024-10-21T18:58:31","guid":{"rendered":"https:\/\/senhorafrutta.com.br\/index.php\/2024\/10\/21\/programa-acredita-quer-desburocratizar-o-credito\/"},"modified":"2024-10-21T18:58:31","modified_gmt":"2024-10-21T18:58:31","slug":"programa-acredita-quer-desburocratizar-o-credito","status":"publish","type":"post","link":"https:\/\/senhorafrutta.com.br\/index.php\/2024\/10\/21\/programa-acredita-quer-desburocratizar-o-credito\/","title":{"rendered":"Programa Acredita quer desburocratizar o cr\u00e9dito"},"content":{"rendered":"<div>Foto: Minist\u00e9rio da Agricultura<\/div>\n<p>Lan\u00e7ado na \u00faltima sexta-feira (18), em S\u00e3o Paulo o <a href=\"https:\/\/www.canalrural.com.br\/empreendedorismo\/pequenos-produtores-rurais-sao-contemplados-no-programa-acredita\/\">Programa Acredita<\/a>, parceria do <a href=\"https:\/\/sebrae.com.br\/sites\/PortalSebrae\/acredita\">Sebrae<\/a> com o <a href=\"https:\/\/www.gov.br\/memp\/pt-br\/programa-acredita\">Governo Federal<\/a> vai oferecer cr\u00e9dito, com taxas de juros diferenciadas, para micro e pequenos empreendedores de todos os setores da economia, do campo \u00e0 cidade.\u00a0<\/p>\n<p class=\"has-text-align-center\"><em>Confira na palma da m\u00e3o informa\u00e7\u00f5es quentes sobre agricultura, pecu\u00e1ria, economia e previs\u00e3o do tempo:<\/em><a href=\"https:\/\/www.whatsapp.com\/channel\/0029Va9VnZxGk1FplZjiW43k\"><strong><em> <\/em><\/strong><strong>siga o Canal Rural no WhatsApp<\/strong><\/a>!\u00a0<\/p>\n<p>A estimativa do Governo \u00e9 a de que o Programa tenha o potencial de destravar at\u00e9 R$30 bilh\u00f5es em cr\u00e9dito. Lula afirmou em discurso que \u00e9 necess\u00e1rio facilitar o acesso desses cr\u00e9ditos nas institui\u00e7\u00f5es financeiras.\u00a0<\/p>\n<p>O presidente do Sebrae, D\u00e9cio Lima, tamb\u00e9m esteve presente no evento e pontuou que o cr\u00e9dito deixou de ser artigo de luxo. \u201cEste \u00e9 um momento marcante para a hist\u00f3ria da economia do nosso pa\u00eds: a populariza\u00e7\u00e3o do cr\u00e9dito\u201d.<\/p>\n<p>Assista a reportagem completa:<\/p>\n<div class=\"wp-block-embed__wrapper\">\n<\/div>\n<p>O post <a href=\"https:\/\/www.canalrural.com.br\/empreendedorismo\/vamos-proibir-que-a-burocracia-atrapalhe-funcionar-o-acredita-disse-o-presidente\/\">Programa Acredita quer desburocratizar o cr\u00e9dito<\/a> apareceu primeiro em <a href=\"https:\/\/www.canalrural.com.br\/\">Canal Rural<\/a>.<\/p>","protected":false},"excerpt":{"rendered":"<p>Foto: Minist\u00e9rio da Agricultura Lan\u00e7ado na \u00faltima sexta-feira (18), em S\u00e3o Paulo o Programa Acredita, parceria do Sebrae com o Governo Federal vai oferecer cr\u00e9dito, com taxas de juros diferenciadas, para micro e pequenos empreendedores de todos os setores da economia, do campo \u00e0 cidade.\u00a0 Confira na palma da m\u00e3o informa\u00e7\u00f5es quentes sobre agricultura, pecu\u00e1ria, economia e previs\u00e3o do tempo: siga o Canal Rural no WhatsApp!\u00a0 A estimativa do Governo \u00e9 a de que o Programa tenha o potencial de destravar at\u00e9 R$30 bilh\u00f5es em cr\u00e9dito. Lula afirmou em discurso que \u00e9 necess\u00e1rio facilitar o acesso desses cr\u00e9ditos nas institui\u00e7\u00f5es financeiras.\u00a0 O presidente do Sebrae, D\u00e9cio Lima, tamb\u00e9m esteve presente no evento e pontuou que o cr\u00e9dito deixou de ser artigo de luxo. \u201cEste \u00e9 um momento marcante para a hist\u00f3ria da economia do nosso pa\u00eds: a populariza\u00e7\u00e3o do cr\u00e9dito\u201d. Assista a reportagem completa: O post Programa Acredita quer desburocratizar o cr\u00e9dito apareceu primeiro em Canal Rural.<\/p>\n","protected":false},"author":0,"featured_media":3363,"comment_status":"open","ping_status":"open","sticky":false,"template":"","format":"standard","meta":{"_monsterinsights_skip_tracking":false,"_monsterinsights_sitenote_active":false,"_monsterinsights_sitenote_note":"","_monsterinsights_sitenote_category":0,"footnotes":""},"categories":[1],"tags":[],"class_list":["post-3362","post","type-post","status-publish","format-standard","has-post-thumbnail","hentry","category-agronegocio"],"_links":{"self":[{"href":"https:\/\/senhorafrutta.com.br\/index.php\/wp-json\/wp\/v2\/posts\/3362","targetHints":{"allow":["GET"]}}],"collection":[{"href":"https:\/\/senhorafrutta.com.br\/index.php\/wp-json\/wp\/v2\/posts"}],"about":[{"href":"https:\/\/senhorafrutta.com.br\/index.php\/wp-json\/wp\/v2\/types\/post"}],"replies":[{"embeddable":true,"href":"https:\/\/senhorafrutta.com.br\/index.php\/wp-json\/wp\/v2\/comments?post=3362"}],"version-history":[{"count":0,"href":"https:\/\/senhorafrutta.com.br\/index.php\/wp-json\/wp\/v2\/posts\/3362\/revisions"}],"wp:featuredmedia":[{"embeddable":true,"href":"https:\/\/senhorafrutta.com.br\/index.php\/wp-json\/wp\/v2\/media\/3363"}],"wp:attachment":[{"href":"https:\/\/senhorafrutta.com.br\/index.php\/wp-json\/wp\/v2\/media?parent=3362"}],"wp:term":[{"taxonomy":"category","embeddable":true,"href":"https:\/\/senhorafrutta.com.br\/index.php\/wp-json\/wp\/v2\/categories?post=3362"},{"taxonomy":"post_tag","embeddable":true,"href":"https:\/\/senhorafrutta.com.br\/index.php\/wp-json\/wp\/v2\/tags?post=3362"}],"curies":[{"name":"wp","href":"https:\/\/api.w.org\/{rel}","templated":true}]}}