{"id":3336,"date":"2024-10-20T20:01:00","date_gmt":"2024-10-20T20:01:00","guid":{"rendered":"https:\/\/senhorafrutta.com.br\/index.php\/2024\/10\/20\/bioeconomia-amazonica-um-caminho-imprescindivel-para-o-desenvolvimento-sustentavel\/"},"modified":"2024-10-20T20:01:00","modified_gmt":"2024-10-20T20:01:00","slug":"bioeconomia-amazonica-um-caminho-imprescindivel-para-o-desenvolvimento-sustentavel","status":"publish","type":"post","link":"https:\/\/senhorafrutta.com.br\/index.php\/2024\/10\/20\/bioeconomia-amazonica-um-caminho-imprescindivel-para-o-desenvolvimento-sustentavel\/","title":{"rendered":"Bioeconomia amaz\u00f4nica: um caminho imprescind\u00edvel para o desenvolvimento sustent\u00e1vel"},"content":{"rendered":"<div>Foto: Ricardo Stuckert\/PR<\/div>\n<p>A <strong><a href=\"http:\/\/www.canalrural.com.br\/tag\/amazonia\/\">Amaz\u00f4nia <\/a><\/strong>se encontra em um momento cr\u00edtico. Apesar de sua abundante biodiversidade, riqueza cultural e valor ambiental incalcul\u00e1vel, enfrenta amea\u00e7as s\u00e9rias que colocam em risco seu futuro e o das comunidades que dependem dela. Os altos \u00edndices de pobreza, a desigualdade e os desafios ambientais comprometem o progresso de seus habitantes e sua capacidade de acessar alimentos seguros e nutritivos.<\/p>\n<p>Esse vasto territ\u00f3rio, que abrange Bol\u00edvia, Brasil, Col\u00f4mbia, Equador, Guiana, Peru, Suriname e Venezuela, n\u00e3o \u00e9 apenas uma fonte de recursos naturais, mas tamb\u00e9m o lar de 50 milh\u00f5es de pessoas, mais de 400 povos ind\u00edgenas e diversas comunidades tradicionais.<\/p>\n<p><em>Confira na palma da m\u00e3o informa\u00e7\u00f5es quentes sobre agricultura, pecu\u00e1ria, economia e previs\u00e3o do tempo:<\/em><a href=\"https:\/\/whatsapp.com\/channel\/0029Va9VnZxGk1FplZjiW43k\"><em> <\/em><strong><em>siga o Canal Rural no WhatsApp!<\/em><\/strong><\/a><\/p>\n<p>As solu\u00e7\u00f5es para os desafios da Amaz\u00f4nia n\u00e3o devem vir apenas de fora, mas, fundamentalmente, devem surgir do cora\u00e7\u00e3o das pr\u00f3prias comunidades. S\u00e3o elas que possuem o conhecimento local e a for\u00e7a para propor a\u00e7\u00f5es em dire\u00e7\u00e3o a um futuro sustent\u00e1vel.<\/p>\n<p>\u00c9 aqui que ganha relev\u00e2ncia o conceito de bioeconomia amaz\u00f4nica, que prop\u00f5e aproveitar de forma sustent\u00e1vel e inclusiva os recursos naturais da regi\u00e3o, beneficiando as popula\u00e7\u00f5es locais. Embora seja uma proposta promissora, o caminho inclui diversos desafios. Os riscos clim\u00e1ticos, o desmatamento e as desigualdades agravam as dificuldades para estabelecer um modelo econ\u00f4mico que funcione tanto para as pessoas quanto para a natureza. <\/p>\n<p>N\u00e3o podemos permitir a continuidade de modelos de neg\u00f3cios que sacrificam a biodiversidade e os recursos naturais, pois, inevitavelmente, estaremos diante de um colapso irrevers\u00edvel. Por isso, \u00e9 crucial promover mecanismos que possibilitem o desenvolvimento econ\u00f4mico sustent\u00e1vel, melhorando o acesso a alimentos, aumentando a renda, criando empregos e elevando as condi\u00e7\u00f5es de vida.<\/p>\n<p>O evento \u201cDi\u00e1logos Amaz\u00f4nicos\u201d, organizado pelo governo do Brasil com apoio da Organiza\u00e7\u00e3o das Na\u00e7\u00f5es Unidas para a Alimenta\u00e7\u00e3o e a Agricultura (FAO), h\u00e1 um ano em Bel\u00e9m, abriu as portas para que m\u00faltiplos setores \u2013 academia, sociedade civil, setor p\u00fablico, setor privado, povos ind\u00edgenas \u2013 discutissem como enfrentar esse desafio.<\/p>\n<p>Como resultado, oito pa\u00edses assinaram a Declara\u00e7\u00e3o de Bel\u00e9m, com 113 objetivos para avan\u00e7ar em dire\u00e7\u00e3o ao desenvolvimento sustent\u00e1vel da regi\u00e3o. A conclus\u00e3o foi clara: a bioeconomia pode ser um pilar fundamental, mas exige uma abordagem integrada e multissetorial.<\/p>\n<p>A FAO, em conjunto com a Organiza\u00e7\u00e3o do Tratado de Coopera\u00e7\u00e3o Amaz\u00f4nica (OTCA), continua a trabalhar para garantir a seguran\u00e7a alimentar e nutricional, reduzir a pobreza e fortalecer cadeias de valor sustent\u00e1veis na regi\u00e3o, por meio de a\u00e7\u00f5es voltadas a melhorar a produtividade, gerar bens p\u00fablicos e impulsionar a bioeconomia, oferecendo perspectivas de um futuro melhor.<\/p>\n<p>Por meio da iniciativa M\u00e3o de M\u00e3o, a FAO promove um programa de investimentos com tr\u00eas componentes: fortalecer os bens p\u00fablicos e a formula\u00e7\u00e3o de pol\u00edticas; garantir o acesso a servi\u00e7os digitais e conectividade; e desenvolver cadeias de valor sustent\u00e1veis, especialmente na gest\u00e3o de bacias hidrogr\u00e1ficas e recursos pesqueiros.<\/p>\n<p>A bioeconomia amaz\u00f4nica n\u00e3o \u00e9 apenas um modelo econ\u00f4mico; \u00e9 uma oportunidade de refor\u00e7ar nossa rela\u00e7\u00e3o com a natureza, reconhecendo a Amaz\u00f4nia como um patrim\u00f4nio que devemos proteger e valorizar.<\/p>\n<p>Avan\u00e7ar nesse caminho requer uma abordagem intersetorial com a participa\u00e7\u00e3o de comunidades, governos, setor privado e financeiro e a academia.<\/p>\n<p><em>Foto: FAO<\/em><\/p>\n<p><em>*Mario Lubetkin \u00e9 subdiretor-geral e representante regional da FAO para Am\u00e9rica Latina e o Caribe<\/em><\/p>\n<p><em>O\u00a0<strong>Canal Rural<\/strong>\u00a0n\u00e3o se responsabiliza pelas opini\u00f5es e conceitos emitidos nos textos desta sess\u00e3o, sendo os conte\u00fados de inteira responsabilidade de seus autores. A empresa se reserva o direito de fazer ajustes no texto para adequa\u00e7\u00e3o \u00e0s normas de publica\u00e7\u00e3o.<\/em><\/p>\n<p>O post <a href=\"https:\/\/www.canalrural.com.br\/opiniao-noticias\/bioeconomia-amazonica-um-caminho-imprescindivel-para-o-desenvolvimento-sustentavel\/\">Bioeconomia amaz\u00f4nica: um caminho imprescind\u00edvel para o desenvolvimento sustent\u00e1vel<\/a> apareceu primeiro em <a href=\"https:\/\/www.canalrural.com.br\/\">Canal Rural<\/a>.<\/p>","protected":false},"excerpt":{"rendered":"<p>Foto: Ricardo Stuckert\/PR A Amaz\u00f4nia se encontra em um momento cr\u00edtico. Apesar de sua abundante biodiversidade, riqueza cultural e valor ambiental incalcul\u00e1vel, enfrenta amea\u00e7as s\u00e9rias que colocam em risco seu futuro e o das comunidades que dependem dela. Os altos \u00edndices de pobreza, a desigualdade e os desafios ambientais comprometem o progresso de seus habitantes e sua capacidade de acessar alimentos seguros e nutritivos. Esse vasto territ\u00f3rio, que abrange Bol\u00edvia, Brasil, Col\u00f4mbia, Equador, Guiana, Peru, Suriname e Venezuela, n\u00e3o \u00e9 apenas uma fonte de recursos naturais, mas tamb\u00e9m o lar de 50 milh\u00f5es de pessoas, mais de 400 povos ind\u00edgenas e diversas comunidades tradicionais. Confira na palma da m\u00e3o informa\u00e7\u00f5es quentes sobre agricultura, pecu\u00e1ria, economia e previs\u00e3o do tempo: siga o Canal Rural no WhatsApp! As solu\u00e7\u00f5es para os desafios da Amaz\u00f4nia n\u00e3o devem vir apenas de fora, mas, fundamentalmente, devem surgir do cora\u00e7\u00e3o das pr\u00f3prias comunidades. S\u00e3o elas que possuem o conhecimento local e a for\u00e7a para propor a\u00e7\u00f5es em dire\u00e7\u00e3o a um futuro sustent\u00e1vel. \u00c9 aqui que ganha relev\u00e2ncia o conceito de bioeconomia amaz\u00f4nica, que prop\u00f5e aproveitar de forma sustent\u00e1vel e inclusiva os recursos naturais da regi\u00e3o, beneficiando as popula\u00e7\u00f5es locais. Embora seja uma proposta promissora, o caminho inclui diversos desafios. Os riscos clim\u00e1ticos, o desmatamento e as desigualdades agravam as dificuldades para estabelecer um modelo econ\u00f4mico que funcione tanto para as pessoas quanto para a natureza. N\u00e3o podemos permitir a continuidade de modelos de neg\u00f3cios que sacrificam a biodiversidade e os recursos naturais, pois, inevitavelmente, estaremos diante de um colapso irrevers\u00edvel. Por isso, \u00e9 crucial promover mecanismos que possibilitem o desenvolvimento econ\u00f4mico sustent\u00e1vel, melhorando o acesso a alimentos, aumentando a renda, criando empregos e elevando as condi\u00e7\u00f5es de vida. O evento \u201cDi\u00e1logos Amaz\u00f4nicos\u201d, organizado pelo governo do Brasil com apoio da Organiza\u00e7\u00e3o das Na\u00e7\u00f5es Unidas para a Alimenta\u00e7\u00e3o e a Agricultura (FAO), h\u00e1 um ano em Bel\u00e9m, abriu as portas para que m\u00faltiplos setores \u2013 academia, sociedade civil, setor p\u00fablico, setor privado, povos ind\u00edgenas \u2013 discutissem como enfrentar esse desafio. Como resultado, oito pa\u00edses assinaram a Declara\u00e7\u00e3o de Bel\u00e9m, com 113 objetivos para avan\u00e7ar em dire\u00e7\u00e3o ao desenvolvimento sustent\u00e1vel da regi\u00e3o. A conclus\u00e3o foi clara: a bioeconomia pode ser um pilar fundamental, mas exige uma abordagem integrada e multissetorial. A FAO, em conjunto com a Organiza\u00e7\u00e3o do Tratado de Coopera\u00e7\u00e3o Amaz\u00f4nica (OTCA), continua a trabalhar para garantir a seguran\u00e7a alimentar e nutricional, reduzir a pobreza e fortalecer cadeias de valor sustent\u00e1veis na regi\u00e3o, por meio de a\u00e7\u00f5es voltadas a melhorar a produtividade, gerar bens p\u00fablicos e impulsionar a bioeconomia, oferecendo perspectivas de um futuro melhor. Por meio da iniciativa M\u00e3o de M\u00e3o, a FAO promove um programa de investimentos com tr\u00eas componentes: fortalecer os bens p\u00fablicos e a formula\u00e7\u00e3o de pol\u00edticas; garantir o acesso a servi\u00e7os digitais e conectividade; e desenvolver cadeias de valor sustent\u00e1veis, especialmente na gest\u00e3o de bacias hidrogr\u00e1ficas e recursos pesqueiros. A bioeconomia amaz\u00f4nica n\u00e3o \u00e9 apenas um modelo econ\u00f4mico; \u00e9 uma oportunidade de refor\u00e7ar nossa rela\u00e7\u00e3o com a natureza, reconhecendo a Amaz\u00f4nia como um patrim\u00f4nio que devemos proteger e valorizar. Avan\u00e7ar nesse caminho requer uma abordagem intersetorial com a participa\u00e7\u00e3o de comunidades, governos, setor privado e financeiro e a academia. Foto: FAO *Mario Lubetkin \u00e9 subdiretor-geral e representante regional da FAO para Am\u00e9rica Latina e o Caribe O\u00a0Canal Rural\u00a0n\u00e3o se responsabiliza pelas opini\u00f5es e conceitos emitidos nos textos desta sess\u00e3o, sendo os conte\u00fados de inteira responsabilidade de seus autores. A empresa se reserva o direito de fazer ajustes no texto para adequa\u00e7\u00e3o \u00e0s normas de publica\u00e7\u00e3o. O post Bioeconomia amaz\u00f4nica: um caminho imprescind\u00edvel para o desenvolvimento sustent\u00e1vel apareceu primeiro em Canal Rural.<\/p>\n","protected":false},"author":0,"featured_media":3337,"comment_status":"open","ping_status":"open","sticky":false,"template":"","format":"standard","meta":{"_monsterinsights_skip_tracking":false,"_monsterinsights_sitenote_active":false,"_monsterinsights_sitenote_note":"","_monsterinsights_sitenote_category":0,"footnotes":""},"categories":[1],"tags":[],"class_list":["post-3336","post","type-post","status-publish","format-standard","has-post-thumbnail","hentry","category-agronegocio"],"_links":{"self":[{"href":"https:\/\/senhorafrutta.com.br\/index.php\/wp-json\/wp\/v2\/posts\/3336","targetHints":{"allow":["GET"]}}],"collection":[{"href":"https:\/\/senhorafrutta.com.br\/index.php\/wp-json\/wp\/v2\/posts"}],"about":[{"href":"https:\/\/senhorafrutta.com.br\/index.php\/wp-json\/wp\/v2\/types\/post"}],"replies":[{"embeddable":true,"href":"https:\/\/senhorafrutta.com.br\/index.php\/wp-json\/wp\/v2\/comments?post=3336"}],"version-history":[{"count":0,"href":"https:\/\/senhorafrutta.com.br\/index.php\/wp-json\/wp\/v2\/posts\/3336\/revisions"}],"wp:featuredmedia":[{"embeddable":true,"href":"https:\/\/senhorafrutta.com.br\/index.php\/wp-json\/wp\/v2\/media\/3337"}],"wp:attachment":[{"href":"https:\/\/senhorafrutta.com.br\/index.php\/wp-json\/wp\/v2\/media?parent=3336"}],"wp:term":[{"taxonomy":"category","embeddable":true,"href":"https:\/\/senhorafrutta.com.br\/index.php\/wp-json\/wp\/v2\/categories?post=3336"},{"taxonomy":"post_tag","embeddable":true,"href":"https:\/\/senhorafrutta.com.br\/index.php\/wp-json\/wp\/v2\/tags?post=3336"}],"curies":[{"name":"wp","href":"https:\/\/api.w.org\/{rel}","templated":true}]}}