{"id":3314,"date":"2024-10-19T15:08:12","date_gmt":"2024-10-19T15:08:12","guid":{"rendered":"https:\/\/senhorafrutta.com.br\/index.php\/2024\/10\/19\/voce-viu-crianca-de-9-anos-mata-23-animais-em-fazendinha-no-parana\/"},"modified":"2024-10-19T15:08:12","modified_gmt":"2024-10-19T15:08:12","slug":"voce-viu-crianca-de-9-anos-mata-23-animais-em-fazendinha-no-parana","status":"publish","type":"post","link":"https:\/\/senhorafrutta.com.br\/index.php\/2024\/10\/19\/voce-viu-crianca-de-9-anos-mata-23-animais-em-fazendinha-no-parana\/","title":{"rendered":"Voc\u00ea viu? Crian\u00e7a de 9 anos mata 23 animais em fazendinha no Paran\u00e1"},"content":{"rendered":"<div><\/div>\n<p>Um menino de 9 anos invadiu uma fazendinha em Nova F\u00e1tima, no Paran\u00e1, e matou 23\u00a0<a href=\"https:\/\/www.canalrural.com.br\/tag\/maus-tratos\/\">animais<\/a>\u00a0no \u00faltimo domingo (13). Essa not\u00edcia, originalmente escrita por <strong><a href=\"https:\/\/www.canalrural.com.br\/autor\/henrique-almeida\/\">Henrique Almeida<\/a><\/strong>, ficou entre as mais lidas do <strong><a href=\"https:\/\/www.canalrural.com.br\/\">Canal Rural<\/a><\/strong> nesta \u00faltima semana.<\/p>\n<p>O incidente ocorreu em um espa\u00e7o pr\u00f3ximo a uma cl\u00ednica veterin\u00e1ria e foi registrado pelas c\u00e2meras de seguran\u00e7a do local. <\/p>\n<p><em>Confira na palma da m\u00e3o informa\u00e7\u00f5es quentes sobre agricultura, pecu\u00e1ria, economia e previs\u00e3o do tempo:<\/em><a href=\"https:\/\/www.whatsapp.com\/channel\/0029Va9VnZxGk1FplZjiW43k\"><em>\u00a0<\/em><strong>siga o Canal Rural no WhatsApp<\/strong><\/a>!<\/p>\n<p>Nas imagens, o garoto aparece pulando uma pequena cerca. Ele estava acompanhado por um cachorro e ficou cerca de 40 minutos no local. Entre as v\u00edtimas, 20 coelhos e tr\u00eas porquinhos-da-\u00edndia que foram arremessados contra a parede, esquartejados e mutilados. <\/p>\n<p>Conforme relatos de uma das s\u00f3cias da fazendinha, Brenda Almeida, a crian\u00e7a j\u00e1 havia causado maus-tratos a animais anteriormente. \u201cEle confessou o que fez, detalhou como matou os animais e n\u00e3o mostrou arrependimento\u201d, relatou.<\/p>\n<h2 class=\"wp-block-heading\">Crian\u00e7a n\u00e3o ser\u00e1 responsabilizada<\/h2>\n<p>A Pol\u00edcia Civil informou que, devido \u00e0 idade do menino, ele n\u00e3o pode ser responsabilizado criminalmente, mas o caso foi encaminhado ao Conselho Tutelar para as devidas provid\u00eancias.<\/p>\n<p>Conforme o Estatuto da Crian\u00e7a e do Adolescente (ECA), apenas a partir dos 12 anos menores infratores podem sofrer medidas socioeducativas, caso cometam ato infracional, que n\u00e3o \u00e9 um crime propriamente dito, mas uma a\u00e7\u00e3o an\u00e1loga.<\/p>\n<p>A a\u00e7\u00e3o causou como\u00e7\u00e3o na cidade de Nova F\u00e1tima, que possui menos de 10 mil habitantes. Outro propriet\u00e1rio da fazendinha, L\u00facio Barreto, lamentou o ocorrido, afirmando que o menino havia participado da inaugura\u00e7\u00e3o do espa\u00e7o no dia anterior e que, inicialmente, pensaram que ele havia voltado apenas para brincar com os animais.<\/p>\n<p>O post <a href=\"https:\/\/www.canalrural.com.br\/seguranca\/voce-viu-crianca-de-9-anos-mata-23-animais-em-fazendinha-no-parana\/\">Voc\u00ea viu? Crian\u00e7a de 9 anos mata 23 animais em fazendinha no Paran\u00e1<\/a> apareceu primeiro em <a href=\"https:\/\/www.canalrural.com.br\/\">Canal Rural<\/a>.<\/p>","protected":false},"excerpt":{"rendered":"<p>Um menino de 9 anos invadiu uma fazendinha em Nova F\u00e1tima, no Paran\u00e1, e matou 23\u00a0animais\u00a0no \u00faltimo domingo (13). Essa not\u00edcia, originalmente escrita por Henrique Almeida, ficou entre as mais lidas do Canal Rural nesta \u00faltima semana. O incidente ocorreu em um espa\u00e7o pr\u00f3ximo a uma cl\u00ednica veterin\u00e1ria e foi registrado pelas c\u00e2meras de seguran\u00e7a do local. Confira na palma da m\u00e3o informa\u00e7\u00f5es quentes sobre agricultura, pecu\u00e1ria, economia e previs\u00e3o do tempo:\u00a0siga o Canal Rural no WhatsApp! Nas imagens, o garoto aparece pulando uma pequena cerca. Ele estava acompanhado por um cachorro e ficou cerca de 40 minutos no local. Entre as v\u00edtimas, 20 coelhos e tr\u00eas porquinhos-da-\u00edndia que foram arremessados contra a parede, esquartejados e mutilados. Conforme relatos de uma das s\u00f3cias da fazendinha, Brenda Almeida, a crian\u00e7a j\u00e1 havia causado maus-tratos a animais anteriormente. \u201cEle confessou o que fez, detalhou como matou os animais e n\u00e3o mostrou arrependimento\u201d, relatou. Crian\u00e7a n\u00e3o ser\u00e1 responsabilizada A Pol\u00edcia Civil informou que, devido \u00e0 idade do menino, ele n\u00e3o pode ser responsabilizado criminalmente, mas o caso foi encaminhado ao Conselho Tutelar para as devidas provid\u00eancias. Conforme o Estatuto da Crian\u00e7a e do Adolescente (ECA), apenas a partir dos 12 anos menores infratores podem sofrer medidas socioeducativas, caso cometam ato infracional, que n\u00e3o \u00e9 um crime propriamente dito, mas uma a\u00e7\u00e3o an\u00e1loga. A a\u00e7\u00e3o causou como\u00e7\u00e3o na cidade de Nova F\u00e1tima, que possui menos de 10 mil habitantes. Outro propriet\u00e1rio da fazendinha, L\u00facio Barreto, lamentou o ocorrido, afirmando que o menino havia participado da inaugura\u00e7\u00e3o do espa\u00e7o no dia anterior e que, inicialmente, pensaram que ele havia voltado apenas para brincar com os animais. O post Voc\u00ea viu? Crian\u00e7a de 9 anos mata 23 animais em fazendinha no Paran\u00e1 apareceu primeiro em Canal Rural.<\/p>\n","protected":false},"author":0,"featured_media":3315,"comment_status":"open","ping_status":"open","sticky":false,"template":"","format":"standard","meta":{"_monsterinsights_skip_tracking":false,"_monsterinsights_sitenote_active":false,"_monsterinsights_sitenote_note":"","_monsterinsights_sitenote_category":0,"footnotes":""},"categories":[1],"tags":[],"class_list":["post-3314","post","type-post","status-publish","format-standard","has-post-thumbnail","hentry","category-agronegocio"],"_links":{"self":[{"href":"https:\/\/senhorafrutta.com.br\/index.php\/wp-json\/wp\/v2\/posts\/3314","targetHints":{"allow":["GET"]}}],"collection":[{"href":"https:\/\/senhorafrutta.com.br\/index.php\/wp-json\/wp\/v2\/posts"}],"about":[{"href":"https:\/\/senhorafrutta.com.br\/index.php\/wp-json\/wp\/v2\/types\/post"}],"replies":[{"embeddable":true,"href":"https:\/\/senhorafrutta.com.br\/index.php\/wp-json\/wp\/v2\/comments?post=3314"}],"version-history":[{"count":0,"href":"https:\/\/senhorafrutta.com.br\/index.php\/wp-json\/wp\/v2\/posts\/3314\/revisions"}],"wp:featuredmedia":[{"embeddable":true,"href":"https:\/\/senhorafrutta.com.br\/index.php\/wp-json\/wp\/v2\/media\/3315"}],"wp:attachment":[{"href":"https:\/\/senhorafrutta.com.br\/index.php\/wp-json\/wp\/v2\/media?parent=3314"}],"wp:term":[{"taxonomy":"category","embeddable":true,"href":"https:\/\/senhorafrutta.com.br\/index.php\/wp-json\/wp\/v2\/categories?post=3314"},{"taxonomy":"post_tag","embeddable":true,"href":"https:\/\/senhorafrutta.com.br\/index.php\/wp-json\/wp\/v2\/tags?post=3314"}],"curies":[{"name":"wp","href":"https:\/\/api.w.org\/{rel}","templated":true}]}}