{"id":3308,"date":"2024-10-19T16:14:53","date_gmt":"2024-10-19T16:14:53","guid":{"rendered":"https:\/\/senhorafrutta.com.br\/index.php\/2024\/10\/19\/vale-propoe-acordo-para-indenizacao-do-desastre-de-mariana\/"},"modified":"2024-10-19T16:14:53","modified_gmt":"2024-10-19T16:14:53","slug":"vale-propoe-acordo-para-indenizacao-do-desastre-de-mariana","status":"publish","type":"post","link":"https:\/\/senhorafrutta.com.br\/index.php\/2024\/10\/19\/vale-propoe-acordo-para-indenizacao-do-desastre-de-mariana\/","title":{"rendered":"Vale prop\u00f5e acordo\u00a0para indeniza\u00e7\u00e3o do desastre de Mariana"},"content":{"rendered":"<div>Foto: Ant\u00f4nio Cruz\/ Ag\u00eancia Brasil<\/div>\n<p>A mineradora Vale est\u00e1 propondo acordo definitivo no valor de R$ 170 bilh\u00f5es para as demandas relativas ao rompimento da <strong><a href=\"https:\/\/www.canalrural.com.br\/tag\/barragem\/\">barragem<\/a><\/strong> de Fund\u00e3o, na cidade de Mariana, em Minas Gerais, ocorrido no dia 5 de novembro de 2015, deixando 19 mortos.<\/p>\n<p><em>Confira na palma da m\u00e3o informa\u00e7\u00f5es quentes sobre agricultura, pecu\u00e1ria, economia e previs\u00e3o do tempo:<\/em><a href=\"https:\/\/www.whatsapp.com\/channel\/0029Va9VnZxGk1FplZjiW43k\"><em>\u00a0<\/em><strong>siga o Canal Rural no WhatsApp<\/strong><\/a>!<\/p>\n<p>Em comunicado publicado na \u00faltima sexta-feira (18), a empresa informa que o acordo em discuss\u00e3o visa termos justos e eficazes para uma resolu\u00e7\u00e3o mutuamente ben\u00e9fica para todas as partes, especialmente para as fam\u00edlias, as comunidades e o meio ambiente impactado, ao mesmo tempo que criam defini\u00e7\u00e3o e seguran\u00e7a jur\u00eddica para as companhias. <\/p>\n<p>\u201cA proposta refor\u00e7a o compromisso da Vale com a repara\u00e7\u00e3o integral do rompimento da barragem de Fund\u00e3o, da Samarco\u201d, diz a nota.<\/p>\n<h2 class=\"wp-block-heading\">Divis\u00e3o dos valores<\/h2>\n<p>O documento prev\u00ea R$ 38 bilh\u00f5es em valores j\u00e1 investidos em medidas de remedia\u00e7\u00e3o e compensa\u00e7\u00e3o. Outros R$ 100 bilh\u00f5es ser\u00e3o pagos em parcelas ao longo de 20 anos ao governo federal, aos estados de Minas Gerais e Esp\u00edrito Santo e aos munic\u00edpios, para financiar programas e a\u00e7\u00f5es compensat\u00f3rias vinculadas a pol\u00edticas p\u00fablicas.<\/p>\n<p>O texto inclui ainda o pagamento de R$ 32 bilh\u00f5es em obriga\u00e7\u00f5es de execu\u00e7\u00e3o da Samarco, incluindo iniciativas de indeniza\u00e7\u00e3o individual, reassentamento e recupera\u00e7\u00e3o ambiental.<\/p>\n<h2 class=\"wp-block-heading\">Media\u00e7\u00e3o do processo<\/h2>\n<p>O processo de media\u00e7\u00e3o com o Tribunal Regional Federal (TRF) da 6\u00aa Regi\u00e3o e o engajamento das institui\u00e7\u00f5es p\u00fablicas brasileiras, desempenhando seu papel constitucional como aut\u00eanticos representantes das pessoas afetadas, garantiram transpar\u00eancia e legitimidade ao processo de resolu\u00e7\u00e3o.<\/p>\n<p>Os termos gerais em discuss\u00e3o podem abrir caminho para a solu\u00e7\u00e3o definitiva de todas as controv\u00e9rsias constantes das a\u00e7\u00f5es civis p\u00fablicas e demais processos movidos pelos poderes p\u00fablicos brasileiros signat\u00e1rios, relativos ao rompimento da barragem de Fund\u00e3o, da Samarco, ao mesmo tempo em que definem medidas para reparar integralmente todos os danos socioambientais e todos os danos socioecon\u00f4micos coletivos e difusos decorrentes da ruptura. <\/p>\n<p>Segundo a mineradora, espera-se tamb\u00e9m que o acordo definitivo traga alternativas de car\u00e1ter volunt\u00e1rio para indeniza\u00e7\u00f5es individuais.<\/p>\n<h2 class=\"wp-block-heading\">Expectativa de sa\u00edda de caixa da Vale<\/h2>\n<p>O documento publicado pela Vale reafirma o compromisso de apoio \u00e0 Samarco na repara\u00e7\u00e3o dos danos causados pelo rompimento da barragem de Fund\u00e3o e com a obriga\u00e7\u00e3o previamente acordada pelos acionistas de financiar, at\u00e9 uma parcela de 50%, os valores que a Samarco eventualmente deixar de financiar como devedor principal.<\/p>\n<p>O texto diz que, considerando o valor financeiro em quest\u00e3o, e com base nas expectativas preliminares de sa\u00edda de caixa, a Vale estima que R$ 5,3 bilh\u00f5es (US$ 956 milh\u00f5es) ser\u00e3o adicionados aos passivos associados \u00e0 repara\u00e7\u00e3o de Mariana nos resultados do 3\u00ba trimestre de 2024. O cronograma estimado para desembolso ser\u00e1 atualizado oportunamente.<\/p>\n<p>As negocia\u00e7\u00f5es entre as partes est\u00e3o em curso. O acordo definitivo est\u00e1 sujeito \u00e0 celebra\u00e7\u00e3o de termos e condi\u00e7\u00f5es de um acordo final e da documenta\u00e7\u00e3o definitiva, com aprova\u00e7\u00f5es e assinatura pelas partes, incluindo o Conselho de Administra\u00e7\u00e3o da Vale.<\/p>\n<p>O post <a href=\"https:\/\/www.canalrural.com.br\/nacional\/vale-propoe-acordo-para-indenizacao-do-desastre-de-mariana\/\">Vale prop\u00f5e acordo\u00a0para indeniza\u00e7\u00e3o do desastre de Mariana<\/a> apareceu primeiro em <a href=\"https:\/\/www.canalrural.com.br\/\">Canal Rural<\/a>.<\/p>","protected":false},"excerpt":{"rendered":"<p>Foto: Ant\u00f4nio Cruz\/ Ag\u00eancia Brasil A mineradora Vale est\u00e1 propondo acordo definitivo no valor de R$ 170 bilh\u00f5es para as demandas relativas ao rompimento da barragem de Fund\u00e3o, na cidade de Mariana, em Minas Gerais, ocorrido no dia 5 de novembro de 2015, deixando 19 mortos. Confira na palma da m\u00e3o informa\u00e7\u00f5es quentes sobre agricultura, pecu\u00e1ria, economia e previs\u00e3o do tempo:\u00a0siga o Canal Rural no WhatsApp! Em comunicado publicado na \u00faltima sexta-feira (18), a empresa informa que o acordo em discuss\u00e3o visa termos justos e eficazes para uma resolu\u00e7\u00e3o mutuamente ben\u00e9fica para todas as partes, especialmente para as fam\u00edlias, as comunidades e o meio ambiente impactado, ao mesmo tempo que criam defini\u00e7\u00e3o e seguran\u00e7a jur\u00eddica para as companhias. \u201cA proposta refor\u00e7a o compromisso da Vale com a repara\u00e7\u00e3o integral do rompimento da barragem de Fund\u00e3o, da Samarco\u201d, diz a nota. Divis\u00e3o dos valores O documento prev\u00ea R$ 38 bilh\u00f5es em valores j\u00e1 investidos em medidas de remedia\u00e7\u00e3o e compensa\u00e7\u00e3o. Outros R$ 100 bilh\u00f5es ser\u00e3o pagos em parcelas ao longo de 20 anos ao governo federal, aos estados de Minas Gerais e Esp\u00edrito Santo e aos munic\u00edpios, para financiar programas e a\u00e7\u00f5es compensat\u00f3rias vinculadas a pol\u00edticas p\u00fablicas. O texto inclui ainda o pagamento de R$ 32 bilh\u00f5es em obriga\u00e7\u00f5es de execu\u00e7\u00e3o da Samarco, incluindo iniciativas de indeniza\u00e7\u00e3o individual, reassentamento e recupera\u00e7\u00e3o ambiental. Media\u00e7\u00e3o do processo O processo de media\u00e7\u00e3o com o Tribunal Regional Federal (TRF) da 6\u00aa Regi\u00e3o e o engajamento das institui\u00e7\u00f5es p\u00fablicas brasileiras, desempenhando seu papel constitucional como aut\u00eanticos representantes das pessoas afetadas, garantiram transpar\u00eancia e legitimidade ao processo de resolu\u00e7\u00e3o. Os termos gerais em discuss\u00e3o podem abrir caminho para a solu\u00e7\u00e3o definitiva de todas as controv\u00e9rsias constantes das a\u00e7\u00f5es civis p\u00fablicas e demais processos movidos pelos poderes p\u00fablicos brasileiros signat\u00e1rios, relativos ao rompimento da barragem de Fund\u00e3o, da Samarco, ao mesmo tempo em que definem medidas para reparar integralmente todos os danos socioambientais e todos os danos socioecon\u00f4micos coletivos e difusos decorrentes da ruptura. Segundo a mineradora, espera-se tamb\u00e9m que o acordo definitivo traga alternativas de car\u00e1ter volunt\u00e1rio para indeniza\u00e7\u00f5es individuais. Expectativa de sa\u00edda de caixa da Vale O documento publicado pela Vale reafirma o compromisso de apoio \u00e0 Samarco na repara\u00e7\u00e3o dos danos causados pelo rompimento da barragem de Fund\u00e3o e com a obriga\u00e7\u00e3o previamente acordada pelos acionistas de financiar, at\u00e9 uma parcela de 50%, os valores que a Samarco eventualmente deixar de financiar como devedor principal. O texto diz que, considerando o valor financeiro em quest\u00e3o, e com base nas expectativas preliminares de sa\u00edda de caixa, a Vale estima que R$ 5,3 bilh\u00f5es (US$ 956 milh\u00f5es) ser\u00e3o adicionados aos passivos associados \u00e0 repara\u00e7\u00e3o de Mariana nos resultados do 3\u00ba trimestre de 2024. O cronograma estimado para desembolso ser\u00e1 atualizado oportunamente. As negocia\u00e7\u00f5es entre as partes est\u00e3o em curso. O acordo definitivo est\u00e1 sujeito \u00e0 celebra\u00e7\u00e3o de termos e condi\u00e7\u00f5es de um acordo final e da documenta\u00e7\u00e3o definitiva, com aprova\u00e7\u00f5es e assinatura pelas partes, incluindo o Conselho de Administra\u00e7\u00e3o da Vale. O post Vale prop\u00f5e acordo\u00a0para indeniza\u00e7\u00e3o do desastre de Mariana apareceu primeiro em Canal Rural.<\/p>\n","protected":false},"author":0,"featured_media":3309,"comment_status":"open","ping_status":"open","sticky":false,"template":"","format":"standard","meta":{"_monsterinsights_skip_tracking":false,"_monsterinsights_sitenote_active":false,"_monsterinsights_sitenote_note":"","_monsterinsights_sitenote_category":0,"footnotes":""},"categories":[1],"tags":[],"class_list":["post-3308","post","type-post","status-publish","format-standard","has-post-thumbnail","hentry","category-agronegocio"],"_links":{"self":[{"href":"https:\/\/senhorafrutta.com.br\/index.php\/wp-json\/wp\/v2\/posts\/3308","targetHints":{"allow":["GET"]}}],"collection":[{"href":"https:\/\/senhorafrutta.com.br\/index.php\/wp-json\/wp\/v2\/posts"}],"about":[{"href":"https:\/\/senhorafrutta.com.br\/index.php\/wp-json\/wp\/v2\/types\/post"}],"replies":[{"embeddable":true,"href":"https:\/\/senhorafrutta.com.br\/index.php\/wp-json\/wp\/v2\/comments?post=3308"}],"version-history":[{"count":0,"href":"https:\/\/senhorafrutta.com.br\/index.php\/wp-json\/wp\/v2\/posts\/3308\/revisions"}],"wp:featuredmedia":[{"embeddable":true,"href":"https:\/\/senhorafrutta.com.br\/index.php\/wp-json\/wp\/v2\/media\/3309"}],"wp:attachment":[{"href":"https:\/\/senhorafrutta.com.br\/index.php\/wp-json\/wp\/v2\/media?parent=3308"}],"wp:term":[{"taxonomy":"category","embeddable":true,"href":"https:\/\/senhorafrutta.com.br\/index.php\/wp-json\/wp\/v2\/categories?post=3308"},{"taxonomy":"post_tag","embeddable":true,"href":"https:\/\/senhorafrutta.com.br\/index.php\/wp-json\/wp\/v2\/tags?post=3308"}],"curies":[{"name":"wp","href":"https:\/\/api.w.org\/{rel}","templated":true}]}}