{"id":3280,"date":"2024-10-18T20:45:14","date_gmt":"2024-10-18T20:45:14","guid":{"rendered":"https:\/\/senhorafrutta.com.br\/index.php\/2024\/10\/18\/presidente-do-sebrae-fala-sobre-incentivo-ao-micro-e-pequeno-produtor-rural\/"},"modified":"2024-10-18T20:45:14","modified_gmt":"2024-10-18T20:45:14","slug":"presidente-do-sebrae-fala-sobre-incentivo-ao-micro-e-pequeno-produtor-rural","status":"publish","type":"post","link":"https:\/\/senhorafrutta.com.br\/index.php\/2024\/10\/18\/presidente-do-sebrae-fala-sobre-incentivo-ao-micro-e-pequeno-produtor-rural\/","title":{"rendered":"Presidente do Sebrae fala sobre incentivo ao micro e pequeno produtor rural"},"content":{"rendered":"<div>D\u00e9cio Lima, presidente do Sebrae. Foto: Canal Rural<\/div>\n<div class=\"wp-block-embed__wrapper\">\n<\/div>\n<p>O Presidente do <a href=\"https:\/\/sebrae.com.br\/sites\/PortalSebrae\/\">Sebrae<\/a>, D\u00e9cio Lima, esteve em S\u00e3o Paulo para diversos compromissos, dentre eles, o lan\u00e7amento do projeto <a href=\"https:\/\/www.canalrural.com.br\/empreendedorismo\/\">Porteira Aberta Empreender<\/a>, parceria entre Sebrae e Canal Rural, que visa impulsionar os neg\u00f3cios de micro e pequenos produtores rurais.<\/p>\n<p>O presidente da entidade ressaltou a import\u00e2ncia em atuar junto a um ve\u00edculo de comunica\u00e7\u00e3o segmentado do agroneg\u00f3cio, para se aproximar e levar informa\u00e7\u00f5es aos trabalhadores rurais que buscam empreender da porteira para fora.<\/p>\n<p>Confira a entrevista, na qual ele conta as expectativas para este novo projeto multiplataforma. <\/p>\n<p>O post <a href=\"https:\/\/www.canalrural.com.br\/empreendedorismo\/presidente-do-sebrae-fala-sobre-incentivo-ao-micro-e-pequeno-produtor-rural\/\">Presidente do Sebrae fala sobre incentivo ao micro e pequeno produtor rural<\/a> apareceu primeiro em <a href=\"https:\/\/www.canalrural.com.br\/\">Canal Rural<\/a>.<\/p>","protected":false},"excerpt":{"rendered":"<p>D\u00e9cio Lima, presidente do Sebrae. Foto: Canal Rural O Presidente do Sebrae, D\u00e9cio Lima, esteve em S\u00e3o Paulo para diversos compromissos, dentre eles, o lan\u00e7amento do projeto Porteira Aberta Empreender, parceria entre Sebrae e Canal Rural, que visa impulsionar os neg\u00f3cios de micro e pequenos produtores rurais. O presidente da entidade ressaltou a import\u00e2ncia em atuar junto a um ve\u00edculo de comunica\u00e7\u00e3o segmentado do agroneg\u00f3cio, para se aproximar e levar informa\u00e7\u00f5es aos trabalhadores rurais que buscam empreender da porteira para fora. Confira a entrevista, na qual ele conta as expectativas para este novo projeto multiplataforma. O post Presidente do Sebrae fala sobre incentivo ao micro e pequeno produtor rural apareceu primeiro em Canal Rural.<\/p>\n","protected":false},"author":0,"featured_media":3281,"comment_status":"open","ping_status":"open","sticky":false,"template":"","format":"standard","meta":{"_monsterinsights_skip_tracking":false,"_monsterinsights_sitenote_active":false,"_monsterinsights_sitenote_note":"","_monsterinsights_sitenote_category":0,"footnotes":""},"categories":[1],"tags":[],"class_list":["post-3280","post","type-post","status-publish","format-standard","has-post-thumbnail","hentry","category-agronegocio"],"_links":{"self":[{"href":"https:\/\/senhorafrutta.com.br\/index.php\/wp-json\/wp\/v2\/posts\/3280","targetHints":{"allow":["GET"]}}],"collection":[{"href":"https:\/\/senhorafrutta.com.br\/index.php\/wp-json\/wp\/v2\/posts"}],"about":[{"href":"https:\/\/senhorafrutta.com.br\/index.php\/wp-json\/wp\/v2\/types\/post"}],"replies":[{"embeddable":true,"href":"https:\/\/senhorafrutta.com.br\/index.php\/wp-json\/wp\/v2\/comments?post=3280"}],"version-history":[{"count":0,"href":"https:\/\/senhorafrutta.com.br\/index.php\/wp-json\/wp\/v2\/posts\/3280\/revisions"}],"wp:featuredmedia":[{"embeddable":true,"href":"https:\/\/senhorafrutta.com.br\/index.php\/wp-json\/wp\/v2\/media\/3281"}],"wp:attachment":[{"href":"https:\/\/senhorafrutta.com.br\/index.php\/wp-json\/wp\/v2\/media?parent=3280"}],"wp:term":[{"taxonomy":"category","embeddable":true,"href":"https:\/\/senhorafrutta.com.br\/index.php\/wp-json\/wp\/v2\/categories?post=3280"},{"taxonomy":"post_tag","embeddable":true,"href":"https:\/\/senhorafrutta.com.br\/index.php\/wp-json\/wp\/v2\/tags?post=3280"}],"curies":[{"name":"wp","href":"https:\/\/api.w.org\/{rel}","templated":true}]}}