{"id":3231,"date":"2024-10-17T13:38:37","date_gmt":"2024-10-17T13:38:37","guid":{"rendered":"https:\/\/senhorafrutta.com.br\/index.php\/2024\/10\/17\/dupla-e-presa-no-porto-de-santos-apos-cocaina-ser-encontrada-em-carga-de-cafe\/"},"modified":"2024-10-17T13:38:37","modified_gmt":"2024-10-17T13:38:37","slug":"dupla-e-presa-no-porto-de-santos-apos-cocaina-ser-encontrada-em-carga-de-cafe","status":"publish","type":"post","link":"https:\/\/senhorafrutta.com.br\/index.php\/2024\/10\/17\/dupla-e-presa-no-porto-de-santos-apos-cocaina-ser-encontrada-em-carga-de-cafe\/","title":{"rendered":"Dupla \u00e9 presa no Porto de Santos ap\u00f3s coca\u00edna ser encontrada em carga de caf\u00e9"},"content":{"rendered":"<div>Foto: Pol\u00edcia Federal<\/div>\n<p>Dois homens foram presos em flagrante na segunda-feira (14) no <strong>Porto de Santos<\/strong>, S\u00e3o Paulo, ap\u00f3s a <strong><a href=\"https:\/\/www.canalrural.com.br\/tag\/policia-federal\/\">Pol\u00edcia Federal<\/a><\/strong>, junto com a Pol\u00edcia Militar Rodovi\u00e1ria e a Receita Federal, localizar cerca de 800 kg de coca\u00edna escondidos em um cont\u00eainer de caf\u00e9. A carga, que tinha como destino a Turquia, foi interceptada em um terminal da \u00e1rea retroportu\u00e1ria, localizado na marginal da Via Anchieta.<\/p>\n<p><em>Confira na palma da m\u00e3o informa\u00e7\u00f5es quentes sobre agricultura, pecu\u00e1ria, economia e previs\u00e3o do tempo:<\/em><a href=\"https:\/\/www.whatsapp.com\/channel\/0029Va9VnZxGk1FplZjiW43k\"><em> <\/em><strong>siga o Canal Rural no WhatsApp<\/strong><\/a>!<\/p>\n<p>As pris\u00f5es ocorreram ap\u00f3s uma investiga\u00e7\u00e3o que levou os agentes a um dos suspeitos, que foi flagrado dirigindo o caminh\u00e3o que transportava o cont\u00eainer. Durante a abordagem, foram encontradas 20 sacas contendo coca\u00edna, totalizando 792 kg. Outro envolvido no esquema tamb\u00e9m foi detido, embora a Pol\u00edcia Federal n\u00e3o tenha detalhado as circunst\u00e2ncias de sua captura.<\/p>\n<p>Ambos os suspeitos foram encaminhados \u00e0 Delegacia de Pol\u00edcia Federal de Santos, onde foi aberto um inqu\u00e9rito para investigar o caso. A droga apreendida ser\u00e1 submetida a per\u00edcia.<\/p>\n<p>O post <a href=\"https:\/\/www.canalrural.com.br\/seguranca\/dupla-presa-no-porto-de-santos-apos-cocaina-ser-encontrada-em-carga-de-cafe\/\">Dupla \u00e9 presa no Porto de Santos ap\u00f3s coca\u00edna ser encontrada em carga de caf\u00e9<\/a> apareceu primeiro em <a href=\"https:\/\/www.canalrural.com.br\/\">Canal Rural<\/a>.<\/p>","protected":false},"excerpt":{"rendered":"<p>Foto: Pol\u00edcia Federal Dois homens foram presos em flagrante na segunda-feira (14) no Porto de Santos, S\u00e3o Paulo, ap\u00f3s a Pol\u00edcia Federal, junto com a Pol\u00edcia Militar Rodovi\u00e1ria e a Receita Federal, localizar cerca de 800 kg de coca\u00edna escondidos em um cont\u00eainer de caf\u00e9. A carga, que tinha como destino a Turquia, foi interceptada em um terminal da \u00e1rea retroportu\u00e1ria, localizado na marginal da Via Anchieta. Confira na palma da m\u00e3o informa\u00e7\u00f5es quentes sobre agricultura, pecu\u00e1ria, economia e previs\u00e3o do tempo: siga o Canal Rural no WhatsApp! As pris\u00f5es ocorreram ap\u00f3s uma investiga\u00e7\u00e3o que levou os agentes a um dos suspeitos, que foi flagrado dirigindo o caminh\u00e3o que transportava o cont\u00eainer. Durante a abordagem, foram encontradas 20 sacas contendo coca\u00edna, totalizando 792 kg. Outro envolvido no esquema tamb\u00e9m foi detido, embora a Pol\u00edcia Federal n\u00e3o tenha detalhado as circunst\u00e2ncias de sua captura. Ambos os suspeitos foram encaminhados \u00e0 Delegacia de Pol\u00edcia Federal de Santos, onde foi aberto um inqu\u00e9rito para investigar o caso. A droga apreendida ser\u00e1 submetida a per\u00edcia. O post Dupla \u00e9 presa no Porto de Santos ap\u00f3s coca\u00edna ser encontrada em carga de caf\u00e9 apareceu primeiro em Canal Rural.<\/p>\n","protected":false},"author":0,"featured_media":0,"comment_status":"open","ping_status":"open","sticky":false,"template":"","format":"standard","meta":{"_monsterinsights_skip_tracking":false,"_monsterinsights_sitenote_active":false,"_monsterinsights_sitenote_note":"","_monsterinsights_sitenote_category":0,"footnotes":""},"categories":[1],"tags":[],"class_list":["post-3231","post","type-post","status-publish","format-standard","hentry","category-agronegocio"],"_links":{"self":[{"href":"https:\/\/senhorafrutta.com.br\/index.php\/wp-json\/wp\/v2\/posts\/3231","targetHints":{"allow":["GET"]}}],"collection":[{"href":"https:\/\/senhorafrutta.com.br\/index.php\/wp-json\/wp\/v2\/posts"}],"about":[{"href":"https:\/\/senhorafrutta.com.br\/index.php\/wp-json\/wp\/v2\/types\/post"}],"replies":[{"embeddable":true,"href":"https:\/\/senhorafrutta.com.br\/index.php\/wp-json\/wp\/v2\/comments?post=3231"}],"version-history":[{"count":0,"href":"https:\/\/senhorafrutta.com.br\/index.php\/wp-json\/wp\/v2\/posts\/3231\/revisions"}],"wp:attachment":[{"href":"https:\/\/senhorafrutta.com.br\/index.php\/wp-json\/wp\/v2\/media?parent=3231"}],"wp:term":[{"taxonomy":"category","embeddable":true,"href":"https:\/\/senhorafrutta.com.br\/index.php\/wp-json\/wp\/v2\/categories?post=3231"},{"taxonomy":"post_tag","embeddable":true,"href":"https:\/\/senhorafrutta.com.br\/index.php\/wp-json\/wp\/v2\/tags?post=3231"}],"curies":[{"name":"wp","href":"https:\/\/api.w.org\/{rel}","templated":true}]}}