{"id":3175,"date":"2024-10-15T22:59:32","date_gmt":"2024-10-15T22:59:32","guid":{"rendered":"https:\/\/senhorafrutta.com.br\/index.php\/2024\/10\/15\/governo-federal-preve-mais-um-berco-de-atracacao-no-porto-de-santos\/"},"modified":"2024-10-15T22:59:32","modified_gmt":"2024-10-15T22:59:32","slug":"governo-federal-preve-mais-um-berco-de-atracacao-no-porto-de-santos","status":"publish","type":"post","link":"https:\/\/senhorafrutta.com.br\/index.php\/2024\/10\/15\/governo-federal-preve-mais-um-berco-de-atracacao-no-porto-de-santos\/","title":{"rendered":"Governo Federal prev\u00ea mais um ber\u00e7o de atraca\u00e7\u00e3o no Porto de Santos"},"content":{"rendered":"<div>Foto: Ricardo Botelho\/MInfra<\/div>\n<p>Ap\u00f3s analisar diversas alternativas \u00e0 concess\u00e3o da unidade portu\u00e1ria STS10, no Porto de Santos, o Minist\u00e9rio de Portos e Aeroportos (MPor) decidiu dar prosseguimento ao leil\u00e3o da \u00e1rea destinada a cont\u00eaineres. <\/p>\n<p><em>Confira na palma da m\u00e3o informa\u00e7\u00f5es quentes sobre agricultura, pecu\u00e1ria, economia e previs\u00e3o do tempo:<\/em><a href=\"https:\/\/www.whatsapp.com\/channel\/0029Va9VnZxGk1FplZjiW43k\"><em>\u00a0<\/em><strong>siga o Canal Rural no WhatsApp<\/strong><\/a>!<\/p>\n<p>Recentemente, o minist\u00e9rio encaminhou of\u00edcio \u00e0 Infra SA com as diretrizes para a concess\u00e3o, que preveem adapta\u00e7\u00f5es no modelo original proposto h\u00e1 cinco anos.<\/p>\n<p>No modelo aprovado pelo MPor em alinhamento com a <strong><a href=\"https:\/\/www.gov.br\/casacivil\/pt-br\">Casa Civil<\/a><\/strong>, ser\u00e3o quatro ber\u00e7os de atraca\u00e7\u00e3o (o projeto original previa tr\u00eas), o que ampliar\u00e1 em <strong>50%<\/strong> a capacidade de cont\u00eaineres no maior porto do pa\u00eds. <\/p>\n<p>Santos, que hoje recebe 6 milh\u00f5es de cont\u00eaineres por ano, passar\u00e1 a ter capacidade para comportar 9 milh\u00f5es de unidades.<\/p>\n<h2 class=\"wp-block-heading\">Terminal de passageiros <\/h2>\n<p>Em rela\u00e7\u00e3o ao terminal de passageiros, o Governo Federal analisar\u00e1 com a Infra SA a melhor modelagem para a opera\u00e7\u00e3o, tendo em vista a import\u00e2ncia do local que hoje recebe cerca de 1 milh\u00e3o de cruzeiristas por ano. <\/p>\n<p>O novo terminal de passageiros, segundo o MPor, n\u00e3o deve interferir na opera\u00e7\u00e3o da \u00e1rea de cont\u00eaineres.<\/p>\n<p>\u201c\u00c9 um projeto constru\u00eddo ap\u00f3s muita an\u00e1lise, para que a gente pudesse encontrar a melhors olu\u00e7\u00e3o para o Porto de Santos e para o pa\u00eds\u201d, afirmou o ministro S\u00edlvio Costa Filho. <\/p>\n<h2 class=\"wp-block-heading\">Privatiza\u00e7\u00e3o do porto descartada<\/h2>\n<p>O modelo original, lembra o ministro, foi elaborado em um cen\u00e1rio de privatiza\u00e7\u00e3o do Porto de Santos, o que foi descartado pelo governo do presidente Lula.<\/p>\n<p>\u201cEstamos ampliando a capacidade de importa\u00e7\u00e3o e exporta\u00e7\u00e3o do maior porto brasileiro, garantindo melhoria na opera\u00e7\u00e3o e tornando nossos produtos exportados ainda mais competitivos\u201d, disse. <\/p>\n<p>Segundo Costa Filho, essa \u00e9 uma proposta que se encaixa com o modelo de desenvolvimento que o pa\u00eds precisa e que est\u00e1 sendo implantado pelo presidente Lula.<\/p>\n<p>As diretrizes do MPor para o STS10 foram definidas pela \u00e1rea t\u00e9cnica e o estudo ajustado dever\u00e1 ser encaminhado para an\u00e1lise do Tribunal de Contas da Uni\u00e3o ainda este ano. A previs\u00e3o \u00e9 que o leil\u00e3o da \u00e1rea ocorra em 2025.<\/p>\n<p>O post <a href=\"https:\/\/www.canalrural.com.br\/nacional\/governo-federal-preve-mais-um-berco-de-atracacao-no-porto-de-santos\/\">Governo Federal prev\u00ea mais um ber\u00e7o de atraca\u00e7\u00e3o no Porto de Santos<\/a> apareceu primeiro em <a href=\"https:\/\/www.canalrural.com.br\/\">Canal Rural<\/a>.<\/p>","protected":false},"excerpt":{"rendered":"<p>Foto: Ricardo Botelho\/MInfra Ap\u00f3s analisar diversas alternativas \u00e0 concess\u00e3o da unidade portu\u00e1ria STS10, no Porto de Santos, o Minist\u00e9rio de Portos e Aeroportos (MPor) decidiu dar prosseguimento ao leil\u00e3o da \u00e1rea destinada a cont\u00eaineres. Confira na palma da m\u00e3o informa\u00e7\u00f5es quentes sobre agricultura, pecu\u00e1ria, economia e previs\u00e3o do tempo:\u00a0siga o Canal Rural no WhatsApp! Recentemente, o minist\u00e9rio encaminhou of\u00edcio \u00e0 Infra SA com as diretrizes para a concess\u00e3o, que preveem adapta\u00e7\u00f5es no modelo original proposto h\u00e1 cinco anos. No modelo aprovado pelo MPor em alinhamento com a Casa Civil, ser\u00e3o quatro ber\u00e7os de atraca\u00e7\u00e3o (o projeto original previa tr\u00eas), o que ampliar\u00e1 em 50% a capacidade de cont\u00eaineres no maior porto do pa\u00eds. Santos, que hoje recebe 6 milh\u00f5es de cont\u00eaineres por ano, passar\u00e1 a ter capacidade para comportar 9 milh\u00f5es de unidades. Terminal de passageiros Em rela\u00e7\u00e3o ao terminal de passageiros, o Governo Federal analisar\u00e1 com a Infra SA a melhor modelagem para a opera\u00e7\u00e3o, tendo em vista a import\u00e2ncia do local que hoje recebe cerca de 1 milh\u00e3o de cruzeiristas por ano. O novo terminal de passageiros, segundo o MPor, n\u00e3o deve interferir na opera\u00e7\u00e3o da \u00e1rea de cont\u00eaineres. \u201c\u00c9 um projeto constru\u00eddo ap\u00f3s muita an\u00e1lise, para que a gente pudesse encontrar a melhors olu\u00e7\u00e3o para o Porto de Santos e para o pa\u00eds\u201d, afirmou o ministro S\u00edlvio Costa Filho. Privatiza\u00e7\u00e3o do porto descartada O modelo original, lembra o ministro, foi elaborado em um cen\u00e1rio de privatiza\u00e7\u00e3o do Porto de Santos, o que foi descartado pelo governo do presidente Lula. \u201cEstamos ampliando a capacidade de importa\u00e7\u00e3o e exporta\u00e7\u00e3o do maior porto brasileiro, garantindo melhoria na opera\u00e7\u00e3o e tornando nossos produtos exportados ainda mais competitivos\u201d, disse. Segundo Costa Filho, essa \u00e9 uma proposta que se encaixa com o modelo de desenvolvimento que o pa\u00eds precisa e que est\u00e1 sendo implantado pelo presidente Lula. As diretrizes do MPor para o STS10 foram definidas pela \u00e1rea t\u00e9cnica e o estudo ajustado dever\u00e1 ser encaminhado para an\u00e1lise do Tribunal de Contas da Uni\u00e3o ainda este ano. A previs\u00e3o \u00e9 que o leil\u00e3o da \u00e1rea ocorra em 2025. O post Governo Federal prev\u00ea mais um ber\u00e7o de atraca\u00e7\u00e3o no Porto de Santos apareceu primeiro em Canal Rural.<\/p>\n","protected":false},"author":0,"featured_media":3176,"comment_status":"open","ping_status":"open","sticky":false,"template":"","format":"standard","meta":{"_monsterinsights_skip_tracking":false,"_monsterinsights_sitenote_active":false,"_monsterinsights_sitenote_note":"","_monsterinsights_sitenote_category":0,"footnotes":""},"categories":[1],"tags":[],"class_list":["post-3175","post","type-post","status-publish","format-standard","has-post-thumbnail","hentry","category-agronegocio"],"_links":{"self":[{"href":"https:\/\/senhorafrutta.com.br\/index.php\/wp-json\/wp\/v2\/posts\/3175","targetHints":{"allow":["GET"]}}],"collection":[{"href":"https:\/\/senhorafrutta.com.br\/index.php\/wp-json\/wp\/v2\/posts"}],"about":[{"href":"https:\/\/senhorafrutta.com.br\/index.php\/wp-json\/wp\/v2\/types\/post"}],"replies":[{"embeddable":true,"href":"https:\/\/senhorafrutta.com.br\/index.php\/wp-json\/wp\/v2\/comments?post=3175"}],"version-history":[{"count":0,"href":"https:\/\/senhorafrutta.com.br\/index.php\/wp-json\/wp\/v2\/posts\/3175\/revisions"}],"wp:featuredmedia":[{"embeddable":true,"href":"https:\/\/senhorafrutta.com.br\/index.php\/wp-json\/wp\/v2\/media\/3176"}],"wp:attachment":[{"href":"https:\/\/senhorafrutta.com.br\/index.php\/wp-json\/wp\/v2\/media?parent=3175"}],"wp:term":[{"taxonomy":"category","embeddable":true,"href":"https:\/\/senhorafrutta.com.br\/index.php\/wp-json\/wp\/v2\/categories?post=3175"},{"taxonomy":"post_tag","embeddable":true,"href":"https:\/\/senhorafrutta.com.br\/index.php\/wp-json\/wp\/v2\/tags?post=3175"}],"curies":[{"name":"wp","href":"https:\/\/api.w.org\/{rel}","templated":true}]}}