{"id":3143,"date":"2024-10-15T18:33:07","date_gmt":"2024-10-15T18:33:07","guid":{"rendered":"https:\/\/senhorafrutta.com.br\/index.php\/2024\/10\/15\/la-nina-atrasa-e-pode-haver-mais-chuva-no-brasil-entenda\/"},"modified":"2024-10-15T18:33:07","modified_gmt":"2024-10-15T18:33:07","slug":"la-nina-atrasa-e-pode-haver-mais-chuva-no-brasil-entenda","status":"publish","type":"post","link":"https:\/\/senhorafrutta.com.br\/index.php\/2024\/10\/15\/la-nina-atrasa-e-pode-haver-mais-chuva-no-brasil-entenda\/","title":{"rendered":"La Ni\u00f1a atrasa e pode haver mais chuva no Brasil; entenda"},"content":{"rendered":"<div>Foto: Unsplash<\/div>\n<p>Novas previs\u00f5es clim\u00e1ticas mostram a possibilidade de atrasos na ocorr\u00eancia do fen\u00f4meno La Ni\u00f1a, anteriormente projetado para ter in\u00edcio em setembro deste ano. A Administra\u00e7\u00e3o Nacional Oce\u00e2nica e Atmosf\u00e9rica dos Estados Unidos <strong><a href=\"http:\/\/www.canalrural.com.br\/tag\/noaaa\/\">(NOAAA)<\/a><\/strong> ainda indica a poss\u00edvel atua\u00e7\u00e3o da La Ni\u00f1a, mas outros fen\u00f4menos clim\u00e1ticos est\u00e3o influenciando as condi\u00e7\u00f5es de chuva no Brasil, como a Oscila\u00e7\u00e3o de Madden-Julian (MJO) e o Global Atmospheric Angular Momentum (GLAAM).<\/p>\n<p><em>Confira na palma da m\u00e3o informa\u00e7\u00f5es quentes sobre agricultura, pecu\u00e1ria, economia e previs\u00e3o do tempo:<\/em><a href=\"https:\/\/whatsapp.com\/channel\/0029Va9VnZxGk1FplZjiW43k\"><em> <\/em><strong><em>siga o Canal Rural no WhatsApp!<\/em><\/strong><\/a><\/p>\n<p>Conforme explica a Climatempo, a Oscila\u00e7\u00e3o de Madden-Julian (MJO), que circula pelo planeta e influencia a forma\u00e7\u00e3o de nuvens e tempestades, est\u00e1 se deslocando do Sudeste Asi\u00e1tico em dire\u00e7\u00e3o ao Oceano Pac\u00edfico.<\/p>\n<p>Isso trar\u00e1 mais umidade para as regi\u00f5es Centro-Oeste e Norte do Brasil nas pr\u00f3ximas semanas, beneficiando estados como Mato Grosso e Goi\u00e1s, que enfrentam longos per\u00edodos de seca. Com essa mudan\u00e7a, as chuvas devem ocorrer de forma mais frequente e intensa, aliviando a estiagem em \u00e1reas cr\u00edticas.<\/p>\n<p>Outro fator relevante \u00e9 o Global Atmospheric Angular Momentum (momento angular atmosf\u00e9rico global), que mede a rota\u00e7\u00e3o da atmosfera ao redor do globo. A previs\u00e3o \u00e9 de um pico no GLAAM em sua fase positiva, o que implica ventos mais fortes em grandes altitudes, conhecidos como correntes de jato. <\/p>\n<p>Esses ventos ajudam a movimentar os sistemas clim\u00e1ticos e intensificar as chuvas no Hemisf\u00e9rio Sul. No entanto, o fortalecimento do v\u00f3rtice polar ant\u00e1rtico, localizado sobre a Ant\u00e1rtica, pode confinar o ar frio e reduzir a possibilidade de ondas de frio intenso no Brasil.<\/p>\n<p>A combina\u00e7\u00e3o desses fen\u00f4menos, especialmente a MJO e o GLAAM, tem retardado o resfriamento das \u00e1guas do Pac\u00edfico, o que pode atrasar ou suavizar a La Ni\u00f1a. Ainda assim, meteorologistas n\u00e3o descartam a ocorr\u00eancia do fen\u00f4meno, embora ele seja esperado com menor intensidade e curta dura\u00e7\u00e3o.<\/p>\n<p>Nas pr\u00f3ximas semanas, as chuvas devem se intensificar no Centro-Oeste, Sudeste e Norte do Brasil, com maior incid\u00eancia em estados que enfrentam seca prolongada, como Mato Grosso, Goi\u00e1s e Minas Gerais. O aumento da umidade e os ventos r\u00e1pidos favorecem a forma\u00e7\u00e3o de sistemas de baixa press\u00e3o, o que amplia as chances de chuvas volumosas nessas regi\u00f5es.<\/p>\n\n<p>O post <a href=\"https:\/\/www.canalrural.com.br\/tempo\/la-nina-atrasa-e-pode-haver-mais-chuva-no-brasil-entenda\/\">La Ni\u00f1a atrasa e pode haver mais chuva no Brasil; entenda<\/a> apareceu primeiro em <a href=\"https:\/\/www.canalrural.com.br\/\">Canal Rural<\/a>.<\/p>","protected":false},"excerpt":{"rendered":"<p>Foto: Unsplash Novas previs\u00f5es clim\u00e1ticas mostram a possibilidade de atrasos na ocorr\u00eancia do fen\u00f4meno La Ni\u00f1a, anteriormente projetado para ter in\u00edcio em setembro deste ano. A Administra\u00e7\u00e3o Nacional Oce\u00e2nica e Atmosf\u00e9rica dos Estados Unidos (NOAAA) ainda indica a poss\u00edvel atua\u00e7\u00e3o da La Ni\u00f1a, mas outros fen\u00f4menos clim\u00e1ticos est\u00e3o influenciando as condi\u00e7\u00f5es de chuva no Brasil, como a Oscila\u00e7\u00e3o de Madden-Julian (MJO) e o Global Atmospheric Angular Momentum (GLAAM). Confira na palma da m\u00e3o informa\u00e7\u00f5es quentes sobre agricultura, pecu\u00e1ria, economia e previs\u00e3o do tempo: siga o Canal Rural no WhatsApp! Conforme explica a Climatempo, a Oscila\u00e7\u00e3o de Madden-Julian (MJO), que circula pelo planeta e influencia a forma\u00e7\u00e3o de nuvens e tempestades, est\u00e1 se deslocando do Sudeste Asi\u00e1tico em dire\u00e7\u00e3o ao Oceano Pac\u00edfico. Isso trar\u00e1 mais umidade para as regi\u00f5es Centro-Oeste e Norte do Brasil nas pr\u00f3ximas semanas, beneficiando estados como Mato Grosso e Goi\u00e1s, que enfrentam longos per\u00edodos de seca. Com essa mudan\u00e7a, as chuvas devem ocorrer de forma mais frequente e intensa, aliviando a estiagem em \u00e1reas cr\u00edticas. Outro fator relevante \u00e9 o Global Atmospheric Angular Momentum (momento angular atmosf\u00e9rico global), que mede a rota\u00e7\u00e3o da atmosfera ao redor do globo. A previs\u00e3o \u00e9 de um pico no GLAAM em sua fase positiva, o que implica ventos mais fortes em grandes altitudes, conhecidos como correntes de jato. Esses ventos ajudam a movimentar os sistemas clim\u00e1ticos e intensificar as chuvas no Hemisf\u00e9rio Sul. No entanto, o fortalecimento do v\u00f3rtice polar ant\u00e1rtico, localizado sobre a Ant\u00e1rtica, pode confinar o ar frio e reduzir a possibilidade de ondas de frio intenso no Brasil. A combina\u00e7\u00e3o desses fen\u00f4menos, especialmente a MJO e o GLAAM, tem retardado o resfriamento das \u00e1guas do Pac\u00edfico, o que pode atrasar ou suavizar a La Ni\u00f1a. Ainda assim, meteorologistas n\u00e3o descartam a ocorr\u00eancia do fen\u00f4meno, embora ele seja esperado com menor intensidade e curta dura\u00e7\u00e3o. Nas pr\u00f3ximas semanas, as chuvas devem se intensificar no Centro-Oeste, Sudeste e Norte do Brasil, com maior incid\u00eancia em estados que enfrentam seca prolongada, como Mato Grosso, Goi\u00e1s e Minas Gerais. O aumento da umidade e os ventos r\u00e1pidos favorecem a forma\u00e7\u00e3o de sistemas de baixa press\u00e3o, o que amplia as chances de chuvas volumosas nessas regi\u00f5es. O post La Ni\u00f1a atrasa e pode haver mais chuva no Brasil; entenda apareceu primeiro em Canal Rural.<\/p>\n","protected":false},"author":0,"featured_media":3144,"comment_status":"open","ping_status":"open","sticky":false,"template":"","format":"standard","meta":{"_monsterinsights_skip_tracking":false,"_monsterinsights_sitenote_active":false,"_monsterinsights_sitenote_note":"","_monsterinsights_sitenote_category":0,"footnotes":""},"categories":[1],"tags":[],"class_list":["post-3143","post","type-post","status-publish","format-standard","has-post-thumbnail","hentry","category-agronegocio"],"_links":{"self":[{"href":"https:\/\/senhorafrutta.com.br\/index.php\/wp-json\/wp\/v2\/posts\/3143","targetHints":{"allow":["GET"]}}],"collection":[{"href":"https:\/\/senhorafrutta.com.br\/index.php\/wp-json\/wp\/v2\/posts"}],"about":[{"href":"https:\/\/senhorafrutta.com.br\/index.php\/wp-json\/wp\/v2\/types\/post"}],"replies":[{"embeddable":true,"href":"https:\/\/senhorafrutta.com.br\/index.php\/wp-json\/wp\/v2\/comments?post=3143"}],"version-history":[{"count":0,"href":"https:\/\/senhorafrutta.com.br\/index.php\/wp-json\/wp\/v2\/posts\/3143\/revisions"}],"wp:featuredmedia":[{"embeddable":true,"href":"https:\/\/senhorafrutta.com.br\/index.php\/wp-json\/wp\/v2\/media\/3144"}],"wp:attachment":[{"href":"https:\/\/senhorafrutta.com.br\/index.php\/wp-json\/wp\/v2\/media?parent=3143"}],"wp:term":[{"taxonomy":"category","embeddable":true,"href":"https:\/\/senhorafrutta.com.br\/index.php\/wp-json\/wp\/v2\/categories?post=3143"},{"taxonomy":"post_tag","embeddable":true,"href":"https:\/\/senhorafrutta.com.br\/index.php\/wp-json\/wp\/v2\/tags?post=3143"}],"curies":[{"name":"wp","href":"https:\/\/api.w.org\/{rel}","templated":true}]}}