{"id":3103,"date":"2024-10-13T15:48:01","date_gmt":"2024-10-13T15:48:01","guid":{"rendered":"https:\/\/senhorafrutta.com.br\/index.php\/2024\/10\/13\/acao-contra-suposta-invasao-de-areas-publicas-prende-6-pessoas-no-acre\/"},"modified":"2024-10-13T15:48:01","modified_gmt":"2024-10-13T15:48:01","slug":"acao-contra-suposta-invasao-de-areas-publicas-prende-6-pessoas-no-acre","status":"publish","type":"post","link":"https:\/\/senhorafrutta.com.br\/index.php\/2024\/10\/13\/acao-contra-suposta-invasao-de-areas-publicas-prende-6-pessoas-no-acre\/","title":{"rendered":"A\u00e7\u00e3o contra suposta invas\u00e3o de \u00e1reas p\u00fablicas prende 6 pessoas no Acre"},"content":{"rendered":"<div>Foto: Pol\u00edcia Federal<\/div>\n<p>Agentes p\u00fablicos prenderam, no s\u00e1bado (12), no <a href=\"https:\/\/www.canalrural.com.br\/tag\/acre\/\">Acre<\/a>, ao menos seis pessoas investigadas por suspeita de participa\u00e7\u00e3o de\u00a0suposto esquema de ocupa\u00e7\u00e3o irregular de \u00e1reas p\u00fablicas, desmatamento e explora\u00e7\u00e3o ilegal de recursos naturais de terras protegidas.<\/p>\n<p>As pris\u00f5es, em flagrante, ocorreram no \u00e2mbito da Opera\u00e7\u00e3o Usurpare, realizada pela Pol\u00edcia Federal (PF) em conjunto com o Instituto Brasileiro do Meio Ambiente e dos Recursos Naturais Renov\u00e1veis (Ibama) e a Pol\u00edcia Militar do Acre (PM-AC).<\/p>\n<p><em>Confira na palma da m\u00e3o informa\u00e7\u00f5es quentes sobre agricultura, pecu\u00e1ria, economia e previs\u00e3o do tempo:<\/em><a href=\"https:\/\/www.whatsapp.com\/channel\/0029Va9VnZxGk1FplZjiW43k\"><em> <\/em><strong>siga o Canal Rural no WhatsApp<\/strong><\/a>!<\/p>\n<p>Em nota, a PF informou que as \u201ccrescentes atividades ilegais de ocupa\u00e7\u00e3o e desmatamento em [\u00e1rea destinada a] assentamento do Incra, em Acrel\u00e2ndia (AC), estavam expondo a perigo a integridade ambiental e o patrim\u00f4nio p\u00fablico federal\u201d.<\/p>\n<p>Segundo a Pol\u00edcia Federal, os investigados ocupavam irregularmente\u00a0e extraiam recursos naturais, como a madeira de \u00e1rvores, de \u00e1reas protegidas, principalmente as de prote\u00e7\u00e3o permanente do im\u00f3vel, asseguradas por lei como espa\u00e7os para preserva\u00e7\u00e3o da biodiversidade; prote\u00e7\u00e3o do solo e garantia do bem-estar da popula\u00e7\u00e3o.<\/p>\n<p>Ainda de acordo com a PF, durante a a\u00e7\u00e3o, os agentes federais apreenderam duas armas de fogo. A reportagem n\u00e3o conseguiu contato com alvos da opera\u00e7\u00e3o.\u00a0<\/p>\n<p>O post <a href=\"https:\/\/www.canalrural.com.br\/seguranca\/acao-contra-suposta-invasao-de-areas-publicas-prende-6-pessoas-no-acre\/\">A\u00e7\u00e3o contra suposta invas\u00e3o de \u00e1reas p\u00fablicas prende 6 pessoas no Acre<\/a> apareceu primeiro em <a href=\"https:\/\/www.canalrural.com.br\/\">Canal Rural<\/a>.<\/p>","protected":false},"excerpt":{"rendered":"<p>Foto: Pol\u00edcia Federal Agentes p\u00fablicos prenderam, no s\u00e1bado (12), no Acre, ao menos seis pessoas investigadas por suspeita de participa\u00e7\u00e3o de\u00a0suposto esquema de ocupa\u00e7\u00e3o irregular de \u00e1reas p\u00fablicas, desmatamento e explora\u00e7\u00e3o ilegal de recursos naturais de terras protegidas. As pris\u00f5es, em flagrante, ocorreram no \u00e2mbito da Opera\u00e7\u00e3o Usurpare, realizada pela Pol\u00edcia Federal (PF) em conjunto com o Instituto Brasileiro do Meio Ambiente e dos Recursos Naturais Renov\u00e1veis (Ibama) e a Pol\u00edcia Militar do Acre (PM-AC). Confira na palma da m\u00e3o informa\u00e7\u00f5es quentes sobre agricultura, pecu\u00e1ria, economia e previs\u00e3o do tempo: siga o Canal Rural no WhatsApp! Em nota, a PF informou que as \u201ccrescentes atividades ilegais de ocupa\u00e7\u00e3o e desmatamento em [\u00e1rea destinada a] assentamento do Incra, em Acrel\u00e2ndia (AC), estavam expondo a perigo a integridade ambiental e o patrim\u00f4nio p\u00fablico federal\u201d. Segundo a Pol\u00edcia Federal, os investigados ocupavam irregularmente\u00a0e extraiam recursos naturais, como a madeira de \u00e1rvores, de \u00e1reas protegidas, principalmente as de prote\u00e7\u00e3o permanente do im\u00f3vel, asseguradas por lei como espa\u00e7os para preserva\u00e7\u00e3o da biodiversidade; prote\u00e7\u00e3o do solo e garantia do bem-estar da popula\u00e7\u00e3o. Ainda de acordo com a PF, durante a a\u00e7\u00e3o, os agentes federais apreenderam duas armas de fogo. A reportagem n\u00e3o conseguiu contato com alvos da opera\u00e7\u00e3o.\u00a0 O post A\u00e7\u00e3o contra suposta invas\u00e3o de \u00e1reas p\u00fablicas prende 6 pessoas no Acre apareceu primeiro em Canal Rural.<\/p>\n","protected":false},"author":0,"featured_media":3104,"comment_status":"open","ping_status":"open","sticky":false,"template":"","format":"standard","meta":{"_monsterinsights_skip_tracking":false,"_monsterinsights_sitenote_active":false,"_monsterinsights_sitenote_note":"","_monsterinsights_sitenote_category":0,"footnotes":""},"categories":[1],"tags":[],"class_list":["post-3103","post","type-post","status-publish","format-standard","has-post-thumbnail","hentry","category-agronegocio"],"_links":{"self":[{"href":"https:\/\/senhorafrutta.com.br\/index.php\/wp-json\/wp\/v2\/posts\/3103","targetHints":{"allow":["GET"]}}],"collection":[{"href":"https:\/\/senhorafrutta.com.br\/index.php\/wp-json\/wp\/v2\/posts"}],"about":[{"href":"https:\/\/senhorafrutta.com.br\/index.php\/wp-json\/wp\/v2\/types\/post"}],"replies":[{"embeddable":true,"href":"https:\/\/senhorafrutta.com.br\/index.php\/wp-json\/wp\/v2\/comments?post=3103"}],"version-history":[{"count":0,"href":"https:\/\/senhorafrutta.com.br\/index.php\/wp-json\/wp\/v2\/posts\/3103\/revisions"}],"wp:featuredmedia":[{"embeddable":true,"href":"https:\/\/senhorafrutta.com.br\/index.php\/wp-json\/wp\/v2\/media\/3104"}],"wp:attachment":[{"href":"https:\/\/senhorafrutta.com.br\/index.php\/wp-json\/wp\/v2\/media?parent=3103"}],"wp:term":[{"taxonomy":"category","embeddable":true,"href":"https:\/\/senhorafrutta.com.br\/index.php\/wp-json\/wp\/v2\/categories?post=3103"},{"taxonomy":"post_tag","embeddable":true,"href":"https:\/\/senhorafrutta.com.br\/index.php\/wp-json\/wp\/v2\/tags?post=3103"}],"curies":[{"name":"wp","href":"https:\/\/api.w.org\/{rel}","templated":true}]}}