{"id":3069,"date":"2024-10-12T14:43:26","date_gmt":"2024-10-12T14:43:26","guid":{"rendered":"https:\/\/senhorafrutta.com.br\/index.php\/2024\/10\/12\/plantio-simbolico-troca-de-informacoes-e-expectativas-a-abertura-do-plantio-da-soja\/"},"modified":"2024-10-12T14:43:26","modified_gmt":"2024-10-12T14:43:26","slug":"plantio-simbolico-troca-de-informacoes-e-expectativas-a-abertura-do-plantio-da-soja","status":"publish","type":"post","link":"https:\/\/senhorafrutta.com.br\/index.php\/2024\/10\/12\/plantio-simbolico-troca-de-informacoes-e-expectativas-a-abertura-do-plantio-da-soja\/","title":{"rendered":"Plantio simb\u00f3lico, troca de informa\u00e7\u00f5es e expectativas: a Abertura do Plantio da Soja!"},"content":{"rendered":"<div>Foto: Canal Rural\/A\u00e7ail\u00e2ndia (MA) Plantio da Soja\n<\/div>\n<p>Na \u00faltima sexta-feira (11), a <a href=\"https:\/\/www.canalrural.com.br\/agricultura\/projeto-soja-brasil\/solo-de-qualidade-e-area-reflorestada-cenario-da-abertura-do-plantio-da-soja\/\">Fazenda Pau Brasil<\/a>, localizada em A\u00e7ail\u00e2ndia, <a href=\"https:\/\/www.canalrural.com.br\/agricultura\/projeto-soja-brasil\/a-importancia-da-soja-para-o-maranhao-palco-da-largada-oficial-da-semeadura\/\">Maranh\u00e3o<\/a>, recebeu cerca de 1.200 produtores e profissionais do agroneg\u00f3cio para a <a href=\"https:\/\/www.canalrural.com.br\/agricultura\/projeto-soja-brasil\/os-produtores-estao-reagindo-para-extinguir-a-moratoria-da-soja-afirma-o-diretor-executivo-da-aprosoja-brasil\/\">Abertura Nacional do Plantio da Soja<\/a> para a safra 2024\/2025. O evento, que come\u00e7ou \u00e0s 9h, destacou a import\u00e2ncia da soja para a economia brasileira e marcou o in\u00edcio oficial das atividades agr\u00edcolas na regi\u00e3o.<\/p>\n<p>Foto: Canal Rural<\/p>\n<p>O secret\u00e1rio de Agricultura do Maranh\u00e3o, Fl\u00e1vio Viana, ressaltou a import\u00e2ncia da soja para a regi\u00e3o e para o Brasil, citando que cerca de 40% da produ\u00e7\u00e3o mundial de soja vem do pa\u00eds. \u201cO Maranh\u00e3o tem crescido muito devido ao empenho dos produtores, que realizam grandes investimentos e promovem o desenvolvimento do agroneg\u00f3cio no estado\u201d, destacou.<\/p>\n<p class=\"has-text-align-center\"><em>Confira na palma da m\u00e3o informa\u00e7\u00f5es quentes sobre agricultura, pecu\u00e1ria, economia e previs\u00e3o do tempo:<\/em><a href=\"https:\/\/www.whatsapp.com\/channel\/0029Va9VnZxGk1FplZjiW43k\"><em>\u00a0<\/em><strong>siga o Canal Rural no WhatsApp<\/strong><\/a>!<\/p>\n<h4 class=\"wp-block-heading\">Plantio simb\u00f3lico<\/h4>\n<p>A abertura foi marcada por um plantio simb\u00f3lico, representando o in\u00edcio das atividades agr\u00edcolas no Maranh\u00e3o e um marco para todo o Brasil, uma vez que diversas regi\u00f5es do pa\u00eds j\u00e1 iniciaram suas semeaduras.<\/p>\n<p>O evento destacou o trabalho de todos os envolvidos na organiza\u00e7\u00e3o, sublinhando a import\u00e2ncia do Maranh\u00e3o como um estado em pleno crescimento no setor agr\u00edcola. A realiza\u00e7\u00e3o da abertura nacional trouxe orgulho aos participantes, que celebraram o potencial da regi\u00e3o e o compromisso com o desenvolvimento do agroneg\u00f3cio.<\/p>\n<h4 class=\"wp-block-heading\">Discuss\u00f5es e pain\u00e9is informativos<\/h4>\n<p>O evento tamb\u00e9m incluiu discuss\u00f5es sobre gest\u00e3o, diversifica\u00e7\u00e3o e sustentabilidade, com pain\u00e9is informativos que contaram com a presen\u00e7a de especialistas renomados, como Gustavo Spadotti, da Embrapa Territorial; Bazilio Carlotto, da Coopernorte; e Marcos Fava Neves, Chanceler da Harven Agribusiness School. Esses profissionais debateram temas fundamentais para o setor, como a rentabilidade nas propriedades e os impactos clim\u00e1ticos nas lavouras.<\/p>\n<p>A intera\u00e7\u00e3o e o compartilhamento de conhecimentos foram aspectos fundamentais do evento, promovendo um espa\u00e7o para que os produtores se atualizassem sobre as melhores pr\u00e1ticas e inova\u00e7\u00f5es do setor.<\/p>\n<div class=\"wp-block-embed__wrapper\">\n<\/div>\n<h4 class=\"wp-block-heading\"><\/h4>\n\n<p>O post <a href=\"https:\/\/www.canalrural.com.br\/agricultura\/projeto-soja-brasil\/plantio-simbolico-troca-de-informacoes-e-expectativas-a-abertura-do-plantio-da-soja\/\">Plantio simb\u00f3lico, troca de informa\u00e7\u00f5es e expectativas: a Abertura do Plantio da Soja!<\/a> apareceu primeiro em <a href=\"https:\/\/www.canalrural.com.br\/\">Canal Rural<\/a>.<\/p>","protected":false},"excerpt":{"rendered":"<p>Foto: Canal Rural\/A\u00e7ail\u00e2ndia (MA) Plantio da Soja Na \u00faltima sexta-feira (11), a Fazenda Pau Brasil, localizada em A\u00e7ail\u00e2ndia, Maranh\u00e3o, recebeu cerca de 1.200 produtores e profissionais do agroneg\u00f3cio para a Abertura Nacional do Plantio da Soja para a safra 2024\/2025. O evento, que come\u00e7ou \u00e0s 9h, destacou a import\u00e2ncia da soja para a economia brasileira e marcou o in\u00edcio oficial das atividades agr\u00edcolas na regi\u00e3o. Foto: Canal Rural O secret\u00e1rio de Agricultura do Maranh\u00e3o, Fl\u00e1vio Viana, ressaltou a import\u00e2ncia da soja para a regi\u00e3o e para o Brasil, citando que cerca de 40% da produ\u00e7\u00e3o mundial de soja vem do pa\u00eds. \u201cO Maranh\u00e3o tem crescido muito devido ao empenho dos produtores, que realizam grandes investimentos e promovem o desenvolvimento do agroneg\u00f3cio no estado\u201d, destacou. Confira na palma da m\u00e3o informa\u00e7\u00f5es quentes sobre agricultura, pecu\u00e1ria, economia e previs\u00e3o do tempo:\u00a0siga o Canal Rural no WhatsApp! Plantio simb\u00f3lico A abertura foi marcada por um plantio simb\u00f3lico, representando o in\u00edcio das atividades agr\u00edcolas no Maranh\u00e3o e um marco para todo o Brasil, uma vez que diversas regi\u00f5es do pa\u00eds j\u00e1 iniciaram suas semeaduras. O evento destacou o trabalho de todos os envolvidos na organiza\u00e7\u00e3o, sublinhando a import\u00e2ncia do Maranh\u00e3o como um estado em pleno crescimento no setor agr\u00edcola. A realiza\u00e7\u00e3o da abertura nacional trouxe orgulho aos participantes, que celebraram o potencial da regi\u00e3o e o compromisso com o desenvolvimento do agroneg\u00f3cio. Discuss\u00f5es e pain\u00e9is informativos O evento tamb\u00e9m incluiu discuss\u00f5es sobre gest\u00e3o, diversifica\u00e7\u00e3o e sustentabilidade, com pain\u00e9is informativos que contaram com a presen\u00e7a de especialistas renomados, como Gustavo Spadotti, da Embrapa Territorial; Bazilio Carlotto, da Coopernorte; e Marcos Fava Neves, Chanceler da Harven Agribusiness School. Esses profissionais debateram temas fundamentais para o setor, como a rentabilidade nas propriedades e os impactos clim\u00e1ticos nas lavouras. A intera\u00e7\u00e3o e o compartilhamento de conhecimentos foram aspectos fundamentais do evento, promovendo um espa\u00e7o para que os produtores se atualizassem sobre as melhores pr\u00e1ticas e inova\u00e7\u00f5es do setor. O post Plantio simb\u00f3lico, troca de informa\u00e7\u00f5es e expectativas: a Abertura do Plantio da Soja! apareceu primeiro em Canal Rural.<\/p>\n","protected":false},"author":0,"featured_media":3070,"comment_status":"open","ping_status":"open","sticky":false,"template":"","format":"standard","meta":{"_monsterinsights_skip_tracking":false,"_monsterinsights_sitenote_active":false,"_monsterinsights_sitenote_note":"","_monsterinsights_sitenote_category":0,"footnotes":""},"categories":[1],"tags":[],"class_list":["post-3069","post","type-post","status-publish","format-standard","has-post-thumbnail","hentry","category-agronegocio"],"_links":{"self":[{"href":"https:\/\/senhorafrutta.com.br\/index.php\/wp-json\/wp\/v2\/posts\/3069","targetHints":{"allow":["GET"]}}],"collection":[{"href":"https:\/\/senhorafrutta.com.br\/index.php\/wp-json\/wp\/v2\/posts"}],"about":[{"href":"https:\/\/senhorafrutta.com.br\/index.php\/wp-json\/wp\/v2\/types\/post"}],"replies":[{"embeddable":true,"href":"https:\/\/senhorafrutta.com.br\/index.php\/wp-json\/wp\/v2\/comments?post=3069"}],"version-history":[{"count":0,"href":"https:\/\/senhorafrutta.com.br\/index.php\/wp-json\/wp\/v2\/posts\/3069\/revisions"}],"wp:featuredmedia":[{"embeddable":true,"href":"https:\/\/senhorafrutta.com.br\/index.php\/wp-json\/wp\/v2\/media\/3070"}],"wp:attachment":[{"href":"https:\/\/senhorafrutta.com.br\/index.php\/wp-json\/wp\/v2\/media?parent=3069"}],"wp:term":[{"taxonomy":"category","embeddable":true,"href":"https:\/\/senhorafrutta.com.br\/index.php\/wp-json\/wp\/v2\/categories?post=3069"},{"taxonomy":"post_tag","embeddable":true,"href":"https:\/\/senhorafrutta.com.br\/index.php\/wp-json\/wp\/v2\/tags?post=3069"}],"curies":[{"name":"wp","href":"https:\/\/api.w.org\/{rel}","templated":true}]}}