{"id":3035,"date":"2024-10-11T19:44:26","date_gmt":"2024-10-11T19:44:26","guid":{"rendered":"https:\/\/senhorafrutta.com.br\/index.php\/2024\/10\/11\/plantio-da-soja-atinge-881-da-area-no-mato-grosso-diz-imea\/"},"modified":"2024-10-11T19:44:26","modified_gmt":"2024-10-11T19:44:26","slug":"plantio-da-soja-atinge-881-da-area-no-mato-grosso-diz-imea","status":"publish","type":"post","link":"https:\/\/senhorafrutta.com.br\/index.php\/2024\/10\/11\/plantio-da-soja-atinge-881-da-area-no-mato-grosso-diz-imea\/","title":{"rendered":"Plantio da soja atinge 8,81% da \u00e1rea no Mato Grosso, diz Imea"},"content":{"rendered":"<div>Foto: Funda\u00e7\u00e3o MT\/Divulga\u00e7\u00e3o<\/div>\n<p>O plantio de <a href=\"https:\/\/www.canalrural.com.br\/agricultura\/soja\/\">soja <\/a>em Mato Grosso atingiu 8,81% da \u00e1rea estimada para a safra 2024\/25 at\u00e9 esta sexta-feira (11), segundo o Instituto Mato-Grossense de Economia Agropecu\u00e1ria (<a href=\"https:\/\/www.imea.com.br\/imea-site\/\">IMEA<\/a>). Essa evolu\u00e7\u00e3o representa um aumento de 6,73 pontos percentuais em rela\u00e7\u00e3o \u00e0 semana anterior, mas o avan\u00e7o ainda \u00e9 considerado atrasado devido ao in\u00edcio da temporada seco.<\/p>\n<p class=\"has-text-align-center\"><em>Confira na palma da m\u00e3o informa\u00e7\u00f5es quentes sobre agricultura, pecu\u00e1ria, economia e previs\u00e3o do tempo:<\/em><a href=\"https:\/\/www.whatsapp.com\/channel\/0029Va9VnZxGk1FplZjiW43k\"><em>\u00a0<\/em><strong>siga o Canal Rural no WhatsApp<\/strong><\/a>!<\/p>\n<p>O aumento das queimadas na regi\u00e3o preocupa os agricultores, impactando diretamente o calend\u00e1rio de plantio. Lucas Costa B\u00eaber, presidente da Aprosoja-MT, destaca a urg\u00eancia de implementar medidas de preven\u00e7\u00e3o e manejo. O atraso das chuvas for\u00e7ou os produtores a recorrer a \u00e1reas irrigadas por piv\u00f4 central, mas a fuma\u00e7a reduz a luminosidade, levando muitos a adiar o plantio para garantir melhores condi\u00e7\u00f5es de fotoss\u00edntese e produtividade.<\/p>\n<p>Al\u00e9m de comprometer a soja, o atraso nas chuvas tamb\u00e9m afeta o plantio do milho, ampliando as preocupa\u00e7\u00f5es sobre a produ\u00e7\u00e3o de ambas as culturas. B\u00eaber ressalta a import\u00e2ncia do plantio direto sobre a palha, que conserva a umidade do solo e recicla nutrientes, contribuindo para a produtividade. Essa pr\u00e1tica se torna essencial, pois as queimadas exigem altos investimentos em controle e representam riscos \u00e0 seguran\u00e7a e ao patrim\u00f4nio dos produtores.<\/p>\n\n<p>O post <a href=\"https:\/\/www.canalrural.com.br\/agricultura\/projeto-soja-brasil\/plantio-da-soja-atinge-881-da-area-no-mato-grosso-diz-imea\/\">Plantio da soja atinge 8,81% da \u00e1rea no Mato Grosso, diz Imea<\/a> apareceu primeiro em <a href=\"https:\/\/www.canalrural.com.br\/\">Canal Rural<\/a>.<\/p>","protected":false},"excerpt":{"rendered":"<p>Foto: Funda\u00e7\u00e3o MT\/Divulga\u00e7\u00e3o O plantio de soja em Mato Grosso atingiu 8,81% da \u00e1rea estimada para a safra 2024\/25 at\u00e9 esta sexta-feira (11), segundo o Instituto Mato-Grossense de Economia Agropecu\u00e1ria (IMEA). Essa evolu\u00e7\u00e3o representa um aumento de 6,73 pontos percentuais em rela\u00e7\u00e3o \u00e0 semana anterior, mas o avan\u00e7o ainda \u00e9 considerado atrasado devido ao in\u00edcio da temporada seco. Confira na palma da m\u00e3o informa\u00e7\u00f5es quentes sobre agricultura, pecu\u00e1ria, economia e previs\u00e3o do tempo:\u00a0siga o Canal Rural no WhatsApp! O aumento das queimadas na regi\u00e3o preocupa os agricultores, impactando diretamente o calend\u00e1rio de plantio. Lucas Costa B\u00eaber, presidente da Aprosoja-MT, destaca a urg\u00eancia de implementar medidas de preven\u00e7\u00e3o e manejo. O atraso das chuvas for\u00e7ou os produtores a recorrer a \u00e1reas irrigadas por piv\u00f4 central, mas a fuma\u00e7a reduz a luminosidade, levando muitos a adiar o plantio para garantir melhores condi\u00e7\u00f5es de fotoss\u00edntese e produtividade. Al\u00e9m de comprometer a soja, o atraso nas chuvas tamb\u00e9m afeta o plantio do milho, ampliando as preocupa\u00e7\u00f5es sobre a produ\u00e7\u00e3o de ambas as culturas. B\u00eaber ressalta a import\u00e2ncia do plantio direto sobre a palha, que conserva a umidade do solo e recicla nutrientes, contribuindo para a produtividade. Essa pr\u00e1tica se torna essencial, pois as queimadas exigem altos investimentos em controle e representam riscos \u00e0 seguran\u00e7a e ao patrim\u00f4nio dos produtores. O post Plantio da soja atinge 8,81% da \u00e1rea no Mato Grosso, diz Imea apareceu primeiro em Canal Rural.<\/p>\n","protected":false},"author":0,"featured_media":3036,"comment_status":"open","ping_status":"open","sticky":false,"template":"","format":"standard","meta":{"_monsterinsights_skip_tracking":false,"_monsterinsights_sitenote_active":false,"_monsterinsights_sitenote_note":"","_monsterinsights_sitenote_category":0,"footnotes":""},"categories":[1],"tags":[],"class_list":["post-3035","post","type-post","status-publish","format-standard","has-post-thumbnail","hentry","category-agronegocio"],"_links":{"self":[{"href":"https:\/\/senhorafrutta.com.br\/index.php\/wp-json\/wp\/v2\/posts\/3035","targetHints":{"allow":["GET"]}}],"collection":[{"href":"https:\/\/senhorafrutta.com.br\/index.php\/wp-json\/wp\/v2\/posts"}],"about":[{"href":"https:\/\/senhorafrutta.com.br\/index.php\/wp-json\/wp\/v2\/types\/post"}],"replies":[{"embeddable":true,"href":"https:\/\/senhorafrutta.com.br\/index.php\/wp-json\/wp\/v2\/comments?post=3035"}],"version-history":[{"count":0,"href":"https:\/\/senhorafrutta.com.br\/index.php\/wp-json\/wp\/v2\/posts\/3035\/revisions"}],"wp:featuredmedia":[{"embeddable":true,"href":"https:\/\/senhorafrutta.com.br\/index.php\/wp-json\/wp\/v2\/media\/3036"}],"wp:attachment":[{"href":"https:\/\/senhorafrutta.com.br\/index.php\/wp-json\/wp\/v2\/media?parent=3035"}],"wp:term":[{"taxonomy":"category","embeddable":true,"href":"https:\/\/senhorafrutta.com.br\/index.php\/wp-json\/wp\/v2\/categories?post=3035"},{"taxonomy":"post_tag","embeddable":true,"href":"https:\/\/senhorafrutta.com.br\/index.php\/wp-json\/wp\/v2\/tags?post=3035"}],"curies":[{"name":"wp","href":"https:\/\/api.w.org\/{rel}","templated":true}]}}