{"id":2977,"date":"2024-10-09T19:31:07","date_gmt":"2024-10-09T19:31:07","guid":{"rendered":"https:\/\/senhorafrutta.com.br\/index.php\/2024\/10\/09\/industria-apoia-acordo-mercosul-ue-que-favorecera-ambas-as-regioes-diz-fiesp\/"},"modified":"2024-10-09T19:31:07","modified_gmt":"2024-10-09T19:31:07","slug":"industria-apoia-acordo-mercosul-ue-que-favorecera-ambas-as-regioes-diz-fiesp","status":"publish","type":"post","link":"https:\/\/senhorafrutta.com.br\/index.php\/2024\/10\/09\/industria-apoia-acordo-mercosul-ue-que-favorecera-ambas-as-regioes-diz-fiesp\/","title":{"rendered":"Ind\u00fastria apoia acordo Mercosul-UE, que favorecer\u00e1 ambas as regi\u00f5es, diz Fiesp"},"content":{"rendered":"<div>Foto: Camex<\/div>\n<p>O presidente da Federa\u00e7\u00e3o das Ind\u00fastrias do Estado de S\u00e3o Paulo <strong><a href=\"https:\/\/www.fiesp.com.br\/\">(Fiesp)<\/a><\/strong>, Josu\u00e9 Gomes da Silva, abriu nesta quarta-feira (9) o f\u00f3rum de empresas brasileiras e italianas reiterando o apoio da entidade \u00e0 conclus\u00e3o do acordo comercial entre Mercosul e Uni\u00e3o Europeia.<\/p>\n<p>\u201cEstamos conscientes dos desafios, mas queremos dizer que a ind\u00fastria \u00e9 favor\u00e1vel \u00e0 conclus\u00e3o e acreditamos que vamos chegar a bom termo, o que vai favorecer a ind\u00fastria europeia e empresas de ambas as regi\u00f5es\u201d, declarou no encontro realizado na sede da entidade.<\/p>\n<p><em>Confira na palma da m\u00e3o informa\u00e7\u00f5es quentes sobre agricultura, pecu\u00e1ria, economia e previs\u00e3o do tempo:<\/em><a href=\"https:\/\/www.whatsapp.com\/channel\/0029Va9VnZxGk1FplZjiW43k\"><em>\u00a0<\/em><strong>siga o Canal Rural no WhatsApp<\/strong><\/a>!<\/p>\n<p>A ocasi\u00e3o tamb\u00e9m contou com a presen\u00e7a do vice primeiro-ministro e ministro das Rela\u00e7\u00f5es Exteriores da It\u00e1lia, Antonio Tajani, e do ministro-chefe da Casa Civil, Rui Costa.<\/p>\n<p>O presidente da Fiesp disse ainda que a Uni\u00e3o Europeia e o Mercosul t\u00eam oportunidade de liderar o mundo em dire\u00e7\u00e3o a metodologias e m\u00e9tricas comuns de medi\u00e7\u00f5es de pegada de carbono nos processos industriais. <\/p>\n<p>Al\u00e9m disso, destacou que os exportadores brasileiros de alimentos est\u00e3o se adaptando para atender ao rigor da <strong><a href=\"https:\/\/www.canalrural.com.br\/internacional\/comissao-europeia-cede-a-pressao-e-propoe-adiar-lei-antidesmatamento-por-um-ano\/\">lei de antidesmatamento europeia.<\/a><\/strong><\/p>\n<p>O post <a href=\"https:\/\/www.canalrural.com.br\/economia\/industria-apoia-acordo-mercosul-ue-que-favorecera-ambas-as-regioes-diz-fiesp\/\">Ind\u00fastria apoia acordo Mercosul-UE, que favorecer\u00e1 ambas as regi\u00f5es, diz Fiesp<\/a> apareceu primeiro em <a href=\"https:\/\/www.canalrural.com.br\/\">Canal Rural<\/a>.<\/p>","protected":false},"excerpt":{"rendered":"<p>Foto: Camex O presidente da Federa\u00e7\u00e3o das Ind\u00fastrias do Estado de S\u00e3o Paulo (Fiesp), Josu\u00e9 Gomes da Silva, abriu nesta quarta-feira (9) o f\u00f3rum de empresas brasileiras e italianas reiterando o apoio da entidade \u00e0 conclus\u00e3o do acordo comercial entre Mercosul e Uni\u00e3o Europeia. \u201cEstamos conscientes dos desafios, mas queremos dizer que a ind\u00fastria \u00e9 favor\u00e1vel \u00e0 conclus\u00e3o e acreditamos que vamos chegar a bom termo, o que vai favorecer a ind\u00fastria europeia e empresas de ambas as regi\u00f5es\u201d, declarou no encontro realizado na sede da entidade. Confira na palma da m\u00e3o informa\u00e7\u00f5es quentes sobre agricultura, pecu\u00e1ria, economia e previs\u00e3o do tempo:\u00a0siga o Canal Rural no WhatsApp! A ocasi\u00e3o tamb\u00e9m contou com a presen\u00e7a do vice primeiro-ministro e ministro das Rela\u00e7\u00f5es Exteriores da It\u00e1lia, Antonio Tajani, e do ministro-chefe da Casa Civil, Rui Costa. O presidente da Fiesp disse ainda que a Uni\u00e3o Europeia e o Mercosul t\u00eam oportunidade de liderar o mundo em dire\u00e7\u00e3o a metodologias e m\u00e9tricas comuns de medi\u00e7\u00f5es de pegada de carbono nos processos industriais. Al\u00e9m disso, destacou que os exportadores brasileiros de alimentos est\u00e3o se adaptando para atender ao rigor da lei de antidesmatamento europeia. O post Ind\u00fastria apoia acordo Mercosul-UE, que favorecer\u00e1 ambas as regi\u00f5es, diz Fiesp apareceu primeiro em Canal Rural.<\/p>\n","protected":false},"author":0,"featured_media":2978,"comment_status":"open","ping_status":"open","sticky":false,"template":"","format":"standard","meta":{"_monsterinsights_skip_tracking":false,"_monsterinsights_sitenote_active":false,"_monsterinsights_sitenote_note":"","_monsterinsights_sitenote_category":0,"footnotes":""},"categories":[1],"tags":[],"class_list":["post-2977","post","type-post","status-publish","format-standard","has-post-thumbnail","hentry","category-agronegocio"],"_links":{"self":[{"href":"https:\/\/senhorafrutta.com.br\/index.php\/wp-json\/wp\/v2\/posts\/2977","targetHints":{"allow":["GET"]}}],"collection":[{"href":"https:\/\/senhorafrutta.com.br\/index.php\/wp-json\/wp\/v2\/posts"}],"about":[{"href":"https:\/\/senhorafrutta.com.br\/index.php\/wp-json\/wp\/v2\/types\/post"}],"replies":[{"embeddable":true,"href":"https:\/\/senhorafrutta.com.br\/index.php\/wp-json\/wp\/v2\/comments?post=2977"}],"version-history":[{"count":0,"href":"https:\/\/senhorafrutta.com.br\/index.php\/wp-json\/wp\/v2\/posts\/2977\/revisions"}],"wp:featuredmedia":[{"embeddable":true,"href":"https:\/\/senhorafrutta.com.br\/index.php\/wp-json\/wp\/v2\/media\/2978"}],"wp:attachment":[{"href":"https:\/\/senhorafrutta.com.br\/index.php\/wp-json\/wp\/v2\/media?parent=2977"}],"wp:term":[{"taxonomy":"category","embeddable":true,"href":"https:\/\/senhorafrutta.com.br\/index.php\/wp-json\/wp\/v2\/categories?post=2977"},{"taxonomy":"post_tag","embeddable":true,"href":"https:\/\/senhorafrutta.com.br\/index.php\/wp-json\/wp\/v2\/tags?post=2977"}],"curies":[{"name":"wp","href":"https:\/\/api.w.org\/{rel}","templated":true}]}}