{"id":2969,"date":"2024-10-09T22:51:07","date_gmt":"2024-10-09T22:51:07","guid":{"rendered":"https:\/\/senhorafrutta.com.br\/index.php\/2024\/10\/09\/brasil-esta-pronto-para-assinar-o-acordo-mercosul-uniao-europeia-afirma-ministro\/"},"modified":"2024-10-09T22:51:07","modified_gmt":"2024-10-09T22:51:07","slug":"brasil-esta-pronto-para-assinar-o-acordo-mercosul-uniao-europeia-afirma-ministro","status":"publish","type":"post","link":"https:\/\/senhorafrutta.com.br\/index.php\/2024\/10\/09\/brasil-esta-pronto-para-assinar-o-acordo-mercosul-uniao-europeia-afirma-ministro\/","title":{"rendered":"Brasil est\u00e1 pronto para assinar o acordo Mercosul-Uni\u00e3o Europeia, afirma ministro"},"content":{"rendered":"<div>Foto: Marcos Oliveira\/Ag\u00eancia Senado<\/div>\n<p>O ministro da Casa Civil, Rui Costa, afirmou nesta quarta-feira (9) que o Brasil est\u00e1 preparado para assinar o acordo entre o Mercosul e a Uni\u00e3o Europeia. <\/p>\n<p>Durante sua participa\u00e7\u00e3o no <strong><a href=\"https:\/\/www.canalrural.com.br\/economia\/industria-apoia-acordo-mercosul-ue-que-favorecera-ambas-as-regioes-diz-fiesp\/\">F\u00f3rum Empresarial It\u00e1lia-Brasil, em S\u00e3o Paulo<\/a><\/strong>, com representantes de governo e lideran\u00e7as empresariais, o ministro destacou que o pa\u00eds aguarda apenas a confirma\u00e7\u00e3o da Europa para formalizar o acordo.<\/p>\n<h2 class=\"wp-block-heading\">Sinergia entre Brasil e It\u00e1lia<\/h2>\n<p>Rui Costa ressaltou a import\u00e2ncia das rela\u00e7\u00f5es entre o Brasil, a It\u00e1lia e a Europa, apontando que as sinergias entre os pa\u00edses s\u00e3o amplas. \u201cEstamos prontos. O presidente Lula j\u00e1 manifestou isso de forma enf\u00e1tica. Entendemos que todos os pontos mais relevantes foram superados\u201d, declarou o ministro.<\/p>\n<p>A abertura do f\u00f3rum contou com a presen\u00e7a de importantes autoridades, como o vice primeiro-ministro e ministro das Rela\u00e7\u00f5es Exteriores e de Coopera\u00e7\u00e3o Internacional da It\u00e1lia, Antonio Tajani, o presidente da Federa\u00e7\u00e3o das Ind\u00fastrias do Estado de S\u00e3o Paulo <strong><a href=\"https:\/\/www.fiesp.com.br\/\">(Fiesp)<\/a><\/strong>, Josu\u00e9 Gomes da Silva, e o vice-governador de S\u00e3o Paulo, Felicio Ramuth.<\/p>\n<h2 class=\"wp-block-heading\">Investimentos e descarboniza\u00e7\u00e3o<\/h2>\n<p>Durante o evento, Rui Costa apresentou as oportunidades de investimentos no Brasil, destacando projetos de descarboniza\u00e7\u00e3o e eletrifica\u00e7\u00e3o da frota de \u00f4nibus, com apoio do Novo PAC. <\/p>\n<p>Ele mencionou o desafio global da transi\u00e7\u00e3o energ\u00e9tica e a necessidade de investimentos. \u201cEnquanto n\u00e3o temos escala de produ\u00e7\u00e3o, os custos ainda s\u00e3o mais altos, como \u00e9 o caso dos \u00f4nibus el\u00e9tricos em compara\u00e7\u00e3o com os a combust\u00e3o\u201d, explicou o ministro.<\/p>\n<h2 class=\"wp-block-heading\">Fundo Amaz\u00f4nia<\/h2>\n<p>Foto: Guilherme Noronha\/Embrapa<\/p>\n<p>O ministro tamb\u00e9m lembrou que o Brasil conta com o Fundo Amaz\u00f4nia e o Fundo Nacional sobre Mudan\u00e7a do Clima, que contribuem para o avan\u00e7o de projetos sustent\u00e1veis no pa\u00eds, alinhados com as metas globais de combate \u00e0s mudan\u00e7as clim\u00e1ticas.<\/p>\n<p>Rui Costa destacou as medidas institucionais implementadas pelo Governo Federal para modernizar o marco regulat\u00f3rio, especialmente na \u00e1rea de energia. Ele afirmou que as empresas italianas j\u00e1 reconhecem a seguran\u00e7a jur\u00eddica e econ\u00f4mica proporcionada por essas atualiza\u00e7\u00f5es, o que oferece previsibilidade para os investidores.<\/p>\n<h2 class=\"wp-block-heading\">Novas leis para PPPs<\/h2>\n<p>Al\u00e9m disso, o governo trabalha para aprovar no Congresso Nacional uma nova lei de parcerias p\u00fablico-privadas (PPPs) e um novo processo de licenciamento no pa\u00eds. <\/p>\n<p>O ministro tamb\u00e9m mencionou os projetos na \u00e1rea de infraestrutura, como a Nova Ind\u00fastria Brasil, que visa fortalecer a ind\u00fastria nacional at\u00e9 2033, e iniciativas no modal ferrovi\u00e1rio para melhorar a integra\u00e7\u00e3o do Brasil com os pa\u00edses do Mercosul.<\/p>\n<p>O post <a href=\"https:\/\/www.canalrural.com.br\/economia\/brasil-esta-pronto-para-assinar-o-acordo-mercosul-uniao-europeia-afirma-ministro\/\">Brasil est\u00e1 pronto para assinar o acordo Mercosul-Uni\u00e3o Europeia, afirma ministro<\/a> apareceu primeiro em <a href=\"https:\/\/www.canalrural.com.br\/\">Canal Rural<\/a>.<\/p>","protected":false},"excerpt":{"rendered":"<p>Foto: Marcos Oliveira\/Ag\u00eancia Senado O ministro da Casa Civil, Rui Costa, afirmou nesta quarta-feira (9) que o Brasil est\u00e1 preparado para assinar o acordo entre o Mercosul e a Uni\u00e3o Europeia. Durante sua participa\u00e7\u00e3o no F\u00f3rum Empresarial It\u00e1lia-Brasil, em S\u00e3o Paulo, com representantes de governo e lideran\u00e7as empresariais, o ministro destacou que o pa\u00eds aguarda apenas a confirma\u00e7\u00e3o da Europa para formalizar o acordo. Sinergia entre Brasil e It\u00e1lia Rui Costa ressaltou a import\u00e2ncia das rela\u00e7\u00f5es entre o Brasil, a It\u00e1lia e a Europa, apontando que as sinergias entre os pa\u00edses s\u00e3o amplas. \u201cEstamos prontos. O presidente Lula j\u00e1 manifestou isso de forma enf\u00e1tica. Entendemos que todos os pontos mais relevantes foram superados\u201d, declarou o ministro. A abertura do f\u00f3rum contou com a presen\u00e7a de importantes autoridades, como o vice primeiro-ministro e ministro das Rela\u00e7\u00f5es Exteriores e de Coopera\u00e7\u00e3o Internacional da It\u00e1lia, Antonio Tajani, o presidente da Federa\u00e7\u00e3o das Ind\u00fastrias do Estado de S\u00e3o Paulo (Fiesp), Josu\u00e9 Gomes da Silva, e o vice-governador de S\u00e3o Paulo, Felicio Ramuth. Investimentos e descarboniza\u00e7\u00e3o Durante o evento, Rui Costa apresentou as oportunidades de investimentos no Brasil, destacando projetos de descarboniza\u00e7\u00e3o e eletrifica\u00e7\u00e3o da frota de \u00f4nibus, com apoio do Novo PAC. Ele mencionou o desafio global da transi\u00e7\u00e3o energ\u00e9tica e a necessidade de investimentos. \u201cEnquanto n\u00e3o temos escala de produ\u00e7\u00e3o, os custos ainda s\u00e3o mais altos, como \u00e9 o caso dos \u00f4nibus el\u00e9tricos em compara\u00e7\u00e3o com os a combust\u00e3o\u201d, explicou o ministro. Fundo Amaz\u00f4nia Foto: Guilherme Noronha\/Embrapa O ministro tamb\u00e9m lembrou que o Brasil conta com o Fundo Amaz\u00f4nia e o Fundo Nacional sobre Mudan\u00e7a do Clima, que contribuem para o avan\u00e7o de projetos sustent\u00e1veis no pa\u00eds, alinhados com as metas globais de combate \u00e0s mudan\u00e7as clim\u00e1ticas. Rui Costa destacou as medidas institucionais implementadas pelo Governo Federal para modernizar o marco regulat\u00f3rio, especialmente na \u00e1rea de energia. Ele afirmou que as empresas italianas j\u00e1 reconhecem a seguran\u00e7a jur\u00eddica e econ\u00f4mica proporcionada por essas atualiza\u00e7\u00f5es, o que oferece previsibilidade para os investidores. Novas leis para PPPs Al\u00e9m disso, o governo trabalha para aprovar no Congresso Nacional uma nova lei de parcerias p\u00fablico-privadas (PPPs) e um novo processo de licenciamento no pa\u00eds. O ministro tamb\u00e9m mencionou os projetos na \u00e1rea de infraestrutura, como a Nova Ind\u00fastria Brasil, que visa fortalecer a ind\u00fastria nacional at\u00e9 2033, e iniciativas no modal ferrovi\u00e1rio para melhorar a integra\u00e7\u00e3o do Brasil com os pa\u00edses do Mercosul. O post Brasil est\u00e1 pronto para assinar o acordo Mercosul-Uni\u00e3o Europeia, afirma ministro apareceu primeiro em Canal Rural.<\/p>\n","protected":false},"author":0,"featured_media":2970,"comment_status":"open","ping_status":"open","sticky":false,"template":"","format":"standard","meta":{"_monsterinsights_skip_tracking":false,"_monsterinsights_sitenote_active":false,"_monsterinsights_sitenote_note":"","_monsterinsights_sitenote_category":0,"footnotes":""},"categories":[1],"tags":[],"class_list":["post-2969","post","type-post","status-publish","format-standard","has-post-thumbnail","hentry","category-agronegocio"],"_links":{"self":[{"href":"https:\/\/senhorafrutta.com.br\/index.php\/wp-json\/wp\/v2\/posts\/2969","targetHints":{"allow":["GET"]}}],"collection":[{"href":"https:\/\/senhorafrutta.com.br\/index.php\/wp-json\/wp\/v2\/posts"}],"about":[{"href":"https:\/\/senhorafrutta.com.br\/index.php\/wp-json\/wp\/v2\/types\/post"}],"replies":[{"embeddable":true,"href":"https:\/\/senhorafrutta.com.br\/index.php\/wp-json\/wp\/v2\/comments?post=2969"}],"version-history":[{"count":0,"href":"https:\/\/senhorafrutta.com.br\/index.php\/wp-json\/wp\/v2\/posts\/2969\/revisions"}],"wp:featuredmedia":[{"embeddable":true,"href":"https:\/\/senhorafrutta.com.br\/index.php\/wp-json\/wp\/v2\/media\/2970"}],"wp:attachment":[{"href":"https:\/\/senhorafrutta.com.br\/index.php\/wp-json\/wp\/v2\/media?parent=2969"}],"wp:term":[{"taxonomy":"category","embeddable":true,"href":"https:\/\/senhorafrutta.com.br\/index.php\/wp-json\/wp\/v2\/categories?post=2969"},{"taxonomy":"post_tag","embeddable":true,"href":"https:\/\/senhorafrutta.com.br\/index.php\/wp-json\/wp\/v2\/tags?post=2969"}],"curies":[{"name":"wp","href":"https:\/\/api.w.org\/{rel}","templated":true}]}}