{"id":2791,"date":"2024-10-02T19:08:50","date_gmt":"2024-10-02T19:08:50","guid":{"rendered":"https:\/\/senhorafrutta.com.br\/index.php\/2024\/10\/02\/comissao-europeia-cede-a-pressao-e-propoe-adiar-lei-antidesmatamento-por-um-ano\/"},"modified":"2024-10-02T19:08:50","modified_gmt":"2024-10-02T19:08:50","slug":"comissao-europeia-cede-a-pressao-e-propoe-adiar-lei-antidesmatamento-por-um-ano","status":"publish","type":"post","link":"https:\/\/senhorafrutta.com.br\/index.php\/2024\/10\/02\/comissao-europeia-cede-a-pressao-e-propoe-adiar-lei-antidesmatamento-por-um-ano\/","title":{"rendered":"Comiss\u00e3o Europeia cede \u00e0 press\u00e3o e prop\u00f5e adiar Lei Antidesmatamento por um ano"},"content":{"rendered":"<div>Fazenda Progresso (PI) &#8211; 36 mil hectares de \u00e1rea total de lavoura<\/div>\n<p>A Comiss\u00e3o Europeia divulgou <strong><a href=\"https:\/\/ec.europa.eu\/commission\/presscorner\/detail\/en\/ip_24_5009\">comunicado \u00e0 imprensa<\/a><\/strong> nesta quarta-feira (2) propondo adiar a chamada Lei Antidesmatamento, que proibiria a importa\u00e7\u00e3o pelo bloco de produtos oriundos de \u00e1reas degradadas ou desmatadas ap\u00f3s o ano de 2020. <\/p>\n<p><em>Confira na palma da m\u00e3o informa\u00e7\u00f5es quentes sobre agricultura, pecu\u00e1ria, economia e previs\u00e3o do tempo:<\/em><a href=\"https:\/\/www.whatsapp.com\/channel\/0029Va9VnZxGk1FplZjiW43k\"><em>\u00a0<\/em><strong>siga o Canal Rural no WhatsApp<\/strong><\/a>!<\/p>\n<p>Originalmente, o texto entraria em vigor a partir de 1 de janeiro de 2025. Contudo, agora, ap\u00f3s press\u00e3o de na\u00e7\u00f5es que exportam produtos agropecu\u00e1rios ao bloco, caso do Brasil, o \u00f3rg\u00e3o sugere que seja dado \u00e0s partes interessadas tempo adicional de um ano para a adequa\u00e7\u00e3o. <\/p>\n<p>Se aprovado pelo Parlamento Europeu, a lei ser\u00e1 aplic\u00e1vel apenas em <strong>30 de dezembro de 2025 <\/strong>para grandes companhias e <strong>30 de junho de 2026<\/strong> para micro e pequenas empresas. <\/p>\n<p>\u201cComo todas as ferramentas de implementa\u00e7\u00e3o est\u00e3o tecnicamente prontas, os 12 meses extras podem servir como um per\u00edodo de introdu\u00e7\u00e3o gradual para garantir uma implementa\u00e7\u00e3o adequada e eficaz\u201d, diz o comunidado da Comiss\u00e3o.<\/p>\n<h2 class=\"wp-block-heading\">Cedeu \u00e0s press\u00f5es internacionais<\/h2>\n<p>A Comiss\u00e3o ressalta que v\u00e1rios parceiros globais expressaram repetidamente preocupa\u00e7\u00f5es sobre seu estado de prepara\u00e7\u00e3o para atender \u00e0 lei. <\/p>\n<p>No caso brasileiro, o Minist\u00e9rio da Agricultura e Pecu\u00e1ria (Mapa) e <strong><a href=\"https:\/\/www.canalrural.com.br\/agricultura\/brasil-deveria-propor-codigo-florestal-global-a-todos-os-paises-agricolas-diz-aldo-rebelo\/\">atores de peso do agroneg\u00f3cio nacional<\/a><\/strong> manifestaram-se contr\u00e1rios ao que chamaram de \u201cimposi\u00e7\u00e3o europeia\u201d e \u201cdesrespeito ao C\u00f3digo Florestal nacional\u201d. Isso porque a lei brasileira diferencia desmatamento legal de ilegal.<\/p>\n<p>\u201cN\u00f3s sabemos das nossas responsabilidades com o meio ambiente, com a produ\u00e7\u00e3o sustent\u00e1vel. N\u00e3o precisam apontar o dedo e nos mostrar as diretrizes\u201d, <strong><a href=\"https:\/\/www.canalrural.com.br\/politica\/nao-precisam-apontar-o-dedo-e-nos-mostrar-as-diretrizes-diz-favaro-sobre-a-uniao-europeia\/\">disse o ministro do Mapa, Carlos F\u00e1varo em setembro<\/a><\/strong>, nos debates do Grupo de Trabalho do G20 Agro<\/p>\n<p>J\u00e1 a Associa\u00e7\u00e3o Alem\u00e3 de Agricultores (DBV, na sigla em alem\u00e3o) ao lado da Associa\u00e7\u00e3o dos Propriet\u00e1rios de Florestas (AGDW) e empresas familiares dos setores agr\u00edcola e florestal do pa\u00eds <strong><a href=\"https:\/\/www.canalrural.com.br\/agricultura\/entidades-da-alemanha-pedem-que-ue-adie-implementacao-de-lei-antidesmatamento\/\">tamb\u00e9m solicitaram<\/a><\/strong> que a Comiss\u00e3o Europeia adiasse a implementa\u00e7\u00e3o da nova lei.<\/p>\n<p>\u201cA Comiss\u00e3o considera que um tempo adicional de 12 meses para a implementa\u00e7\u00e3o gradual do sistema \u00e9 uma solu\u00e7\u00e3o equilibrada para dar suporte aos operadores em todo o mundo na garantia de uma implementa\u00e7\u00e3o tranquila desde o in\u00edcio\u201d, destaca o of\u00edcio publicado nesta quarta.<\/p>\n<h2 class=\"wp-block-heading\">Impactos ao agro brasileiro<\/h2>\n<p>Imagem: Guilherme Soares\/Canal Rural BA<\/p>\n<p>Ao se levar em conta as vendas brasileiras ao bloco em 2022, que totalizaram 25 bilh\u00f5es de d\u00f3lares, a Lei Antidesmatamento passaria a afetar, aproximadamente, 60% das exporta\u00e7\u00f5es agropecu\u00e1rias do Brasil para o continente, de acordo com o pesquisador do Observat\u00f3rio de Bioeconomia da Funda\u00e7\u00e3o Get\u00falio Vargas (FGV), Leonardo Munhoz.<\/p>\n<p>A regra europeia tende a afetar, diretamente, os produtores brasileiros de soja, carne e couro, madeira, borracha, caf\u00e9, cacau e \u00f3leo de palma. <\/p>\n<p>O post <a href=\"https:\/\/www.canalrural.com.br\/internacional\/comissao-europeia-cede-a-pressao-e-propoe-adiar-lei-antidesmatamento-por-um-ano\/\">Comiss\u00e3o Europeia cede \u00e0 press\u00e3o e prop\u00f5e adiar Lei Antidesmatamento por um ano<\/a> apareceu primeiro em <a href=\"https:\/\/www.canalrural.com.br\/\">Canal Rural<\/a>.<\/p>","protected":false},"excerpt":{"rendered":"<p>Fazenda Progresso (PI) &#8211; 36 mil hectares de \u00e1rea total de lavoura A Comiss\u00e3o Europeia divulgou comunicado \u00e0 imprensa nesta quarta-feira (2) propondo adiar a chamada Lei Antidesmatamento, que proibiria a importa\u00e7\u00e3o pelo bloco de produtos oriundos de \u00e1reas degradadas ou desmatadas ap\u00f3s o ano de 2020. Confira na palma da m\u00e3o informa\u00e7\u00f5es quentes sobre agricultura, pecu\u00e1ria, economia e previs\u00e3o do tempo:\u00a0siga o Canal Rural no WhatsApp! Originalmente, o texto entraria em vigor a partir de 1 de janeiro de 2025. Contudo, agora, ap\u00f3s press\u00e3o de na\u00e7\u00f5es que exportam produtos agropecu\u00e1rios ao bloco, caso do Brasil, o \u00f3rg\u00e3o sugere que seja dado \u00e0s partes interessadas tempo adicional de um ano para a adequa\u00e7\u00e3o. Se aprovado pelo Parlamento Europeu, a lei ser\u00e1 aplic\u00e1vel apenas em 30 de dezembro de 2025 para grandes companhias e 30 de junho de 2026 para micro e pequenas empresas. \u201cComo todas as ferramentas de implementa\u00e7\u00e3o est\u00e3o tecnicamente prontas, os 12 meses extras podem servir como um per\u00edodo de introdu\u00e7\u00e3o gradual para garantir uma implementa\u00e7\u00e3o adequada e eficaz\u201d, diz o comunidado da Comiss\u00e3o. Cedeu \u00e0s press\u00f5es internacionais A Comiss\u00e3o ressalta que v\u00e1rios parceiros globais expressaram repetidamente preocupa\u00e7\u00f5es sobre seu estado de prepara\u00e7\u00e3o para atender \u00e0 lei. No caso brasileiro, o Minist\u00e9rio da Agricultura e Pecu\u00e1ria (Mapa) e atores de peso do agroneg\u00f3cio nacional manifestaram-se contr\u00e1rios ao que chamaram de \u201cimposi\u00e7\u00e3o europeia\u201d e \u201cdesrespeito ao C\u00f3digo Florestal nacional\u201d. Isso porque a lei brasileira diferencia desmatamento legal de ilegal. \u201cN\u00f3s sabemos das nossas responsabilidades com o meio ambiente, com a produ\u00e7\u00e3o sustent\u00e1vel. N\u00e3o precisam apontar o dedo e nos mostrar as diretrizes\u201d, disse o ministro do Mapa, Carlos F\u00e1varo em setembro, nos debates do Grupo de Trabalho do G20 Agro J\u00e1 a Associa\u00e7\u00e3o Alem\u00e3 de Agricultores (DBV, na sigla em alem\u00e3o) ao lado da Associa\u00e7\u00e3o dos Propriet\u00e1rios de Florestas (AGDW) e empresas familiares dos setores agr\u00edcola e florestal do pa\u00eds tamb\u00e9m solicitaram que a Comiss\u00e3o Europeia adiasse a implementa\u00e7\u00e3o da nova lei. \u201cA Comiss\u00e3o considera que um tempo adicional de 12 meses para a implementa\u00e7\u00e3o gradual do sistema \u00e9 uma solu\u00e7\u00e3o equilibrada para dar suporte aos operadores em todo o mundo na garantia de uma implementa\u00e7\u00e3o tranquila desde o in\u00edcio\u201d, destaca o of\u00edcio publicado nesta quarta. Impactos ao agro brasileiro Imagem: Guilherme Soares\/Canal Rural BA Ao se levar em conta as vendas brasileiras ao bloco em 2022, que totalizaram 25 bilh\u00f5es de d\u00f3lares, a Lei Antidesmatamento passaria a afetar, aproximadamente, 60% das exporta\u00e7\u00f5es agropecu\u00e1rias do Brasil para o continente, de acordo com o pesquisador do Observat\u00f3rio de Bioeconomia da Funda\u00e7\u00e3o Get\u00falio Vargas (FGV), Leonardo Munhoz. A regra europeia tende a afetar, diretamente, os produtores brasileiros de soja, carne e couro, madeira, borracha, caf\u00e9, cacau e \u00f3leo de palma. O post Comiss\u00e3o Europeia cede \u00e0 press\u00e3o e prop\u00f5e adiar Lei Antidesmatamento por um ano apareceu primeiro em Canal Rural.<\/p>\n","protected":false},"author":0,"featured_media":2792,"comment_status":"open","ping_status":"open","sticky":false,"template":"","format":"standard","meta":{"_monsterinsights_skip_tracking":false,"_monsterinsights_sitenote_active":false,"_monsterinsights_sitenote_note":"","_monsterinsights_sitenote_category":0,"footnotes":""},"categories":[1],"tags":[],"class_list":["post-2791","post","type-post","status-publish","format-standard","has-post-thumbnail","hentry","category-agronegocio"],"_links":{"self":[{"href":"https:\/\/senhorafrutta.com.br\/index.php\/wp-json\/wp\/v2\/posts\/2791","targetHints":{"allow":["GET"]}}],"collection":[{"href":"https:\/\/senhorafrutta.com.br\/index.php\/wp-json\/wp\/v2\/posts"}],"about":[{"href":"https:\/\/senhorafrutta.com.br\/index.php\/wp-json\/wp\/v2\/types\/post"}],"replies":[{"embeddable":true,"href":"https:\/\/senhorafrutta.com.br\/index.php\/wp-json\/wp\/v2\/comments?post=2791"}],"version-history":[{"count":0,"href":"https:\/\/senhorafrutta.com.br\/index.php\/wp-json\/wp\/v2\/posts\/2791\/revisions"}],"wp:featuredmedia":[{"embeddable":true,"href":"https:\/\/senhorafrutta.com.br\/index.php\/wp-json\/wp\/v2\/media\/2792"}],"wp:attachment":[{"href":"https:\/\/senhorafrutta.com.br\/index.php\/wp-json\/wp\/v2\/media?parent=2791"}],"wp:term":[{"taxonomy":"category","embeddable":true,"href":"https:\/\/senhorafrutta.com.br\/index.php\/wp-json\/wp\/v2\/categories?post=2791"},{"taxonomy":"post_tag","embeddable":true,"href":"https:\/\/senhorafrutta.com.br\/index.php\/wp-json\/wp\/v2\/tags?post=2791"}],"curies":[{"name":"wp","href":"https:\/\/api.w.org\/{rel}","templated":true}]}}