{"id":2787,"date":"2024-10-02T20:41:24","date_gmt":"2024-10-02T20:41:24","guid":{"rendered":"https:\/\/senhorafrutta.com.br\/index.php\/2024\/10\/02\/brasil-vai-propor-na-cop29-criacao-de-fundo-para-transicao-energetica\/"},"modified":"2024-10-02T20:41:24","modified_gmt":"2024-10-02T20:41:24","slug":"brasil-vai-propor-na-cop29-criacao-de-fundo-para-transicao-energetica","status":"publish","type":"post","link":"https:\/\/senhorafrutta.com.br\/index.php\/2024\/10\/02\/brasil-vai-propor-na-cop29-criacao-de-fundo-para-transicao-energetica\/","title":{"rendered":"Brasil vai propor na COP29 cria\u00e7\u00e3o de fundo para transi\u00e7\u00e3o energ\u00e9tica"},"content":{"rendered":"<div>Ministro Alexandre Silveira prop\u00f5e fundo global para financiar transi\u00e7\u00e3o energ\u00e9tica.<\/div>\n<p>O Brasil vai propor na COP29, que acontece em novembro no Azerbaij\u00e3o, um fundo global para financiar a transi\u00e7\u00e3o energ\u00e9tica. A informa\u00e7\u00e3o \u00e9 do ministro das Minas e Energia Alexandre Silveira, que participa da reuni\u00e3o ministerial do G20 para transi\u00e7\u00e3o energ\u00e9tica, em Foz do Igua\u00e7u (PR), at\u00e9 sexta-feira (04). O ministro afirmou ainda que essa busca por essa pluralidade energ\u00e9tica, justa e inclusiva, deve ser financiada pelo petr\u00f3leo.<\/p>\n<p>Silveira refor\u00e7a que o movimento da economia verde, da energia e dos combust\u00edveis renov\u00e1veis representa uma nova economia mundial e que precisa ter um alinhamento de na\u00e7\u00f5es. \u201cEnquanto n\u00e3o avan\u00e7armos de forma global, se n\u00e3o houver governan\u00e7a e mecanismos de medi\u00e7\u00e3o, n\u00e3o haver\u00e1 transi\u00e7\u00e3o energ\u00e9tica\u201d, sentencia o ministro. Disse ainda que a grande inflex\u00e3o do crescimento global ser\u00e1 a energia.<\/p>\n<p>Nesse sentido, o ministro tamb\u00e9m admite que \u00e9 necess\u00e1rio modernizar os mecanismos brasileiros, como Operador Nacional do Sistema El\u00e9trico (ONS) para receber e operar com seguran\u00e7a essas energias alternativas, como a e\u00f3lica, fotovoltaica e de biomassa. Al\u00e9m de ampliar a oferta, a inten\u00e7\u00e3o \u00e9 ter mais estabilidade no fornecimento dessas energias, classificadas como intermitentes, sujeitas quest\u00f5es como o vento e sol, por exemplo.<\/p>\n<p>Sobre o petr\u00f3leo, Silveira reitera que, enquanto houver demanda, o Brasil n\u00e3o pode abrir m\u00e3o de suas riquezas e reservas naturais, desde que exploradas de forma adequada, em nome do desenvolvimento econ\u00f4mico e social do pa\u00eds.<\/p>\n<p>Enio Verri: petr\u00f3leo ser\u00e1 fundamental no financiamento da transi\u00e7\u00e3o energ\u00e9tica. | Foto: William Brisida\/Itaipu Binacional.<\/p>\n<p>Enio Verri, diretor-presidente brasileiro da Itaipu Binacional, anfitri\u00e3o do evento em Foz, seguiu o ministro na defesa de um modelo de transi\u00e7\u00e3o financiado pelo petr\u00f3leo: \u201cfundamental.\u201d Na abertura dos trabalhos do G20, na segunda-feira, o executivo j\u00e1 tinha colocado o petr\u00f3leo como um ativo e condi\u00e7\u00e3o ao processo de transi\u00e7\u00e3o.<\/p>\n<p>O post <a href=\"https:\/\/www.canalrural.com.br\/sustentabilidade\/brasil-vai-propor-cop29-criacao-fundo-transicao-energetica\/\">Brasil vai propor na COP29 cria\u00e7\u00e3o de fundo para transi\u00e7\u00e3o energ\u00e9tica<\/a> apareceu primeiro em <a href=\"https:\/\/www.canalrural.com.br\/\">Canal Rural<\/a>.<\/p>","protected":false},"excerpt":{"rendered":"<p>Ministro Alexandre Silveira prop\u00f5e fundo global para financiar transi\u00e7\u00e3o energ\u00e9tica. O Brasil vai propor na COP29, que acontece em novembro no Azerbaij\u00e3o, um fundo global para financiar a transi\u00e7\u00e3o energ\u00e9tica. A informa\u00e7\u00e3o \u00e9 do ministro das Minas e Energia Alexandre Silveira, que participa da reuni\u00e3o ministerial do G20 para transi\u00e7\u00e3o energ\u00e9tica, em Foz do Igua\u00e7u (PR), at\u00e9 sexta-feira (04). O ministro afirmou ainda que essa busca por essa pluralidade energ\u00e9tica, justa e inclusiva, deve ser financiada pelo petr\u00f3leo. Silveira refor\u00e7a que o movimento da economia verde, da energia e dos combust\u00edveis renov\u00e1veis representa uma nova economia mundial e que precisa ter um alinhamento de na\u00e7\u00f5es. \u201cEnquanto n\u00e3o avan\u00e7armos de forma global, se n\u00e3o houver governan\u00e7a e mecanismos de medi\u00e7\u00e3o, n\u00e3o haver\u00e1 transi\u00e7\u00e3o energ\u00e9tica\u201d, sentencia o ministro. Disse ainda que a grande inflex\u00e3o do crescimento global ser\u00e1 a energia. Nesse sentido, o ministro tamb\u00e9m admite que \u00e9 necess\u00e1rio modernizar os mecanismos brasileiros, como Operador Nacional do Sistema El\u00e9trico (ONS) para receber e operar com seguran\u00e7a essas energias alternativas, como a e\u00f3lica, fotovoltaica e de biomassa. Al\u00e9m de ampliar a oferta, a inten\u00e7\u00e3o \u00e9 ter mais estabilidade no fornecimento dessas energias, classificadas como intermitentes, sujeitas quest\u00f5es como o vento e sol, por exemplo. Sobre o petr\u00f3leo, Silveira reitera que, enquanto houver demanda, o Brasil n\u00e3o pode abrir m\u00e3o de suas riquezas e reservas naturais, desde que exploradas de forma adequada, em nome do desenvolvimento econ\u00f4mico e social do pa\u00eds. Enio Verri: petr\u00f3leo ser\u00e1 fundamental no financiamento da transi\u00e7\u00e3o energ\u00e9tica. | Foto: William Brisida\/Itaipu Binacional. Enio Verri, diretor-presidente brasileiro da Itaipu Binacional, anfitri\u00e3o do evento em Foz, seguiu o ministro na defesa de um modelo de transi\u00e7\u00e3o financiado pelo petr\u00f3leo: \u201cfundamental.\u201d Na abertura dos trabalhos do G20, na segunda-feira, o executivo j\u00e1 tinha colocado o petr\u00f3leo como um ativo e condi\u00e7\u00e3o ao processo de transi\u00e7\u00e3o. O post Brasil vai propor na COP29 cria\u00e7\u00e3o de fundo para transi\u00e7\u00e3o energ\u00e9tica apareceu primeiro em Canal Rural.<\/p>\n","protected":false},"author":0,"featured_media":2788,"comment_status":"open","ping_status":"open","sticky":false,"template":"","format":"standard","meta":{"_monsterinsights_skip_tracking":false,"_monsterinsights_sitenote_active":false,"_monsterinsights_sitenote_note":"","_monsterinsights_sitenote_category":0,"footnotes":""},"categories":[1],"tags":[],"class_list":["post-2787","post","type-post","status-publish","format-standard","has-post-thumbnail","hentry","category-agronegocio"],"_links":{"self":[{"href":"https:\/\/senhorafrutta.com.br\/index.php\/wp-json\/wp\/v2\/posts\/2787","targetHints":{"allow":["GET"]}}],"collection":[{"href":"https:\/\/senhorafrutta.com.br\/index.php\/wp-json\/wp\/v2\/posts"}],"about":[{"href":"https:\/\/senhorafrutta.com.br\/index.php\/wp-json\/wp\/v2\/types\/post"}],"replies":[{"embeddable":true,"href":"https:\/\/senhorafrutta.com.br\/index.php\/wp-json\/wp\/v2\/comments?post=2787"}],"version-history":[{"count":0,"href":"https:\/\/senhorafrutta.com.br\/index.php\/wp-json\/wp\/v2\/posts\/2787\/revisions"}],"wp:featuredmedia":[{"embeddable":true,"href":"https:\/\/senhorafrutta.com.br\/index.php\/wp-json\/wp\/v2\/media\/2788"}],"wp:attachment":[{"href":"https:\/\/senhorafrutta.com.br\/index.php\/wp-json\/wp\/v2\/media?parent=2787"}],"wp:term":[{"taxonomy":"category","embeddable":true,"href":"https:\/\/senhorafrutta.com.br\/index.php\/wp-json\/wp\/v2\/categories?post=2787"},{"taxonomy":"post_tag","embeddable":true,"href":"https:\/\/senhorafrutta.com.br\/index.php\/wp-json\/wp\/v2\/tags?post=2787"}],"curies":[{"name":"wp","href":"https:\/\/api.w.org\/{rel}","templated":true}]}}