{"id":2747,"date":"2024-10-01T23:00:00","date_gmt":"2024-10-01T23:00:00","guid":{"rendered":"https:\/\/senhorafrutta.com.br\/index.php\/2024\/10\/01\/fumaca-das-queimadas-afeta-qualidade-de-vida-das-pessoas\/"},"modified":"2024-10-01T23:00:00","modified_gmt":"2024-10-01T23:00:00","slug":"fumaca-das-queimadas-afeta-qualidade-de-vida-das-pessoas","status":"publish","type":"post","link":"https:\/\/senhorafrutta.com.br\/index.php\/2024\/10\/01\/fumaca-das-queimadas-afeta-qualidade-de-vida-das-pessoas\/","title":{"rendered":"Fuma\u00e7a das queimadas afeta qualidade de vida das pessoas"},"content":{"rendered":"<div>A dona de casa, Simone Lacerda, fala ao rep\u00f3rter Vinicius Ramos, sobre os impactos da fuma\u00e7a na rotina e na sa\u00fade dos filhos | Foto: Guilherme Soares\/Canal Rural Bahia<\/div>\n<p>A <strong>fuma\u00e7a das queimadas<\/strong> \u00e9 outro problema que se agravou em 2024 com os altos n\u00fameros de focos de inc\u00eandios florestais em todo o pa\u00eds. Ela provoca s\u00e9rios danos \u00e0 sa\u00fade, principalmente de crian\u00e7as e idosos e afeta a qualidade de vida das pessoas. <\/p>\n<p>No terceiro epis\u00f3dio da s\u00e9rie \u2018Cerrado Sem Fogo\u2019, o rep\u00f3rter Vinicius Ramos e cinegrafista Guilherme Soares, estiveram bem pr\u00f3ximos de uma \u00e1rea afetada por uma queimada em Barreiras (BA), em que a fuma\u00e7a invadia as casas.<\/p>\n<p>A dona de casa, Simone Lacerda dos Santos, \u00e9 uma das afetadas e contou que infelizmente, todos os anos isso acontece: \u201cQuando o come\u00e7a o fogo daqui, vai se alastrando. Olha como \u00e9 que fica\u201d, disse.<\/p>\n<p>As fuma\u00e7as s\u00e3o densas e carregam part\u00edculas finas que ficam suspensas no ar (foligem) e gases t\u00f3xicos, como mon\u00f3xido de carbono e di\u00f3xido de enxofre.<\/p>\n<p>Fuma\u00e7a encobre grande parte do Brasil em 6 de setembro de 2024 | Foto: NOAA\/NASA<\/p>\n<p>Como consequ\u00eancia, a qualidade do ar cai e potencializa os problemas respirat\u00f3rios das pessoas.<\/p>\n<h2 class=\"wp-block-heading\">Pessoas afetadas<\/h2>\n<p>Uma estimativa da Confedera\u00e7\u00e3o Nacional dos Munic\u00edpios, apontou que <strong>11,2 milh\u00f5es de pessoas<\/strong> foram diretamente afetadas por inc\u00eandios florestais nas cidades brasileiras desde o in\u00edcio deste ano.<\/p>\n<p>Como consequ\u00eancia, 538 munic\u00edpios decretaram situa\u00e7\u00e3o de emerg\u00eancia.<\/p>\n<p>A m\u00e9dica pneumologista, Camila Braga, disse a reportagem que o atendimento no consult\u00f3rio em que trabalha, aumentou nas \u00faltimas semanas por conta do clima e tamb\u00e9m da fuma\u00e7a proveniente das queimadas na regi\u00e3o.<\/p>\n<p>Al\u00e9m disso, a profissional da sa\u00fade, recomendou alguns procedimentos para minimizar os impactos como o uso de m\u00e1scaras e muita hidrata\u00e7\u00e3o.<\/p>\n<p>Inc\u00eandio florestal na Serra da Bandeira, em Barreiras, no Oeste da Bahia | Foto: Guilherme Soares\/Canal Rural Bahia<\/p>\n<p>Tamb\u00e9m participaram do epis\u00f3dio, o aut\u00f4nomo Elvis Souza Chaves, o Major Rocha \u2013 comandante da Base Florestal Oeste, e Greice Fontana Klein, presidente do Sindicato dos Produtores Rurais de Lu\u00eds Eduardo Magalh\u00e3es.<\/p>\n<p>O projeto\u00a0<a href=\"http:\/\/canalrural.com.br\/tag\/cerrado-sem-fogo\">Cerrado Sem Fogo<\/a>\u00a0\u00e9 uma campanha do Canal Rural Bahia com apoio da Associa\u00e7\u00e3o de Agricultores e Irrigantes da Bahia (Aiba), Associa\u00e7\u00e3o Baiana dos Produtores de Algod\u00e3o (Abapa), JCO Bioprodutos, Grupo Progresso e Sindicato dos Produtores Rurais de Lu\u00eds Eduardo Magalh\u00e3es. <\/p>\n<p>Assista ao terceiro epis\u00f3dio:<\/p>\n<p><a href=\"https:\/\/www.canalrural.com.br\/nacional\/bahia\/prevenir-e-combater-queimadas-sao-desafios-para-toda-sociedade\/\">Prevenir e combater queimadas s\u00e3o desafios para toda sociedade<\/a><\/p>\n<p><em>Siga o\u00a0<a href=\"https:\/\/www.instagram.com\/canalruralbahia\/\">Canal Rural Bahia no Instagram<\/a>! Voc\u00ea tamb\u00e9m pode participar deixando uma sugest\u00e3o de pauta. Clique\u00a0<a href=\"https:\/\/wa.me\/5577999455066\"><strong>aqui<\/strong><\/a>\u00a0e envie uma mensagem para o nosso WhatsApp<\/em>!<\/p>\n<p>O post <a href=\"https:\/\/www.canalrural.com.br\/nacional\/bahia\/fumaca-das-queimadas-afeta-qualidade-de-vida-das-pessoas\/\">Fuma\u00e7a das queimadas afeta qualidade de vida das pessoas<\/a> apareceu primeiro em <a href=\"https:\/\/www.canalrural.com.br\/\">Canal Rural<\/a>.<\/p>","protected":false},"excerpt":{"rendered":"<p>A dona de casa, Simone Lacerda, fala ao rep\u00f3rter Vinicius Ramos, sobre os impactos da fuma\u00e7a na rotina e na sa\u00fade dos filhos | Foto: Guilherme Soares\/Canal Rural Bahia A fuma\u00e7a das queimadas \u00e9 outro problema que se agravou em 2024 com os altos n\u00fameros de focos de inc\u00eandios florestais em todo o pa\u00eds. Ela provoca s\u00e9rios danos \u00e0 sa\u00fade, principalmente de crian\u00e7as e idosos e afeta a qualidade de vida das pessoas. No terceiro epis\u00f3dio da s\u00e9rie \u2018Cerrado Sem Fogo\u2019, o rep\u00f3rter Vinicius Ramos e cinegrafista Guilherme Soares, estiveram bem pr\u00f3ximos de uma \u00e1rea afetada por uma queimada em Barreiras (BA), em que a fuma\u00e7a invadia as casas. A dona de casa, Simone Lacerda dos Santos, \u00e9 uma das afetadas e contou que infelizmente, todos os anos isso acontece: \u201cQuando o come\u00e7a o fogo daqui, vai se alastrando. Olha como \u00e9 que fica\u201d, disse. As fuma\u00e7as s\u00e3o densas e carregam part\u00edculas finas que ficam suspensas no ar (foligem) e gases t\u00f3xicos, como mon\u00f3xido de carbono e di\u00f3xido de enxofre. Fuma\u00e7a encobre grande parte do Brasil em 6 de setembro de 2024 | Foto: NOAA\/NASA Como consequ\u00eancia, a qualidade do ar cai e potencializa os problemas respirat\u00f3rios das pessoas. Pessoas afetadas Uma estimativa da Confedera\u00e7\u00e3o Nacional dos Munic\u00edpios, apontou que 11,2 milh\u00f5es de pessoas foram diretamente afetadas por inc\u00eandios florestais nas cidades brasileiras desde o in\u00edcio deste ano. Como consequ\u00eancia, 538 munic\u00edpios decretaram situa\u00e7\u00e3o de emerg\u00eancia. A m\u00e9dica pneumologista, Camila Braga, disse a reportagem que o atendimento no consult\u00f3rio em que trabalha, aumentou nas \u00faltimas semanas por conta do clima e tamb\u00e9m da fuma\u00e7a proveniente das queimadas na regi\u00e3o. Al\u00e9m disso, a profissional da sa\u00fade, recomendou alguns procedimentos para minimizar os impactos como o uso de m\u00e1scaras e muita hidrata\u00e7\u00e3o. Inc\u00eandio florestal na Serra da Bandeira, em Barreiras, no Oeste da Bahia | Foto: Guilherme Soares\/Canal Rural Bahia Tamb\u00e9m participaram do epis\u00f3dio, o aut\u00f4nomo Elvis Souza Chaves, o Major Rocha \u2013 comandante da Base Florestal Oeste, e Greice Fontana Klein, presidente do Sindicato dos Produtores Rurais de Lu\u00eds Eduardo Magalh\u00e3es. O projeto\u00a0Cerrado Sem Fogo\u00a0\u00e9 uma campanha do Canal Rural Bahia com apoio da Associa\u00e7\u00e3o de Agricultores e Irrigantes da Bahia (Aiba), Associa\u00e7\u00e3o Baiana dos Produtores de Algod\u00e3o (Abapa), JCO Bioprodutos, Grupo Progresso e Sindicato dos Produtores Rurais de Lu\u00eds Eduardo Magalh\u00e3es. Assista ao terceiro epis\u00f3dio: Prevenir e combater queimadas s\u00e3o desafios para toda sociedade Siga o\u00a0Canal Rural Bahia no Instagram! Voc\u00ea tamb\u00e9m pode participar deixando uma sugest\u00e3o de pauta. Clique\u00a0aqui\u00a0e envie uma mensagem para o nosso WhatsApp! O post Fuma\u00e7a das queimadas afeta qualidade de vida das pessoas apareceu primeiro em Canal Rural.<\/p>\n","protected":false},"author":0,"featured_media":2748,"comment_status":"open","ping_status":"open","sticky":false,"template":"","format":"standard","meta":{"_monsterinsights_skip_tracking":false,"_monsterinsights_sitenote_active":false,"_monsterinsights_sitenote_note":"","_monsterinsights_sitenote_category":0,"footnotes":""},"categories":[1],"tags":[],"class_list":["post-2747","post","type-post","status-publish","format-standard","has-post-thumbnail","hentry","category-agronegocio"],"_links":{"self":[{"href":"https:\/\/senhorafrutta.com.br\/index.php\/wp-json\/wp\/v2\/posts\/2747","targetHints":{"allow":["GET"]}}],"collection":[{"href":"https:\/\/senhorafrutta.com.br\/index.php\/wp-json\/wp\/v2\/posts"}],"about":[{"href":"https:\/\/senhorafrutta.com.br\/index.php\/wp-json\/wp\/v2\/types\/post"}],"replies":[{"embeddable":true,"href":"https:\/\/senhorafrutta.com.br\/index.php\/wp-json\/wp\/v2\/comments?post=2747"}],"version-history":[{"count":0,"href":"https:\/\/senhorafrutta.com.br\/index.php\/wp-json\/wp\/v2\/posts\/2747\/revisions"}],"wp:featuredmedia":[{"embeddable":true,"href":"https:\/\/senhorafrutta.com.br\/index.php\/wp-json\/wp\/v2\/media\/2748"}],"wp:attachment":[{"href":"https:\/\/senhorafrutta.com.br\/index.php\/wp-json\/wp\/v2\/media?parent=2747"}],"wp:term":[{"taxonomy":"category","embeddable":true,"href":"https:\/\/senhorafrutta.com.br\/index.php\/wp-json\/wp\/v2\/categories?post=2747"},{"taxonomy":"post_tag","embeddable":true,"href":"https:\/\/senhorafrutta.com.br\/index.php\/wp-json\/wp\/v2\/tags?post=2747"}],"curies":[{"name":"wp","href":"https:\/\/api.w.org\/{rel}","templated":true}]}}