{"id":2733,"date":"2024-10-01T12:38:27","date_gmt":"2024-10-01T12:38:27","guid":{"rendered":"https:\/\/senhorafrutta.com.br\/index.php\/2024\/10\/01\/conta-de-energia-eletrica-fica-mais-cara-a-partir-de-hoje\/"},"modified":"2024-10-01T12:38:27","modified_gmt":"2024-10-01T12:38:27","slug":"conta-de-energia-eletrica-fica-mais-cara-a-partir-de-hoje","status":"publish","type":"post","link":"https:\/\/senhorafrutta.com.br\/index.php\/2024\/10\/01\/conta-de-energia-eletrica-fica-mais-cara-a-partir-de-hoje\/","title":{"rendered":"Conta de energia el\u00e9trica fica mais cara a partir de hoje"},"content":{"rendered":"<div>Foto: Marcello Casal Jr..\/Ag\u00eancia Brasil<\/div>\n<p>A conta de energia el\u00e9trica fica mais cara a partir desta ter\u00e7a-feira (1\u00ba), com o acionamento da bandeira vermelha patamar 2, o est\u00e1gio tarif\u00e1rio mais alto do sistema da Ag\u00eancia Nacional de Energia El\u00e9trica (<a href=\"https:\/\/www.canalrural.com.br\/tag\/aneel\/\">Aneel<\/a>). Com a medida, o pre\u00e7o para cada 100 quilowatts-hora consumidos passa de R$ 4,463 para R$ 7,877.<\/p>\n<p><em>Confira na palma da m\u00e3o informa\u00e7\u00f5es quentes sobre agricultura, pecu\u00e1ria, economia e previs\u00e3o do tempo:<\/em><a href=\"https:\/\/www.whatsapp.com\/channel\/0029Va9VnZxGk1FplZjiW43k\"><em> <\/em><strong>siga o Canal Rural no WhatsApp<\/strong><\/a>!<\/p>\n<p>A decis\u00e3o foi anunciada na \u00faltima sexta-feira (27) em nota da Aneel, em consequ\u00eancia\u00a0do risco hidrol\u00f3gico, com reservat\u00f3rios baixos, e a eleva\u00e7\u00e3o do pre\u00e7o da energia no mercado, impactada pelo custo do que foi produzido e n\u00e3o contratado.<\/p>\n<p>O sistema de bandeiras tarif\u00e1rias \u00e9 composto pelas cores verde, amarelo e vermelho, em patamares 1 e 2.\u00a0A\u00a0cor verde patamar 1 significa tarifa sem custo extra.<\/p>\n<p>A bandeira vermelha patamar 1 estava em vigor desde setembro, ap\u00f3s um per\u00edodo em que a bandeira verde patamar 1, a mais barata do sistema, prevaleceu por v\u00e1rios meses do ano.<\/p>\n<p>De acordo com a ag\u00eancia, o sistema de bandeiras tarif\u00e1rias \u00e9 uma forma de tornar a cobran\u00e7a complementar mais transparente aos consumidores de energia el\u00e9trica conectados ao Sistema Interligado Nacional (SIN). Criado em 2015, ele indica os custos da gera\u00e7\u00e3o de energia no Brasil e possibilita adapta\u00e7\u00f5es no consumo para redu\u00e7\u00e3o no valor da conta de luz.<\/p>\n<p>O post <a href=\"https:\/\/www.canalrural.com.br\/nacional\/conta-de-energia-eletrica-fica-mais-cara-a-partir-de-hoje\/\">Conta de energia el\u00e9trica fica mais cara a partir de hoje<\/a> apareceu primeiro em <a href=\"https:\/\/www.canalrural.com.br\/\">Canal Rural<\/a>.<\/p>","protected":false},"excerpt":{"rendered":"<p>Foto: Marcello Casal Jr..\/Ag\u00eancia Brasil A conta de energia el\u00e9trica fica mais cara a partir desta ter\u00e7a-feira (1\u00ba), com o acionamento da bandeira vermelha patamar 2, o est\u00e1gio tarif\u00e1rio mais alto do sistema da Ag\u00eancia Nacional de Energia El\u00e9trica (Aneel). Com a medida, o pre\u00e7o para cada 100 quilowatts-hora consumidos passa de R$ 4,463 para R$ 7,877. Confira na palma da m\u00e3o informa\u00e7\u00f5es quentes sobre agricultura, pecu\u00e1ria, economia e previs\u00e3o do tempo: siga o Canal Rural no WhatsApp! A decis\u00e3o foi anunciada na \u00faltima sexta-feira (27) em nota da Aneel, em consequ\u00eancia\u00a0do risco hidrol\u00f3gico, com reservat\u00f3rios baixos, e a eleva\u00e7\u00e3o do pre\u00e7o da energia no mercado, impactada pelo custo do que foi produzido e n\u00e3o contratado. O sistema de bandeiras tarif\u00e1rias \u00e9 composto pelas cores verde, amarelo e vermelho, em patamares 1 e 2.\u00a0A\u00a0cor verde patamar 1 significa tarifa sem custo extra. A bandeira vermelha patamar 1 estava em vigor desde setembro, ap\u00f3s um per\u00edodo em que a bandeira verde patamar 1, a mais barata do sistema, prevaleceu por v\u00e1rios meses do ano. De acordo com a ag\u00eancia, o sistema de bandeiras tarif\u00e1rias \u00e9 uma forma de tornar a cobran\u00e7a complementar mais transparente aos consumidores de energia el\u00e9trica conectados ao Sistema Interligado Nacional (SIN). Criado em 2015, ele indica os custos da gera\u00e7\u00e3o de energia no Brasil e possibilita adapta\u00e7\u00f5es no consumo para redu\u00e7\u00e3o no valor da conta de luz. O post Conta de energia el\u00e9trica fica mais cara a partir de hoje apareceu primeiro em Canal Rural.<\/p>\n","protected":false},"author":0,"featured_media":2734,"comment_status":"open","ping_status":"open","sticky":false,"template":"","format":"standard","meta":{"_monsterinsights_skip_tracking":false,"_monsterinsights_sitenote_active":false,"_monsterinsights_sitenote_note":"","_monsterinsights_sitenote_category":0,"footnotes":""},"categories":[1],"tags":[],"class_list":["post-2733","post","type-post","status-publish","format-standard","has-post-thumbnail","hentry","category-agronegocio"],"_links":{"self":[{"href":"https:\/\/senhorafrutta.com.br\/index.php\/wp-json\/wp\/v2\/posts\/2733","targetHints":{"allow":["GET"]}}],"collection":[{"href":"https:\/\/senhorafrutta.com.br\/index.php\/wp-json\/wp\/v2\/posts"}],"about":[{"href":"https:\/\/senhorafrutta.com.br\/index.php\/wp-json\/wp\/v2\/types\/post"}],"replies":[{"embeddable":true,"href":"https:\/\/senhorafrutta.com.br\/index.php\/wp-json\/wp\/v2\/comments?post=2733"}],"version-history":[{"count":0,"href":"https:\/\/senhorafrutta.com.br\/index.php\/wp-json\/wp\/v2\/posts\/2733\/revisions"}],"wp:featuredmedia":[{"embeddable":true,"href":"https:\/\/senhorafrutta.com.br\/index.php\/wp-json\/wp\/v2\/media\/2734"}],"wp:attachment":[{"href":"https:\/\/senhorafrutta.com.br\/index.php\/wp-json\/wp\/v2\/media?parent=2733"}],"wp:term":[{"taxonomy":"category","embeddable":true,"href":"https:\/\/senhorafrutta.com.br\/index.php\/wp-json\/wp\/v2\/categories?post=2733"},{"taxonomy":"post_tag","embeddable":true,"href":"https:\/\/senhorafrutta.com.br\/index.php\/wp-json\/wp\/v2\/tags?post=2733"}],"curies":[{"name":"wp","href":"https:\/\/api.w.org\/{rel}","templated":true}]}}