{"id":2663,"date":"2024-09-29T16:54:04","date_gmt":"2024-09-29T16:54:04","guid":{"rendered":"https:\/\/senhorafrutta.com.br\/index.php\/2024\/09\/29\/a-relevancia-do-brasil-como-lider-em-energia-limpa\/"},"modified":"2024-09-29T16:54:04","modified_gmt":"2024-09-29T16:54:04","slug":"a-relevancia-do-brasil-como-lider-em-energia-limpa","status":"publish","type":"post","link":"https:\/\/senhorafrutta.com.br\/index.php\/2024\/09\/29\/a-relevancia-do-brasil-como-lider-em-energia-limpa\/","title":{"rendered":"A relev\u00e2ncia do Brasil como l\u00edder em energia limpa"},"content":{"rendered":"<div>Foto: Freepik<\/div>\n<p>A capacidade do Brasil de gerar energia renov\u00e1vel, por meio do <a href=\"https:\/\/www.canalrural.com.br\/agricultura\/agronegocio\/\">agroneg\u00f3cio<\/a>, promove a sustentabilidade e garante a seguran\u00e7a alimentar. Essa combina\u00e7\u00e3o \u00e9 essencial para enfrentar os desafios clim\u00e1ticos e assegurar um futuro mais sustent\u00e1vel. Na \u00faltima semana, o ministro da Agricultura e Pecu\u00e1ria, Carlos F\u00e1varo, destacou a import\u00e2ncia do Brasil como um pa\u00eds de energia limpa.<\/p>\n<p>F\u00e1varo participou de um painel sobre investimentos na agricultura, intitulado \u201cAbastecendo o Futuro: o papel do agroneg\u00f3cio na avia\u00e7\u00e3o sustent\u00e1vel.\u201d O evento contou com a presen\u00e7a de l\u00edderes do setor, como Erasmo Carlos Battistella, CEO da Be8, e Gilberto Peralta, CEO da Airbus.<\/p>\n<p class=\"has-text-align-center\"><em>Confira na palma da m\u00e3o informa\u00e7\u00f5es quentes sobre agricultura, pecu\u00e1ria, economia e previs\u00e3o do tempo:<\/em><a href=\"https:\/\/whatsapp.com\/channel\/0029Va9VnZxGk1FplZjiW43k\"><strong><em>\u00a0siga o Canal Rura<\/em><\/strong><\/a><a href=\"https:\/\/www.whatsapp.com\/channel\/0029Va9VnZxGk1FplZjiW43k\"><strong><em>l no WhatsApp!<\/em><\/strong><\/a><\/p>\n<p>O ministro enfatizou que a produ\u00e7\u00e3o agropecu\u00e1ria pode coexistir de forma harmoniosa com a gera\u00e7\u00e3o de energia, citando exemplos de pa\u00edses que se reinventaram por meio da tecnologia. Ele tamb\u00e9m mencionou a abertura de 195 novos mercados nos \u00faltimos 20 meses e ressaltou a urg\u00eancia da preserva\u00e7\u00e3o ambiental.<\/p>\n<p>Battistella e Peralta concordaram sobre o potencial do Brasil para se tornar um dos principais produtores de SAF (Sustainable Aviation Fuel), um combust\u00edvel sustent\u00e1vel derivado de recursos renov\u00e1veis. Peralta chegou a afirmar que o Brasil poderia se tornar a \u201cAr\u00e1bia Saudita do SAF,\u201d refletindo a crescente import\u00e2ncia desse setor. <\/p>\n\n<p>O post <a href=\"https:\/\/www.canalrural.com.br\/agricultura\/agronegocio\/a-importancia-do-brasil-como-lider-em-energia-limpa\/\">A relev\u00e2ncia do Brasil como l\u00edder em energia limpa<\/a> apareceu primeiro em <a href=\"https:\/\/www.canalrural.com.br\/\">Canal Rural<\/a>.<\/p>","protected":false},"excerpt":{"rendered":"<p>Foto: Freepik A capacidade do Brasil de gerar energia renov\u00e1vel, por meio do agroneg\u00f3cio, promove a sustentabilidade e garante a seguran\u00e7a alimentar. Essa combina\u00e7\u00e3o \u00e9 essencial para enfrentar os desafios clim\u00e1ticos e assegurar um futuro mais sustent\u00e1vel. Na \u00faltima semana, o ministro da Agricultura e Pecu\u00e1ria, Carlos F\u00e1varo, destacou a import\u00e2ncia do Brasil como um pa\u00eds de energia limpa. F\u00e1varo participou de um painel sobre investimentos na agricultura, intitulado \u201cAbastecendo o Futuro: o papel do agroneg\u00f3cio na avia\u00e7\u00e3o sustent\u00e1vel.\u201d O evento contou com a presen\u00e7a de l\u00edderes do setor, como Erasmo Carlos Battistella, CEO da Be8, e Gilberto Peralta, CEO da Airbus. Confira na palma da m\u00e3o informa\u00e7\u00f5es quentes sobre agricultura, pecu\u00e1ria, economia e previs\u00e3o do tempo:\u00a0siga o Canal Rural no WhatsApp! O ministro enfatizou que a produ\u00e7\u00e3o agropecu\u00e1ria pode coexistir de forma harmoniosa com a gera\u00e7\u00e3o de energia, citando exemplos de pa\u00edses que se reinventaram por meio da tecnologia. Ele tamb\u00e9m mencionou a abertura de 195 novos mercados nos \u00faltimos 20 meses e ressaltou a urg\u00eancia da preserva\u00e7\u00e3o ambiental. Battistella e Peralta concordaram sobre o potencial do Brasil para se tornar um dos principais produtores de SAF (Sustainable Aviation Fuel), um combust\u00edvel sustent\u00e1vel derivado de recursos renov\u00e1veis. Peralta chegou a afirmar que o Brasil poderia se tornar a \u201cAr\u00e1bia Saudita do SAF,\u201d refletindo a crescente import\u00e2ncia desse setor. O post A relev\u00e2ncia do Brasil como l\u00edder em energia limpa apareceu primeiro em Canal Rural.<\/p>\n","protected":false},"author":0,"featured_media":2664,"comment_status":"open","ping_status":"open","sticky":false,"template":"","format":"standard","meta":{"_monsterinsights_skip_tracking":false,"_monsterinsights_sitenote_active":false,"_monsterinsights_sitenote_note":"","_monsterinsights_sitenote_category":0,"footnotes":""},"categories":[1],"tags":[],"class_list":["post-2663","post","type-post","status-publish","format-standard","has-post-thumbnail","hentry","category-agronegocio"],"_links":{"self":[{"href":"https:\/\/senhorafrutta.com.br\/index.php\/wp-json\/wp\/v2\/posts\/2663","targetHints":{"allow":["GET"]}}],"collection":[{"href":"https:\/\/senhorafrutta.com.br\/index.php\/wp-json\/wp\/v2\/posts"}],"about":[{"href":"https:\/\/senhorafrutta.com.br\/index.php\/wp-json\/wp\/v2\/types\/post"}],"replies":[{"embeddable":true,"href":"https:\/\/senhorafrutta.com.br\/index.php\/wp-json\/wp\/v2\/comments?post=2663"}],"version-history":[{"count":0,"href":"https:\/\/senhorafrutta.com.br\/index.php\/wp-json\/wp\/v2\/posts\/2663\/revisions"}],"wp:featuredmedia":[{"embeddable":true,"href":"https:\/\/senhorafrutta.com.br\/index.php\/wp-json\/wp\/v2\/media\/2664"}],"wp:attachment":[{"href":"https:\/\/senhorafrutta.com.br\/index.php\/wp-json\/wp\/v2\/media?parent=2663"}],"wp:term":[{"taxonomy":"category","embeddable":true,"href":"https:\/\/senhorafrutta.com.br\/index.php\/wp-json\/wp\/v2\/categories?post=2663"},{"taxonomy":"post_tag","embeddable":true,"href":"https:\/\/senhorafrutta.com.br\/index.php\/wp-json\/wp\/v2\/tags?post=2663"}],"curies":[{"name":"wp","href":"https:\/\/api.w.org\/{rel}","templated":true}]}}