{"id":2639,"date":"2024-09-28T14:23:26","date_gmt":"2024-09-28T14:23:26","guid":{"rendered":"https:\/\/senhorafrutta.com.br\/index.php\/2024\/09\/28\/governo-vai-acionar-seguro-defeso-para-familias-do-no-e-ne-atingidas-por-seca\/"},"modified":"2024-09-28T14:23:26","modified_gmt":"2024-09-28T14:23:26","slug":"governo-vai-acionar-seguro-defeso-para-familias-do-no-e-ne-atingidas-por-seca","status":"publish","type":"post","link":"https:\/\/senhorafrutta.com.br\/index.php\/2024\/09\/28\/governo-vai-acionar-seguro-defeso-para-familias-do-no-e-ne-atingidas-por-seca\/","title":{"rendered":"Governo vai acionar seguro-defeso para fam\u00edlias do NO e NE atingidas por seca"},"content":{"rendered":"<div>Foto: Marcello Casal Jr.\/Ag\u00eancia Brasil<\/div>\n<p>O ministro do Trabalho em exerc\u00edcio, Chico Macena, refor\u00e7ou nesta sexta-feira (27) que a pasta vai acionar o seguro-defeso para fam\u00edlias do Norte e Nordeste afetadas pela seca. Al\u00e9m disso, ele reiterou que o governo vai facilitar o acesso a cr\u00e9dito dos setores que foram atingidos pelas queimadas, a exemplo das a\u00e7\u00f5es adotadas em prol do <a href=\"https:\/\/www.canalrural.com.br\/tag\/rio-grande-do-sul\/\">Rio Grande do Sul<\/a>.<\/p>\n<p><em>Confira na palma da m\u00e3o informa\u00e7\u00f5es quentes sobre agricultura, pecu\u00e1ria, economia e previs\u00e3o do tempo:<\/em><a href=\"https:\/\/www.whatsapp.com\/channel\/0029Va9VnZxGk1FplZjiW43k\"><em> <\/em><strong>siga o Canal Rural no WhatsApp<\/strong><\/a>!<\/p>\n<p>\u201c<em>\u00c9 uma preocupa\u00e7\u00e3o com rela\u00e7\u00e3o ao emprego, de todo o governo, na Casa Civil tem um grupo de trabalho para adotar as medidas necess\u00e1rias (por causa da seca e queimadas). Vamos acionar o seguro-defeso para prote\u00e7\u00e3o das fam\u00edlias no Norte e Nordeste que foram afetadas (pela seca) e outras medidas atrav\u00e9s de iniciativas para facilitar cr\u00e9dito de setores que foram afetados (pelas queimadas), a exemplo do que aconteceu no Rio Grande do Sul<\/em>\u201c, disse durante do Cadastro Geral de Empregados e Desempregados (Caged) referente ao m\u00eas de agosto.<\/p>\n<p>O post <a href=\"https:\/\/www.canalrural.com.br\/aves-e-suinos\/peixes\/governo-vai-acionar-seguro-defeso-para-familias-do-no-e-ne-atingidas-por-seca\/\">Governo vai acionar seguro-defeso para fam\u00edlias do NO e NE atingidas por seca<\/a> apareceu primeiro em <a href=\"https:\/\/www.canalrural.com.br\/\">Canal Rural<\/a>.<\/p>","protected":false},"excerpt":{"rendered":"<p>Foto: Marcello Casal Jr.\/Ag\u00eancia Brasil O ministro do Trabalho em exerc\u00edcio, Chico Macena, refor\u00e7ou nesta sexta-feira (27) que a pasta vai acionar o seguro-defeso para fam\u00edlias do Norte e Nordeste afetadas pela seca. Al\u00e9m disso, ele reiterou que o governo vai facilitar o acesso a cr\u00e9dito dos setores que foram atingidos pelas queimadas, a exemplo das a\u00e7\u00f5es adotadas em prol do Rio Grande do Sul. Confira na palma da m\u00e3o informa\u00e7\u00f5es quentes sobre agricultura, pecu\u00e1ria, economia e previs\u00e3o do tempo: siga o Canal Rural no WhatsApp! \u201c\u00c9 uma preocupa\u00e7\u00e3o com rela\u00e7\u00e3o ao emprego, de todo o governo, na Casa Civil tem um grupo de trabalho para adotar as medidas necess\u00e1rias (por causa da seca e queimadas). Vamos acionar o seguro-defeso para prote\u00e7\u00e3o das fam\u00edlias no Norte e Nordeste que foram afetadas (pela seca) e outras medidas atrav\u00e9s de iniciativas para facilitar cr\u00e9dito de setores que foram afetados (pelas queimadas), a exemplo do que aconteceu no Rio Grande do Sul\u201c, disse durante do Cadastro Geral de Empregados e Desempregados (Caged) referente ao m\u00eas de agosto. O post Governo vai acionar seguro-defeso para fam\u00edlias do NO e NE atingidas por seca apareceu primeiro em Canal Rural.<\/p>\n","protected":false},"author":0,"featured_media":2640,"comment_status":"open","ping_status":"open","sticky":false,"template":"","format":"standard","meta":{"_monsterinsights_skip_tracking":false,"_monsterinsights_sitenote_active":false,"_monsterinsights_sitenote_note":"","_monsterinsights_sitenote_category":0,"footnotes":""},"categories":[1],"tags":[],"class_list":["post-2639","post","type-post","status-publish","format-standard","has-post-thumbnail","hentry","category-agronegocio"],"_links":{"self":[{"href":"https:\/\/senhorafrutta.com.br\/index.php\/wp-json\/wp\/v2\/posts\/2639","targetHints":{"allow":["GET"]}}],"collection":[{"href":"https:\/\/senhorafrutta.com.br\/index.php\/wp-json\/wp\/v2\/posts"}],"about":[{"href":"https:\/\/senhorafrutta.com.br\/index.php\/wp-json\/wp\/v2\/types\/post"}],"replies":[{"embeddable":true,"href":"https:\/\/senhorafrutta.com.br\/index.php\/wp-json\/wp\/v2\/comments?post=2639"}],"version-history":[{"count":0,"href":"https:\/\/senhorafrutta.com.br\/index.php\/wp-json\/wp\/v2\/posts\/2639\/revisions"}],"wp:featuredmedia":[{"embeddable":true,"href":"https:\/\/senhorafrutta.com.br\/index.php\/wp-json\/wp\/v2\/media\/2640"}],"wp:attachment":[{"href":"https:\/\/senhorafrutta.com.br\/index.php\/wp-json\/wp\/v2\/media?parent=2639"}],"wp:term":[{"taxonomy":"category","embeddable":true,"href":"https:\/\/senhorafrutta.com.br\/index.php\/wp-json\/wp\/v2\/categories?post=2639"},{"taxonomy":"post_tag","embeddable":true,"href":"https:\/\/senhorafrutta.com.br\/index.php\/wp-json\/wp\/v2\/tags?post=2639"}],"curies":[{"name":"wp","href":"https:\/\/api.w.org\/{rel}","templated":true}]}}