{"id":2629,"date":"2024-09-28T15:07:58","date_gmt":"2024-09-28T15:07:58","guid":{"rendered":"https:\/\/senhorafrutta.com.br\/index.php\/2024\/09\/28\/mais-lidas-quando-comeca-o-horario-de-verao-em-2024\/"},"modified":"2024-09-28T15:07:58","modified_gmt":"2024-09-28T15:07:58","slug":"mais-lidas-quando-comeca-o-horario-de-verao-em-2024","status":"publish","type":"post","link":"https:\/\/senhorafrutta.com.br\/index.php\/2024\/09\/28\/mais-lidas-quando-comeca-o-horario-de-verao-em-2024\/","title":{"rendered":"Mais lidas: quando come\u00e7a o hor\u00e1rio de ver\u00e3o em 2024?"},"content":{"rendered":"<div>Foto: Renato Ara\u00fajo\/Ag\u00eancia Brasil<\/div>\n<p>O Operador Nacional do Sistema El\u00e9trico\u00a0<strong><a href=\"http:\/\/www.canalrural.com.br\/tag\/ons\/\">(ONS)<\/a><\/strong>\u00a0\u2013 respons\u00e1vel pela coordena\u00e7\u00e3o e controle da opera\u00e7\u00e3o das instala\u00e7\u00f5es de\u00a0gera\u00e7\u00e3o\u00a0e transmiss\u00e3o de\u00a0energia el\u00e9trica \u2013 recomendou na \u00faltima semana que o o Brasil volte a adotar o hor\u00e1rio de ver\u00e3o.<\/p>\n<p>No entanto, o governo federal ainda vai avaliar o cen\u00e1rio, antes de efetivamente optar pela medida.<\/p>\n<p><em>Confira na palma da m\u00e3o informa\u00e7\u00f5es quentes sobre agricultura, pecu\u00e1ria, economia e previs\u00e3o do tempo:<\/em><a href=\"https:\/\/www.whatsapp.com\/channel\/0029Va9VnZxGk1FplZjiW43k\"><em> <\/em><strong>siga o Canal Rural no WhatsApp<\/strong><\/a>!<\/p>\n<p>Segundo declarou na semana passada o ministro de Minas e Energia, Alexandre Silveira,\u00a0<strong>uma decis\u00e3o deve ser tomada em alguns dias.<\/strong><\/p>\n<p><a href=\"https:\/\/www.canalrural.com.br\/diversos\/quando-comeca-o-horario-de-verao-em-2024\/?mrfhud=true\">Confira mais detalhes na mat\u00e9ria completa!<\/a><\/p>\n<p>O post <a href=\"https:\/\/www.canalrural.com.br\/nacional\/mais-lidas-quando-comeca-o-horario-de-verao-em-2024\/\">Mais lidas: quando come\u00e7a o hor\u00e1rio de ver\u00e3o em 2024?<\/a> apareceu primeiro em <a href=\"https:\/\/www.canalrural.com.br\/\">Canal Rural<\/a>.<\/p>","protected":false},"excerpt":{"rendered":"<p>Foto: Renato Ara\u00fajo\/Ag\u00eancia Brasil O Operador Nacional do Sistema El\u00e9trico\u00a0(ONS)\u00a0\u2013 respons\u00e1vel pela coordena\u00e7\u00e3o e controle da opera\u00e7\u00e3o das instala\u00e7\u00f5es de\u00a0gera\u00e7\u00e3o\u00a0e transmiss\u00e3o de\u00a0energia el\u00e9trica \u2013 recomendou na \u00faltima semana que o o Brasil volte a adotar o hor\u00e1rio de ver\u00e3o. No entanto, o governo federal ainda vai avaliar o cen\u00e1rio, antes de efetivamente optar pela medida. Confira na palma da m\u00e3o informa\u00e7\u00f5es quentes sobre agricultura, pecu\u00e1ria, economia e previs\u00e3o do tempo: siga o Canal Rural no WhatsApp! Segundo declarou na semana passada o ministro de Minas e Energia, Alexandre Silveira,\u00a0uma decis\u00e3o deve ser tomada em alguns dias. Confira mais detalhes na mat\u00e9ria completa! O post Mais lidas: quando come\u00e7a o hor\u00e1rio de ver\u00e3o em 2024? apareceu primeiro em Canal Rural.<\/p>\n","protected":false},"author":0,"featured_media":2630,"comment_status":"open","ping_status":"open","sticky":false,"template":"","format":"standard","meta":{"_monsterinsights_skip_tracking":false,"_monsterinsights_sitenote_active":false,"_monsterinsights_sitenote_note":"","_monsterinsights_sitenote_category":0,"footnotes":""},"categories":[1],"tags":[],"class_list":["post-2629","post","type-post","status-publish","format-standard","has-post-thumbnail","hentry","category-agronegocio"],"_links":{"self":[{"href":"https:\/\/senhorafrutta.com.br\/index.php\/wp-json\/wp\/v2\/posts\/2629","targetHints":{"allow":["GET"]}}],"collection":[{"href":"https:\/\/senhorafrutta.com.br\/index.php\/wp-json\/wp\/v2\/posts"}],"about":[{"href":"https:\/\/senhorafrutta.com.br\/index.php\/wp-json\/wp\/v2\/types\/post"}],"replies":[{"embeddable":true,"href":"https:\/\/senhorafrutta.com.br\/index.php\/wp-json\/wp\/v2\/comments?post=2629"}],"version-history":[{"count":0,"href":"https:\/\/senhorafrutta.com.br\/index.php\/wp-json\/wp\/v2\/posts\/2629\/revisions"}],"wp:featuredmedia":[{"embeddable":true,"href":"https:\/\/senhorafrutta.com.br\/index.php\/wp-json\/wp\/v2\/media\/2630"}],"wp:attachment":[{"href":"https:\/\/senhorafrutta.com.br\/index.php\/wp-json\/wp\/v2\/media?parent=2629"}],"wp:term":[{"taxonomy":"category","embeddable":true,"href":"https:\/\/senhorafrutta.com.br\/index.php\/wp-json\/wp\/v2\/categories?post=2629"},{"taxonomy":"post_tag","embeddable":true,"href":"https:\/\/senhorafrutta.com.br\/index.php\/wp-json\/wp\/v2\/tags?post=2629"}],"curies":[{"name":"wp","href":"https:\/\/api.w.org\/{rel}","templated":true}]}}