{"id":2611,"date":"2024-09-27T21:31:22","date_gmt":"2024-09-27T21:31:22","guid":{"rendered":"https:\/\/senhorafrutta.com.br\/index.php\/2024\/09\/27\/fortalecimento-do-agro-paulista-e-firmado-entre-secretaria-e-universidade\/"},"modified":"2024-09-27T21:31:22","modified_gmt":"2024-09-27T21:31:22","slug":"fortalecimento-do-agro-paulista-e-firmado-entre-secretaria-e-universidade","status":"publish","type":"post","link":"https:\/\/senhorafrutta.com.br\/index.php\/2024\/09\/27\/fortalecimento-do-agro-paulista-e-firmado-entre-secretaria-e-universidade\/","title":{"rendered":"Fortalecimento do agro paulista \u00e9 firmado entre secretaria e universidade"},"content":{"rendered":"<div>Foto: Reprodu\u00e7\u00e3o Canal Rural<\/div>\n<p>A Secretaria de Agricultura e Abastecimento de <strong><a href=\"http:\/\/www.canalrural.com.br\/tag\/sao-paulo\/\">S\u00e3o Paulo<\/a><\/strong> assinou, na noite desta quinta-feira (26), um protocolo de inten\u00e7\u00f5es com o Instituto Presbiteriano Mackenzie para incrementar a pesquisa agr\u00edcola paulista e desenvolver o agro.<\/p>\n<p><em>Confira na palma da m\u00e3o informa\u00e7\u00f5es quentes sobre agricultura, pecu\u00e1ria, economia e previs\u00e3o do tempo:<\/em><a href=\"https:\/\/www.whatsapp.com\/channel\/0029Va9VnZxGk1FplZjiW43k\"><em>\u00a0<\/em><strong>siga o Canal Rural no WhatsApp<\/strong><\/a>!<\/p>\n<p>O termo foi assinado pelo secret\u00e1rio Executivo de Agricultura e Abastecimento, Edson Fernandes e pelo diretor-presidente do Instituto Mackenzie, Milton Fl\u00e1vio Moura.<\/p>\n<div class=\"wp-block-embed__wrapper\">\n<\/div>\n<p>Entre as a\u00e7\u00f5es previstas, est\u00e3o um projeto de qualifica\u00e7\u00e3o e forma\u00e7\u00e3o especializada de estudantes universit\u00e1rios para atender as demandas do setor agr\u00edcola e a transfer\u00eancia de conhecimento por meio de est\u00e1gio.<\/p>\n<h2 class=\"wp-block-heading\">Projeto Agrojovem<\/h2>\n<p>A ocasi\u00e3o tamb\u00e9m destacou o lan\u00e7amento do Projeto Agrojovem. O deputado estadual Lucas Bove, presente na ocasi\u00e3o, comentou que o combate \u00e0 doutrina\u00e7\u00e3o nas escolas contra o agro brasileiro \u00e9 uma das ideias centrais da iniciativa.<\/p>\n<p>\u201cA ideia \u00e9 justamente fazer com que esse tipo de problema n\u00e3o ocorra mais e que a gente possa, de fato, ter uma educa\u00e7\u00e3o de qualidade que n\u00e3o prejudique o nosso agroneg\u00f3cio e tamb\u00e9m que ajude, obviamente, o produtor rural\u201d.<\/p>\n<p>De acordo com o parlamentar, no \u00e2mbito estadual, o ensino fundamental e m\u00e9dio s\u00e3o os alvos, mas a inten\u00e7\u00e3o \u00e9, tamb\u00e9m, levar o programa para as universidades. <\/p>\n<p>\u201cMas, principalmente, para a Educa\u00e7\u00e3o B\u00e1sica junto aos munic\u00edpios porque \u00e9 desde cedo que a gente precisa formar esses jovens para que eles tenham uma real no\u00e7\u00e3o do que representa o agroneg\u00f3cio e, tamb\u00e9m, a liberdade de pensar e de criticar se tiver que criticar, mas tamb\u00e9m poder elogiar quando tem que elogiar\u201d, frisa Bove.<\/p>\n<p>A fundadora do projeto De Olho no Material Escolar, Leticia Jacintho, salienta que observa a atua\u00e7\u00e3o de jovens universit\u00e1rios que fazem parte do agroneg\u00f3cio ou desejam se inserir. <\/p>\n<p>\u201cEles trazem inova\u00e7\u00e3o, for\u00e7a de trabalho, energia, ent\u00e3o, realmente, \u00e9 muito \u00e9 muito interessante. [\u2026] tenho visto isso em diversas universidades, antes eram somente em algumas, mas hoje em dia v\u00e1rias t\u00eam aberto esse espa\u00e7o para o agroneg\u00f3cio\u201d, observa Leticia.<\/p>\n<p>O post <a href=\"https:\/\/www.canalrural.com.br\/agricultura\/fortalecimento-do-agro-paulista-e-firmado-entre-secretaria-e-universidade\/\">Fortalecimento do agro paulista \u00e9 firmado entre secretaria e universidade<\/a> apareceu primeiro em <a href=\"https:\/\/www.canalrural.com.br\/\">Canal Rural<\/a>.<\/p>","protected":false},"excerpt":{"rendered":"<p>Foto: Reprodu\u00e7\u00e3o Canal Rural A Secretaria de Agricultura e Abastecimento de S\u00e3o Paulo assinou, na noite desta quinta-feira (26), um protocolo de inten\u00e7\u00f5es com o Instituto Presbiteriano Mackenzie para incrementar a pesquisa agr\u00edcola paulista e desenvolver o agro. Confira na palma da m\u00e3o informa\u00e7\u00f5es quentes sobre agricultura, pecu\u00e1ria, economia e previs\u00e3o do tempo:\u00a0siga o Canal Rural no WhatsApp! O termo foi assinado pelo secret\u00e1rio Executivo de Agricultura e Abastecimento, Edson Fernandes e pelo diretor-presidente do Instituto Mackenzie, Milton Fl\u00e1vio Moura. Entre as a\u00e7\u00f5es previstas, est\u00e3o um projeto de qualifica\u00e7\u00e3o e forma\u00e7\u00e3o especializada de estudantes universit\u00e1rios para atender as demandas do setor agr\u00edcola e a transfer\u00eancia de conhecimento por meio de est\u00e1gio. Projeto Agrojovem A ocasi\u00e3o tamb\u00e9m destacou o lan\u00e7amento do Projeto Agrojovem. O deputado estadual Lucas Bove, presente na ocasi\u00e3o, comentou que o combate \u00e0 doutrina\u00e7\u00e3o nas escolas contra o agro brasileiro \u00e9 uma das ideias centrais da iniciativa. \u201cA ideia \u00e9 justamente fazer com que esse tipo de problema n\u00e3o ocorra mais e que a gente possa, de fato, ter uma educa\u00e7\u00e3o de qualidade que n\u00e3o prejudique o nosso agroneg\u00f3cio e tamb\u00e9m que ajude, obviamente, o produtor rural\u201d. De acordo com o parlamentar, no \u00e2mbito estadual, o ensino fundamental e m\u00e9dio s\u00e3o os alvos, mas a inten\u00e7\u00e3o \u00e9, tamb\u00e9m, levar o programa para as universidades. \u201cMas, principalmente, para a Educa\u00e7\u00e3o B\u00e1sica junto aos munic\u00edpios porque \u00e9 desde cedo que a gente precisa formar esses jovens para que eles tenham uma real no\u00e7\u00e3o do que representa o agroneg\u00f3cio e, tamb\u00e9m, a liberdade de pensar e de criticar se tiver que criticar, mas tamb\u00e9m poder elogiar quando tem que elogiar\u201d, frisa Bove. A fundadora do projeto De Olho no Material Escolar, Leticia Jacintho, salienta que observa a atua\u00e7\u00e3o de jovens universit\u00e1rios que fazem parte do agroneg\u00f3cio ou desejam se inserir. \u201cEles trazem inova\u00e7\u00e3o, for\u00e7a de trabalho, energia, ent\u00e3o, realmente, \u00e9 muito \u00e9 muito interessante. [\u2026] tenho visto isso em diversas universidades, antes eram somente em algumas, mas hoje em dia v\u00e1rias t\u00eam aberto esse espa\u00e7o para o agroneg\u00f3cio\u201d, observa Leticia. O post Fortalecimento do agro paulista \u00e9 firmado entre secretaria e universidade apareceu primeiro em Canal Rural.<\/p>\n","protected":false},"author":0,"featured_media":2612,"comment_status":"open","ping_status":"open","sticky":false,"template":"","format":"standard","meta":{"_monsterinsights_skip_tracking":false,"_monsterinsights_sitenote_active":false,"_monsterinsights_sitenote_note":"","_monsterinsights_sitenote_category":0,"footnotes":""},"categories":[1],"tags":[],"class_list":["post-2611","post","type-post","status-publish","format-standard","has-post-thumbnail","hentry","category-agronegocio"],"_links":{"self":[{"href":"https:\/\/senhorafrutta.com.br\/index.php\/wp-json\/wp\/v2\/posts\/2611","targetHints":{"allow":["GET"]}}],"collection":[{"href":"https:\/\/senhorafrutta.com.br\/index.php\/wp-json\/wp\/v2\/posts"}],"about":[{"href":"https:\/\/senhorafrutta.com.br\/index.php\/wp-json\/wp\/v2\/types\/post"}],"replies":[{"embeddable":true,"href":"https:\/\/senhorafrutta.com.br\/index.php\/wp-json\/wp\/v2\/comments?post=2611"}],"version-history":[{"count":0,"href":"https:\/\/senhorafrutta.com.br\/index.php\/wp-json\/wp\/v2\/posts\/2611\/revisions"}],"wp:featuredmedia":[{"embeddable":true,"href":"https:\/\/senhorafrutta.com.br\/index.php\/wp-json\/wp\/v2\/media\/2612"}],"wp:attachment":[{"href":"https:\/\/senhorafrutta.com.br\/index.php\/wp-json\/wp\/v2\/media?parent=2611"}],"wp:term":[{"taxonomy":"category","embeddable":true,"href":"https:\/\/senhorafrutta.com.br\/index.php\/wp-json\/wp\/v2\/categories?post=2611"},{"taxonomy":"post_tag","embeddable":true,"href":"https:\/\/senhorafrutta.com.br\/index.php\/wp-json\/wp\/v2\/tags?post=2611"}],"curies":[{"name":"wp","href":"https:\/\/api.w.org\/{rel}","templated":true}]}}