{"id":2605,"date":"2024-09-27T22:49:46","date_gmt":"2024-09-27T22:49:46","guid":{"rendered":"https:\/\/senhorafrutta.com.br\/index.php\/2024\/09\/27\/veja-os-destaques-do-cooperativismo-em-noticia-deste-sabado\/"},"modified":"2024-09-27T22:49:46","modified_gmt":"2024-09-27T22:49:46","slug":"veja-os-destaques-do-cooperativismo-em-noticia-deste-sabado","status":"publish","type":"post","link":"https:\/\/senhorafrutta.com.br\/index.php\/2024\/09\/27\/veja-os-destaques-do-cooperativismo-em-noticia-deste-sabado\/","title":{"rendered":"Veja os destaques do Cooperativismo em Not\u00edcia deste s\u00e1bado"},"content":{"rendered":"<div>Foto: divulga\u00e7\u00e3o<\/div>\n<p>O programa Revitalizar da Cooper A1, a expans\u00e3o dos cereais de inverno no Alto Vale e a fam\u00edlia Souza Netto no quadro Gente que Faz o Agroneg\u00f3cio ser\u00e3o os destaques da semana do programa Cooperativismo em Not\u00edcia:<\/p>\n<h2 class=\"wp-block-heading\">Revitalizando o campo<\/h2>\n<p>O programa Terra Boa, parceria entre o governo do estado de Santa Catarina e a Fecoagro, injeta recursos nas lavouras em busca do aumento de produtividade ne milho e nos cereais de inverno. Por\u00e9m, a iniciativa tem um limitador de recursos. Ao observar isso, a Cooper A1 decidiu criar um programa que pudesse aumentar os recursos dispon\u00edveis para seus cooperados.<\/p>\n<p>Isso, fora da cota do Troca-Troca. Chamado de Revitalizar, o programa tem espa\u00e7o para injetar 15 milh\u00f5es de reais em recursos neste ano. Nesse programa est\u00e3o dispon\u00edveis o f\u00f3sforo, o pot\u00e1ssio, o geso agr\u00edcola, os corretivos minerais e todos os demais insumos que auxiliam no melhor desempenho das culturas. <\/p>\n<p>Cada associado da Cooper A1, pode buscar investimentos para, no m\u00e1ximo, 30 hectares de \u00e1rea.<\/p>\n<h2 class=\"wp-block-heading\">Cereais de inverno<\/h2>\n<p>J\u00e1 que tocamos no assunto dos cereais de inverno, a nossa equipe esteve no Alto Vale do Itaja\u00ed para ver de perto com est\u00e1 o desenvolvimento do programa. Por l\u00e1, apoiados pela Cravil, os produtores tem melhorado suas lavouras e com mais dinheiro no bolso o programa se viabilizou de fato. <\/p>\n<p>A ponte est\u00e1 constru\u00edda. Para atender a demanda comercial, a Cravil tem selecionado produtores, como o seu Baldu\u00edno Sch\u00fctz, para a produ\u00e7\u00e3o de sementes. Na \u00e1rea dele, s\u00e3o dez hectares, de uma variedade, chamada de Guardi\u00e3o, a mais produtiva do pa\u00eds. Toda a assist\u00eancia t\u00e9cnica \u00e9 feita pela Cravil, inclusive com a indica\u00e7\u00e3o das cultivares e dos manejos produtivos.<\/p>\n<h2 class=\"wp-block-heading\">Quadro Gente que faz<\/h2>\n<p>Se voc\u00ea n\u00e3o \u00e9 rico e nem herdeiro, se contente em ter sa\u00fade e energia pra trabalhar. Porque s\u00f3 assim ir\u00e1 construir a sua hist\u00f3ria. E isso serve como uma luva para uma fam\u00edlia que veio do Paran\u00e1, da cidade de Realeza, para trabalhar na cultura da cebola. Isso foi na d\u00e9cada de 80. <\/p>\n<p>E l\u00e1 no Alto Vale, os agregados se tornaram donos das pr\u00f3prias terras. N\u00e3o foi f\u00e1cil. Foi heroico. A primeira propriedade, onde est\u00e3o at\u00e9 hoje, tinha seis hectares. Isso era o suficiente pra alimentar todo mundo. A\u00ed os pi\u00e1s foram crescendo, e a dona Gessi e o seu Amilton Souza Netto, sabiam que era preciso encaminh\u00e1-los.<\/p>\n<p>Com a seguran\u00e7a dos pais, os cinco filhos foram adquirindo propriedades por perto. Hoje, cada um tem o seu peda\u00e7o de terra. Mas o cord\u00e3o umbilical jamais foi cortado. Porque muitas das opera\u00e7\u00f5es, especialmente na sele\u00e7\u00e3o da cebola, ainda s\u00e3o feitas em conjunto. A fam\u00edlia, planta 132 hectares, com produ\u00e7\u00e3o de cinco mil toneladas\/ano. <\/p>\n<p>O programa Cooperativismo em Not\u00edcia \u00e9 produzido pela equipe de comunica\u00e7\u00e3o da <strong><a href=\"https:\/\/www.fecoagro.coop.br\/\">Fecoagro\/SC<\/a><\/strong> e veiculado pelo <strong><a href=\"https:\/\/www.canalrural.com.br\/\">Canal Rural<\/a><\/strong> aos s\u00e1bados \u00e0s 8h30, com reprises \u00e0s ter\u00e7as feiras, \u00e0s 13h30.<\/p>\n<p>O post <a href=\"https:\/\/www.canalrural.com.br\/agricultura\/veja-os-destaques-do-cooperativismo-em-noticia-deste-sabado-2\/\">Veja os destaques do Cooperativismo em Not\u00edcia deste s\u00e1bado<\/a> apareceu primeiro em <a href=\"https:\/\/www.canalrural.com.br\/\">Canal Rural<\/a>.<\/p>","protected":false},"excerpt":{"rendered":"<p>Foto: divulga\u00e7\u00e3o O programa Revitalizar da Cooper A1, a expans\u00e3o dos cereais de inverno no Alto Vale e a fam\u00edlia Souza Netto no quadro Gente que Faz o Agroneg\u00f3cio ser\u00e3o os destaques da semana do programa Cooperativismo em Not\u00edcia: Revitalizando o campo O programa Terra Boa, parceria entre o governo do estado de Santa Catarina e a Fecoagro, injeta recursos nas lavouras em busca do aumento de produtividade ne milho e nos cereais de inverno. Por\u00e9m, a iniciativa tem um limitador de recursos. Ao observar isso, a Cooper A1 decidiu criar um programa que pudesse aumentar os recursos dispon\u00edveis para seus cooperados. Isso, fora da cota do Troca-Troca. Chamado de Revitalizar, o programa tem espa\u00e7o para injetar 15 milh\u00f5es de reais em recursos neste ano. Nesse programa est\u00e3o dispon\u00edveis o f\u00f3sforo, o pot\u00e1ssio, o geso agr\u00edcola, os corretivos minerais e todos os demais insumos que auxiliam no melhor desempenho das culturas. Cada associado da Cooper A1, pode buscar investimentos para, no m\u00e1ximo, 30 hectares de \u00e1rea. Cereais de inverno J\u00e1 que tocamos no assunto dos cereais de inverno, a nossa equipe esteve no Alto Vale do Itaja\u00ed para ver de perto com est\u00e1 o desenvolvimento do programa. Por l\u00e1, apoiados pela Cravil, os produtores tem melhorado suas lavouras e com mais dinheiro no bolso o programa se viabilizou de fato. A ponte est\u00e1 constru\u00edda. Para atender a demanda comercial, a Cravil tem selecionado produtores, como o seu Baldu\u00edno Sch\u00fctz, para a produ\u00e7\u00e3o de sementes. Na \u00e1rea dele, s\u00e3o dez hectares, de uma variedade, chamada de Guardi\u00e3o, a mais produtiva do pa\u00eds. Toda a assist\u00eancia t\u00e9cnica \u00e9 feita pela Cravil, inclusive com a indica\u00e7\u00e3o das cultivares e dos manejos produtivos. Quadro Gente que faz Se voc\u00ea n\u00e3o \u00e9 rico e nem herdeiro, se contente em ter sa\u00fade e energia pra trabalhar. Porque s\u00f3 assim ir\u00e1 construir a sua hist\u00f3ria. E isso serve como uma luva para uma fam\u00edlia que veio do Paran\u00e1, da cidade de Realeza, para trabalhar na cultura da cebola. Isso foi na d\u00e9cada de 80. E l\u00e1 no Alto Vale, os agregados se tornaram donos das pr\u00f3prias terras. N\u00e3o foi f\u00e1cil. Foi heroico. A primeira propriedade, onde est\u00e3o at\u00e9 hoje, tinha seis hectares. Isso era o suficiente pra alimentar todo mundo. A\u00ed os pi\u00e1s foram crescendo, e a dona Gessi e o seu Amilton Souza Netto, sabiam que era preciso encaminh\u00e1-los. Com a seguran\u00e7a dos pais, os cinco filhos foram adquirindo propriedades por perto. Hoje, cada um tem o seu peda\u00e7o de terra. Mas o cord\u00e3o umbilical jamais foi cortado. Porque muitas das opera\u00e7\u00f5es, especialmente na sele\u00e7\u00e3o da cebola, ainda s\u00e3o feitas em conjunto. A fam\u00edlia, planta 132 hectares, com produ\u00e7\u00e3o de cinco mil toneladas\/ano. O programa Cooperativismo em Not\u00edcia \u00e9 produzido pela equipe de comunica\u00e7\u00e3o da Fecoagro\/SC e veiculado pelo Canal Rural aos s\u00e1bados \u00e0s 8h30, com reprises \u00e0s ter\u00e7as feiras, \u00e0s 13h30. O post Veja os destaques do Cooperativismo em Not\u00edcia deste s\u00e1bado apareceu primeiro em Canal Rural.<\/p>\n","protected":false},"author":0,"featured_media":2606,"comment_status":"open","ping_status":"open","sticky":false,"template":"","format":"standard","meta":{"_monsterinsights_skip_tracking":false,"_monsterinsights_sitenote_active":false,"_monsterinsights_sitenote_note":"","_monsterinsights_sitenote_category":0,"footnotes":""},"categories":[1],"tags":[],"class_list":["post-2605","post","type-post","status-publish","format-standard","has-post-thumbnail","hentry","category-agronegocio"],"_links":{"self":[{"href":"https:\/\/senhorafrutta.com.br\/index.php\/wp-json\/wp\/v2\/posts\/2605","targetHints":{"allow":["GET"]}}],"collection":[{"href":"https:\/\/senhorafrutta.com.br\/index.php\/wp-json\/wp\/v2\/posts"}],"about":[{"href":"https:\/\/senhorafrutta.com.br\/index.php\/wp-json\/wp\/v2\/types\/post"}],"replies":[{"embeddable":true,"href":"https:\/\/senhorafrutta.com.br\/index.php\/wp-json\/wp\/v2\/comments?post=2605"}],"version-history":[{"count":0,"href":"https:\/\/senhorafrutta.com.br\/index.php\/wp-json\/wp\/v2\/posts\/2605\/revisions"}],"wp:featuredmedia":[{"embeddable":true,"href":"https:\/\/senhorafrutta.com.br\/index.php\/wp-json\/wp\/v2\/media\/2606"}],"wp:attachment":[{"href":"https:\/\/senhorafrutta.com.br\/index.php\/wp-json\/wp\/v2\/media?parent=2605"}],"wp:term":[{"taxonomy":"category","embeddable":true,"href":"https:\/\/senhorafrutta.com.br\/index.php\/wp-json\/wp\/v2\/categories?post=2605"},{"taxonomy":"post_tag","embeddable":true,"href":"https:\/\/senhorafrutta.com.br\/index.php\/wp-json\/wp\/v2\/tags?post=2605"}],"curies":[{"name":"wp","href":"https:\/\/api.w.org\/{rel}","templated":true}]}}