{"id":2569,"date":"2024-09-26T19:18:33","date_gmt":"2024-09-26T19:18:33","guid":{"rendered":"https:\/\/senhorafrutta.com.br\/index.php\/2024\/09\/26\/suspeito-e-preso-por-furto-de-sacas-de-cafe-e-trator-de-r-50-mil\/"},"modified":"2024-09-26T19:18:33","modified_gmt":"2024-09-26T19:18:33","slug":"suspeito-e-preso-por-furto-de-sacas-de-cafe-e-trator-de-r-50-mil","status":"publish","type":"post","link":"https:\/\/senhorafrutta.com.br\/index.php\/2024\/09\/26\/suspeito-e-preso-por-furto-de-sacas-de-cafe-e-trator-de-r-50-mil\/","title":{"rendered":"Suspeito \u00e9 preso por furto de sacas de caf\u00e9 e trator de R$ 50 mil\u00a0"},"content":{"rendered":"<div>Foto: Pol\u00edcia Civil<\/div>\n<p>Um homem de 30 anos foi preso nesta quarta-feira (25) suspeito de furtar sacas de caf\u00e9 e maquin\u00e1rios agr\u00edcolas em uma fazenda na zona rural de Machado, sul de <strong><a href=\"https:\/\/www.canalrural.com.br\/?s=Minas+Gerais\">Minas Gerais<\/a><\/strong>. <\/p>\n<p>Segundo informa\u00e7\u00f5es da Pol\u00edcia Civil, o crime ocorreu durante a madrugada. As informa\u00e7\u00f5es partem de <a href=\"https:\/\/g1.globo.com\/mg\/sul-de-minas\/noticia\/2024\/09\/26\/homem-e-preso-suspeito-de-furto-de-sacas-de-cafe-e-trator-avaliado-em-r-50-mil-em-fazenda-de-machado-mg.ghtml\">reportagem do G1<\/a>.<\/p>\n<p><em>Confira na palma da m\u00e3o informa\u00e7\u00f5es quentes sobre agricultura, pecu\u00e1ria, economia e previs\u00e3o do tempo:<\/em><a href=\"https:\/\/whatsapp.com\/channel\/0029Va9VnZxGk1FplZjiW43k\"><strong><em>\u00a0siga o Canal Rura<\/em><\/strong><\/a><a href=\"https:\/\/www.whatsapp.com\/channel\/0029Va9VnZxGk1FplZjiW43k\"><strong><em>l no WhatsApp!<\/em><\/strong><\/a><\/p>\n<p>A pris\u00e3o foi realizada pela delegacia especializada em Repress\u00e3o a Crimes Rurais de Alfenas, ap\u00f3s receber dados preliminares da Delegacia de Pol\u00edcia Civil de Machado. <\/p>\n<p>Durante as investiga\u00e7\u00f5es, a equipe conseguiu recuperar 33 sacas de caf\u00e9, avaliadas em cerca de R$ 15 mil, al\u00e9m de tr\u00eas ro\u00e7adeiras e uma motosserra.<\/p>\n<h2 class=\"wp-block-heading\">Trator furtado<\/h2>\n<p>Foto: Pol\u00edcia Civil<\/p>\n<p>A Pol\u00edcia Militar tamb\u00e9m encontrou um trator avaliado em aproximadamente <strong>R$ 50 mil<\/strong>, que havia sido furtado e depois abandonado pelo autor do crime. A descoberta do ve\u00edculo foi essencial para identificar e prender o suspeito.<\/p>\n<p>O homem foi encaminhado \u00e0 Santa Casa de Alfenas para realizar o exame de corpo de delito. Ap\u00f3s o registro do Auto de Pris\u00e3o em Flagrante, ele foi levado ao pres\u00eddio local, onde aguardar\u00e1 a decis\u00e3o da Justi\u00e7a.<\/p>\n<p>Segundo a Pol\u00edcia Civil, todos os materiais recuperados foram devolvidos \u00e0 v\u00edtima.<\/p>\n<p>O post <a href=\"https:\/\/www.canalrural.com.br\/nacional\/suspeito-e-preso-por-furto-de-sacas-de-cafe-e-trator-de-r-50-mil\/\">Suspeito \u00e9 preso por furto de sacas de caf\u00e9 e trator de R$ 50 mil\u00a0<\/a> apareceu primeiro em <a href=\"https:\/\/www.canalrural.com.br\/\">Canal Rural<\/a>.<\/p>","protected":false},"excerpt":{"rendered":"<p>Foto: Pol\u00edcia Civil Um homem de 30 anos foi preso nesta quarta-feira (25) suspeito de furtar sacas de caf\u00e9 e maquin\u00e1rios agr\u00edcolas em uma fazenda na zona rural de Machado, sul de Minas Gerais. Segundo informa\u00e7\u00f5es da Pol\u00edcia Civil, o crime ocorreu durante a madrugada. As informa\u00e7\u00f5es partem de reportagem do G1. Confira na palma da m\u00e3o informa\u00e7\u00f5es quentes sobre agricultura, pecu\u00e1ria, economia e previs\u00e3o do tempo:\u00a0siga o Canal Rural no WhatsApp! A pris\u00e3o foi realizada pela delegacia especializada em Repress\u00e3o a Crimes Rurais de Alfenas, ap\u00f3s receber dados preliminares da Delegacia de Pol\u00edcia Civil de Machado. Durante as investiga\u00e7\u00f5es, a equipe conseguiu recuperar 33 sacas de caf\u00e9, avaliadas em cerca de R$ 15 mil, al\u00e9m de tr\u00eas ro\u00e7adeiras e uma motosserra. Trator furtado Foto: Pol\u00edcia Civil A Pol\u00edcia Militar tamb\u00e9m encontrou um trator avaliado em aproximadamente R$ 50 mil, que havia sido furtado e depois abandonado pelo autor do crime. A descoberta do ve\u00edculo foi essencial para identificar e prender o suspeito. O homem foi encaminhado \u00e0 Santa Casa de Alfenas para realizar o exame de corpo de delito. Ap\u00f3s o registro do Auto de Pris\u00e3o em Flagrante, ele foi levado ao pres\u00eddio local, onde aguardar\u00e1 a decis\u00e3o da Justi\u00e7a. Segundo a Pol\u00edcia Civil, todos os materiais recuperados foram devolvidos \u00e0 v\u00edtima. O post Suspeito \u00e9 preso por furto de sacas de caf\u00e9 e trator de R$ 50 mil\u00a0 apareceu primeiro em Canal Rural.<\/p>\n","protected":false},"author":0,"featured_media":2570,"comment_status":"open","ping_status":"open","sticky":false,"template":"","format":"standard","meta":{"_monsterinsights_skip_tracking":false,"_monsterinsights_sitenote_active":false,"_monsterinsights_sitenote_note":"","_monsterinsights_sitenote_category":0,"footnotes":""},"categories":[1],"tags":[],"class_list":["post-2569","post","type-post","status-publish","format-standard","has-post-thumbnail","hentry","category-agronegocio"],"_links":{"self":[{"href":"https:\/\/senhorafrutta.com.br\/index.php\/wp-json\/wp\/v2\/posts\/2569","targetHints":{"allow":["GET"]}}],"collection":[{"href":"https:\/\/senhorafrutta.com.br\/index.php\/wp-json\/wp\/v2\/posts"}],"about":[{"href":"https:\/\/senhorafrutta.com.br\/index.php\/wp-json\/wp\/v2\/types\/post"}],"replies":[{"embeddable":true,"href":"https:\/\/senhorafrutta.com.br\/index.php\/wp-json\/wp\/v2\/comments?post=2569"}],"version-history":[{"count":0,"href":"https:\/\/senhorafrutta.com.br\/index.php\/wp-json\/wp\/v2\/posts\/2569\/revisions"}],"wp:featuredmedia":[{"embeddable":true,"href":"https:\/\/senhorafrutta.com.br\/index.php\/wp-json\/wp\/v2\/media\/2570"}],"wp:attachment":[{"href":"https:\/\/senhorafrutta.com.br\/index.php\/wp-json\/wp\/v2\/media?parent=2569"}],"wp:term":[{"taxonomy":"category","embeddable":true,"href":"https:\/\/senhorafrutta.com.br\/index.php\/wp-json\/wp\/v2\/categories?post=2569"},{"taxonomy":"post_tag","embeddable":true,"href":"https:\/\/senhorafrutta.com.br\/index.php\/wp-json\/wp\/v2\/tags?post=2569"}],"curies":[{"name":"wp","href":"https:\/\/api.w.org\/{rel}","templated":true}]}}