{"id":2543,"date":"2024-09-25T19:50:45","date_gmt":"2024-09-25T19:50:45","guid":{"rendered":"https:\/\/senhorafrutta.com.br\/index.php\/2024\/09\/25\/inmet-emite-alerta-de-onda-severa-de-calor-para-10-estados\/"},"modified":"2024-09-25T19:50:45","modified_gmt":"2024-09-25T19:50:45","slug":"inmet-emite-alerta-de-onda-severa-de-calor-para-10-estados","status":"publish","type":"post","link":"https:\/\/senhorafrutta.com.br\/index.php\/2024\/09\/25\/inmet-emite-alerta-de-onda-severa-de-calor-para-10-estados\/","title":{"rendered":"Inmet emite alerta de onda severa de calor para 10 estados"},"content":{"rendered":"<div>Foto: Pixabay<\/div>\n<p>O Instituto Nacional de Meteorologia <strong><a href=\"https:\/\/portal.inmet.gov.br\/\">(Inmet)<\/a><\/strong> emitiu alerta laranja de perigo para onda de calor para dez estados e o Distrito Federal. Nesses locais, a temperatura registrada est\u00e1 5\u00b0C acima da m\u00e9dia.<\/p>\n<p><em>Confira na palma da m\u00e3o informa\u00e7\u00f5es quentes sobre agricultura, pecu\u00e1ria, economia e previs\u00e3o do tempo:<\/em><a href=\"https:\/\/www.whatsapp.com\/channel\/0029Va9VnZxGk1FplZjiW43k\"><em>\u00a0<\/em><strong>siga o Canal Rural no WhatsApp<\/strong><\/a>!<\/p>\n<p>Assim, ser\u00e3o afetados pelo forte calor, al\u00e9m do Distrito Federal, as seguintes unidades da federa\u00e7\u00e3o:<\/p>\n<p>Rond\u00f4nia<\/p>\n<p>Mato Grosso <\/p>\n<p>Mato Grosso do Sul <\/p>\n<p>Goi\u00e1s <\/p>\n<p>Minas Gerais<\/p>\n<p>Rio de Janeiro <\/p>\n<p>S\u00e3o Paulo<\/p>\n<p>Paran\u00e1<\/p>\n<p>Santa Catarina<\/p>\n<p>Norte do Rio Grande do Sul<\/p>\n<h2 class=\"wp-block-heading\">Calor e baixa umidade<\/h2>\n<p>O Inmet tamb\u00e9m divulgou alerta laranja para baixa umidade. Est\u00e3o inclu\u00eddas no alerta as regi\u00f5es Centro-Oeste, parte dos estados do Nordeste (com exce\u00e7\u00e3o de Alagoas e Sergipe), nos munic\u00edpios mais afastados do litoral, al\u00e9m de Minas Gerais, S\u00e3o Paulo e <strong><a href=\"https:\/\/www.canalrural.com.br\/nacional\/parana\/\">Paran\u00e1<\/a><\/strong>.<\/p>\n<p>Nesses locais, a umidade relativa do ar deve variar de 20% e 12%. H\u00e1 risco de inc\u00eandios florestais e \u00e0 sa\u00fade da popula\u00e7\u00e3o, com ressecamento da pele, desconforto nos olhos, boca e nariz. <\/p>\n<p>De acordo com a Organiza\u00e7\u00e3o Mundial de Sa\u00fade (OMS), o limite ideal da umidade relativa do ar \u00e9 em torno de 60%.<\/p>\n<p>O Instituto orienta a popula\u00e7\u00e3o a beber mais l\u00edquido e evitar tanto atividades f\u00edsicas quanto a exposi\u00e7\u00e3o ao sol nas horas mais quentes do dia. Tamb\u00e9m \u00e9 importante que as pessoas intensifiquem o uso de hidratante de pele e umidifiquem os ambientes.<\/p>\n<p>O post <a href=\"https:\/\/www.canalrural.com.br\/tempo\/inmet-emite-alerta-de-onda-severa-de-calor-para-10-estados\/\">Inmet emite alerta de onda severa de calor para 10 estados<\/a> apareceu primeiro em <a href=\"https:\/\/www.canalrural.com.br\/\">Canal Rural<\/a>.<\/p>","protected":false},"excerpt":{"rendered":"<p>Foto: Pixabay O Instituto Nacional de Meteorologia (Inmet) emitiu alerta laranja de perigo para onda de calor para dez estados e o Distrito Federal. Nesses locais, a temperatura registrada est\u00e1 5\u00b0C acima da m\u00e9dia. Confira na palma da m\u00e3o informa\u00e7\u00f5es quentes sobre agricultura, pecu\u00e1ria, economia e previs\u00e3o do tempo:\u00a0siga o Canal Rural no WhatsApp! Assim, ser\u00e3o afetados pelo forte calor, al\u00e9m do Distrito Federal, as seguintes unidades da federa\u00e7\u00e3o: Rond\u00f4nia Mato Grosso Mato Grosso do Sul Goi\u00e1s Minas Gerais Rio de Janeiro S\u00e3o Paulo Paran\u00e1 Santa Catarina Norte do Rio Grande do Sul Calor e baixa umidade O Inmet tamb\u00e9m divulgou alerta laranja para baixa umidade. Est\u00e3o inclu\u00eddas no alerta as regi\u00f5es Centro-Oeste, parte dos estados do Nordeste (com exce\u00e7\u00e3o de Alagoas e Sergipe), nos munic\u00edpios mais afastados do litoral, al\u00e9m de Minas Gerais, S\u00e3o Paulo e Paran\u00e1. Nesses locais, a umidade relativa do ar deve variar de 20% e 12%. H\u00e1 risco de inc\u00eandios florestais e \u00e0 sa\u00fade da popula\u00e7\u00e3o, com ressecamento da pele, desconforto nos olhos, boca e nariz. De acordo com a Organiza\u00e7\u00e3o Mundial de Sa\u00fade (OMS), o limite ideal da umidade relativa do ar \u00e9 em torno de 60%. O Instituto orienta a popula\u00e7\u00e3o a beber mais l\u00edquido e evitar tanto atividades f\u00edsicas quanto a exposi\u00e7\u00e3o ao sol nas horas mais quentes do dia. Tamb\u00e9m \u00e9 importante que as pessoas intensifiquem o uso de hidratante de pele e umidifiquem os ambientes. O post Inmet emite alerta de onda severa de calor para 10 estados apareceu primeiro em Canal Rural.<\/p>\n","protected":false},"author":0,"featured_media":2544,"comment_status":"open","ping_status":"open","sticky":false,"template":"","format":"standard","meta":{"_monsterinsights_skip_tracking":false,"_monsterinsights_sitenote_active":false,"_monsterinsights_sitenote_note":"","_monsterinsights_sitenote_category":0,"footnotes":""},"categories":[1],"tags":[],"class_list":["post-2543","post","type-post","status-publish","format-standard","has-post-thumbnail","hentry","category-agronegocio"],"_links":{"self":[{"href":"https:\/\/senhorafrutta.com.br\/index.php\/wp-json\/wp\/v2\/posts\/2543","targetHints":{"allow":["GET"]}}],"collection":[{"href":"https:\/\/senhorafrutta.com.br\/index.php\/wp-json\/wp\/v2\/posts"}],"about":[{"href":"https:\/\/senhorafrutta.com.br\/index.php\/wp-json\/wp\/v2\/types\/post"}],"replies":[{"embeddable":true,"href":"https:\/\/senhorafrutta.com.br\/index.php\/wp-json\/wp\/v2\/comments?post=2543"}],"version-history":[{"count":0,"href":"https:\/\/senhorafrutta.com.br\/index.php\/wp-json\/wp\/v2\/posts\/2543\/revisions"}],"wp:featuredmedia":[{"embeddable":true,"href":"https:\/\/senhorafrutta.com.br\/index.php\/wp-json\/wp\/v2\/media\/2544"}],"wp:attachment":[{"href":"https:\/\/senhorafrutta.com.br\/index.php\/wp-json\/wp\/v2\/media?parent=2543"}],"wp:term":[{"taxonomy":"category","embeddable":true,"href":"https:\/\/senhorafrutta.com.br\/index.php\/wp-json\/wp\/v2\/categories?post=2543"},{"taxonomy":"post_tag","embeddable":true,"href":"https:\/\/senhorafrutta.com.br\/index.php\/wp-json\/wp\/v2\/tags?post=2543"}],"curies":[{"name":"wp","href":"https:\/\/api.w.org\/{rel}","templated":true}]}}