{"id":2541,"date":"2024-09-25T20:21:14","date_gmt":"2024-09-25T20:21:14","guid":{"rendered":"https:\/\/senhorafrutta.com.br\/index.php\/2024\/09\/25\/nova-frente-fria-deve-trazer-alivio-ao-calorao-veja-quando-e-onde\/"},"modified":"2024-09-25T20:21:14","modified_gmt":"2024-09-25T20:21:14","slug":"nova-frente-fria-deve-trazer-alivio-ao-calorao-veja-quando-e-onde","status":"publish","type":"post","link":"https:\/\/senhorafrutta.com.br\/index.php\/2024\/09\/25\/nova-frente-fria-deve-trazer-alivio-ao-calorao-veja-quando-e-onde\/","title":{"rendered":"Nova frente fria deve trazer al\u00edvio ao calor\u00e3o; veja quando e onde"},"content":{"rendered":"<div>Foto: Pixabay<\/div>\n<p>O ciclo de dias quentes, com <strong><a href=\"https:\/\/www.canalrural.com.br\/tempo\/inmet-emite-alerta-de-onda-severa-de-calor-para-10-estados\/\">ondas de calor intensas<\/a><\/strong> que algumas regi\u00f5es t\u00eam enfrentado, ter\u00e1 uma pausa, ainda que breve. Isso porque, nesta quinta-feira (26), uma nova frente fria avan\u00e7ar\u00e1 sobre o Brasil. <\/p>\n<p>O sistema deve atingir o Mato Grosso, trazendo instabilidades significativas para grande parte do pa\u00eds, especialmente nas regi\u00f5es Centro-Oeste e Sul. <\/p>\n<p>De acordo com a <strong><a href=\"https:\/\/www.climatempo.com.br\/\">Climatempo<\/a><\/strong>, a chegada dessa frente fria trar\u00e1 mudan\u00e7as bruscas no clima e intensas condi\u00e7\u00f5es meteorol\u00f3gicas.<\/p>\n<h2 class=\"wp-block-heading\">Encontro de massas gera frente fria<\/h2>\n<p>A maior preocupa\u00e7\u00e3o com a frente fria est\u00e1 no forte contraste entre a massa de ar fria e a massa de ar quente que domina a regi\u00e3o central do Brasil. <\/p>\n<p>Assim, o ar quente, mais leve, quando encontra o frio, que \u00e9 mais denso, \u00e9 empurrado rapidamente para cima, gerando intensas instabilidades atmosf\u00e9ricas. Esse processo resulta na forma\u00e7\u00e3o de nuvens carregadas e tempestades severas, com possibilidade de ventos fortes, granizo e raios. <\/p>\n<p>Esse fen\u00f4meno \u00e9 conhecido como frente fria e a diferen\u00e7a de temperatura e press\u00e3o entre as massas de ar amplifica o risco de eventos meteorol\u00f3gicos extremos.<\/p>\n<h2 class=\"wp-block-heading\">Alerta para temporais <\/h2>\n<p>O alerta para tempestades intensas se estende do sul de Mato Grosso do Sul at\u00e9 o norte do Rio Grande do Sul. Em territ\u00f3rio ga\u00facho, h\u00e1 o risco de temporais com volumes elevados de chuva e potencial para granizo nas \u00e1reas centrais. <\/p>\n<p>Em outras regi\u00f5es, como o oeste de Mato Grosso e o centro do Paran\u00e1, a previs\u00e3o \u00e9 de chuvas moderadas a fortes ao longo do dia.<\/p>\n<h2 class=\"wp-block-heading\">Ventos intensos<\/h2>\n<p>Al\u00e9m da chuva, os ventos seguir\u00e3o fortes devido \u00e0s diferen\u00e7as de temperatura e press\u00e3o geradas pela frente fria. Quando a press\u00e3o atmosf\u00e9rica varia abruptamente entre duas \u00e1reas, os ventos se intensificam. <\/p>\n<p>Para esta quinta-feira, as rajadas de vento devem variar entre <strong>50 e 70 km\/h<\/strong> no sul de Mato Grosso e em boa parte da regi\u00e3o Sul, o que aumenta os riscos de danos causados pelos temporais.<\/p>\n<h2 class=\"wp-block-heading\">O calor vai terminar?<\/h2>\n<p>Embora a frente fria traga um al\u00edvio tempor\u00e1rio para o calor, a onda de calor que afeta amplas \u00e1reas do Brasil n\u00e3o se restringe a uma \u00fanica regi\u00e3o. <\/p>\n<p>O enfraquecimento das altas temperaturas ser\u00e1 mais evidente nos estados da faixa centro-sul do pa\u00eds ao longo do final de semana, mas os modelos meteorol\u00f3gicos indicam que o calor pode retornar na pr\u00f3xima semana, afetando novamente diversas regi\u00f5es.<\/p>\n<p>O post <a href=\"https:\/\/www.canalrural.com.br\/tempo\/nova-frente-fria-deve-trazer-alivio-ao-calorao-veja-quando-e-onde\/\">Nova frente fria deve trazer al\u00edvio ao calor\u00e3o; veja quando e onde<\/a> apareceu primeiro em <a href=\"https:\/\/www.canalrural.com.br\/\">Canal Rural<\/a>.<\/p>","protected":false},"excerpt":{"rendered":"<p>Foto: Pixabay O ciclo de dias quentes, com ondas de calor intensas que algumas regi\u00f5es t\u00eam enfrentado, ter\u00e1 uma pausa, ainda que breve. Isso porque, nesta quinta-feira (26), uma nova frente fria avan\u00e7ar\u00e1 sobre o Brasil. O sistema deve atingir o Mato Grosso, trazendo instabilidades significativas para grande parte do pa\u00eds, especialmente nas regi\u00f5es Centro-Oeste e Sul. De acordo com a Climatempo, a chegada dessa frente fria trar\u00e1 mudan\u00e7as bruscas no clima e intensas condi\u00e7\u00f5es meteorol\u00f3gicas. Encontro de massas gera frente fria A maior preocupa\u00e7\u00e3o com a frente fria est\u00e1 no forte contraste entre a massa de ar fria e a massa de ar quente que domina a regi\u00e3o central do Brasil. Assim, o ar quente, mais leve, quando encontra o frio, que \u00e9 mais denso, \u00e9 empurrado rapidamente para cima, gerando intensas instabilidades atmosf\u00e9ricas. Esse processo resulta na forma\u00e7\u00e3o de nuvens carregadas e tempestades severas, com possibilidade de ventos fortes, granizo e raios. Esse fen\u00f4meno \u00e9 conhecido como frente fria e a diferen\u00e7a de temperatura e press\u00e3o entre as massas de ar amplifica o risco de eventos meteorol\u00f3gicos extremos. Alerta para temporais O alerta para tempestades intensas se estende do sul de Mato Grosso do Sul at\u00e9 o norte do Rio Grande do Sul. Em territ\u00f3rio ga\u00facho, h\u00e1 o risco de temporais com volumes elevados de chuva e potencial para granizo nas \u00e1reas centrais. Em outras regi\u00f5es, como o oeste de Mato Grosso e o centro do Paran\u00e1, a previs\u00e3o \u00e9 de chuvas moderadas a fortes ao longo do dia. Ventos intensos Al\u00e9m da chuva, os ventos seguir\u00e3o fortes devido \u00e0s diferen\u00e7as de temperatura e press\u00e3o geradas pela frente fria. Quando a press\u00e3o atmosf\u00e9rica varia abruptamente entre duas \u00e1reas, os ventos se intensificam. Para esta quinta-feira, as rajadas de vento devem variar entre 50 e 70 km\/h no sul de Mato Grosso e em boa parte da regi\u00e3o Sul, o que aumenta os riscos de danos causados pelos temporais. O calor vai terminar? Embora a frente fria traga um al\u00edvio tempor\u00e1rio para o calor, a onda de calor que afeta amplas \u00e1reas do Brasil n\u00e3o se restringe a uma \u00fanica regi\u00e3o. O enfraquecimento das altas temperaturas ser\u00e1 mais evidente nos estados da faixa centro-sul do pa\u00eds ao longo do final de semana, mas os modelos meteorol\u00f3gicos indicam que o calor pode retornar na pr\u00f3xima semana, afetando novamente diversas regi\u00f5es. O post Nova frente fria deve trazer al\u00edvio ao calor\u00e3o; veja quando e onde apareceu primeiro em Canal Rural.<\/p>\n","protected":false},"author":0,"featured_media":2542,"comment_status":"open","ping_status":"open","sticky":false,"template":"","format":"standard","meta":{"_monsterinsights_skip_tracking":false,"_monsterinsights_sitenote_active":false,"_monsterinsights_sitenote_note":"","_monsterinsights_sitenote_category":0,"footnotes":""},"categories":[1],"tags":[],"class_list":["post-2541","post","type-post","status-publish","format-standard","has-post-thumbnail","hentry","category-agronegocio"],"_links":{"self":[{"href":"https:\/\/senhorafrutta.com.br\/index.php\/wp-json\/wp\/v2\/posts\/2541","targetHints":{"allow":["GET"]}}],"collection":[{"href":"https:\/\/senhorafrutta.com.br\/index.php\/wp-json\/wp\/v2\/posts"}],"about":[{"href":"https:\/\/senhorafrutta.com.br\/index.php\/wp-json\/wp\/v2\/types\/post"}],"replies":[{"embeddable":true,"href":"https:\/\/senhorafrutta.com.br\/index.php\/wp-json\/wp\/v2\/comments?post=2541"}],"version-history":[{"count":0,"href":"https:\/\/senhorafrutta.com.br\/index.php\/wp-json\/wp\/v2\/posts\/2541\/revisions"}],"wp:featuredmedia":[{"embeddable":true,"href":"https:\/\/senhorafrutta.com.br\/index.php\/wp-json\/wp\/v2\/media\/2542"}],"wp:attachment":[{"href":"https:\/\/senhorafrutta.com.br\/index.php\/wp-json\/wp\/v2\/media?parent=2541"}],"wp:term":[{"taxonomy":"category","embeddable":true,"href":"https:\/\/senhorafrutta.com.br\/index.php\/wp-json\/wp\/v2\/categories?post=2541"},{"taxonomy":"post_tag","embeddable":true,"href":"https:\/\/senhorafrutta.com.br\/index.php\/wp-json\/wp\/v2\/tags?post=2541"}],"curies":[{"name":"wp","href":"https:\/\/api.w.org\/{rel}","templated":true}]}}